{"id":641360,"date":"2026-01-04T23:43:27","date_gmt":"2026-01-04T23:43:27","guid":{"rendered":"https:\/\/www.europesays.com\/fr\/641360\/"},"modified":"2026-01-04T23:43:27","modified_gmt":"2026-01-04T23:43:27","slug":"kevin-trapp-paris-est-une-ville-qui-est-restee-dans-mon-coeur-jy-ai-rencontre-ma-fiancee-izabel-goulart","status":"publish","type":"post","link":"https:\/\/www.europesays.com\/fr\/641360\/","title":{"rendered":"Kevin Trapp : \u00ab Paris est une ville qui est rest\u00e9e dans mon c\u0153ur. J&rsquo;y ai rencontr\u00e9 ma fianc\u00e9e Izabel Goulart \u00bb"},"content":{"rendered":"<p class=\"mb-4 text-lg md:leading-8 break-words\"><strong>Paris Match : Quand avez-vous entendu parler, pour la premi\u00e8re fois, du Paris FC ?<\/strong><\/p>\n<p class=\"mb-4 text-lg md:leading-8 break-words\"><strong>Kevin Trapp : <\/strong>J&rsquo;ai eu vent de ce projet quand le club a \u00e9t\u00e9 repris par la famille Arnault fin 2024. C&rsquo;est une nouvelle qui a fait beaucoup de bruit dans le monde entier. Il se trouve qu&rsquo;\u00e0 la fin de la saison derni\u00e8re, j&rsquo;\u00e9tais en fin de cycle avec mon club de Francfort en passe de se qualifier, une nouvelle fois, pour la Ligue des Champions. Objectif r\u00e9alis\u00e9 et donc le bon moment pour ouvrir un nouveau chapitre personnel, \u00e0 35 ans.<\/p>\n<p class=\"mb-4 text-lg md:leading-8 break-words\"><strong>Qu&rsquo;est-ce qui a motiv\u00e9 votre choix de venir dans ce club ?<\/strong><\/p>\n<p class=\"mb-4 text-lg md:leading-8 break-words\">Il y a un projet, une vision m\u00eame si, comme pour tout promu, l&rsquo;objectif de la premi\u00e8re ann\u00e9e dans l&rsquo;\u00e9lite est avant tout de se maintenir. Je trouvais excitant de rejoindre un club en devenir, qui a de l&rsquo;ambition et s&rsquo;inscrit sur le temps long. J&rsquo;ai sign\u00e9 pour trois ans. Je veux aider au maximum le club \u00e0 grandir et conna\u00eetre le succ\u00e8s. Apr\u00e8s, dans ce championnat, la Ligue 1, rien n&rsquo;est facile. On le voit dans les r\u00e9sultats, chaque week-end. Tout le monde peut battre n&rsquo;importe qui.<\/p>\n<p class=\"mb-4 text-lg md:leading-8 break-words\">\u00c0 lire aussi <a href=\"https:\/\/www.parismatch.com\/actu\/sport\/je-nai-pas-honte-a-mincruster-entre-le-psg-et-le-pfc-pour-qui-penche-thomas-ngijol-262365\" rel=\"nofollow noopener\" target=\"_blank\" data-ylk=\"slk:\u00ab Je n&#039;ai pas honte de m&#039;incruster \u00bb : Entre le PSG et le PFC, pour qui penche Thomas Ngijol ?;elm:context_link;itc:0;sec:content-canvas\" class=\"link \">\u00ab Je n&rsquo;ai pas honte de m&rsquo;incruster \u00bb : Entre le PSG et le PFC, pour qui penche Thomas Ngijol ? <\/a><\/p>\n<p class=\"mb-4 text-lg md:leading-8 break-words\"><strong>Que pouvez-vous apporter au Paris FC dans les trois ans \u00e0 venir ?<\/strong><\/p>\n<p class=\"mb-4 text-lg md:leading-8 break-words\">Attention ! Je ne me suis pas donn\u00e9 de limite d&rsquo;\u00e2ge. Les gardiens ont une long\u00e9vit\u00e9 plus importante que les joueurs de champ. Tout va d\u00e9pendre du corps et de l&rsquo;\u00e9tat d&rsquo;esprit. Si l&rsquo;envie est l\u00e0, je ne me fixe pas de limite.<\/p>\n<p class=\"mb-4 text-lg md:leading-8 break-words\"><strong>Pour vous, ancien joueur du Paris S&#8230;<\/strong><\/p>\n<p class=\"mb-4 text-lg md:leading-8 break-words\"><a href=\"https:\/\/www.parismatch.com\/actu\/sport\/kevin-trapp-paris-est-une-ville-qui-est-restee-dans-mon-coeur-jy-ai-rencontre-ma-fiancee-262422?at_medium=affiliate&amp;at_campaign=Yahoo\" rel=\"nofollow noopener\" target=\"_blank\" data-ylk=\"slk:Lire la suite sur ParisMatch;elm:context_link;itc:0;sec:content-canvas\" class=\"link \">Lire la suite sur ParisMatch<\/a><\/p>\n","protected":false},"excerpt":{"rendered":"Paris Match : Quand avez-vous entendu parler, pour la premi\u00e8re fois, du Paris FC ? Kevin Trapp :&hellip;\n","protected":false},"author":2,"featured_media":641361,"comment_status":"","ping_status":"","sticky":false,"template":"","format":"standard","meta":{"footnotes":""},"categories":[1888],"tags":[1111,1928,11,1927,1777,674,1011,27,45591,12,1926,626,445,1925,93,25],"class_list":{"0":"post-641360","1":"post","2":"type-post","3":"status-publish","4":"format-standard","5":"has-post-thumbnail","7":"category-paris","8":"tag-actu","9":"tag-actu-paris","10":"tag-actualites","11":"tag-actualites-paris","12":"tag-eu","13":"tag-europe","14":"tag-fr","15":"tag-france","16":"tag-kevin-trapp","17":"tag-news","18":"tag-news-paris","19":"tag-paris","20":"tag-paris-fc","21":"tag-paris-news","22":"tag-psg","23":"tag-republique-francaise"},"share_on_mastodon":{"url":"https:\/\/pubeurope.com\/@fr\/115839487369637742","error":""},"_links":{"self":[{"href":"https:\/\/www.europesays.com\/fr\/wp-json\/wp\/v2\/posts\/641360","targetHints":{"allow":["GET"]}}],"collection":[{"href":"https:\/\/www.europesays.com\/fr\/wp-json\/wp\/v2\/posts"}],"about":[{"href":"https:\/\/www.europesays.com\/fr\/wp-json\/wp\/v2\/types\/post"}],"author":[{"embeddable":true,"href":"https:\/\/www.europesays.com\/fr\/wp-json\/wp\/v2\/users\/2"}],"replies":[{"embeddable":true,"href":"https:\/\/www.europesays.com\/fr\/wp-json\/wp\/v2\/comments?post=641360"}],"version-history":[{"count":0,"href":"https:\/\/www.europesays.com\/fr\/wp-json\/wp\/v2\/posts\/641360\/revisions"}],"wp:featuredmedia":[{"embeddable":true,"href":"https:\/\/www.europesays.com\/fr\/wp-json\/wp\/v2\/media\/641361"}],"wp:attachment":[{"href":"https:\/\/www.europesays.com\/fr\/wp-json\/wp\/v2\/media?parent=641360"}],"wp:term":[{"taxonomy":"category","embeddable":true,"href":"https:\/\/www.europesays.com\/fr\/wp-json\/wp\/v2\/categories?post=641360"},{"taxonomy":"post_tag","embeddable":true,"href":"https:\/\/www.europesays.com\/fr\/wp-json\/wp\/v2\/tags?post=641360"}],"curies":[{"name":"wp","href":"https:\/\/api.w.org\/{rel}","templated":true}]}}