{"id":641367,"date":"2026-01-04T23:47:23","date_gmt":"2026-01-04T23:47:23","guid":{"rendered":"https:\/\/www.europesays.com\/fr\/641367\/"},"modified":"2026-01-04T23:47:23","modified_gmt":"2026-01-04T23:47:23","slug":"lukraine-et-ses-allies-europeens-discutent-a-kyiv-du-plan-de-paix-en-20-points-propose-par-les-etats-unis-2","status":"publish","type":"post","link":"https:\/\/www.europesays.com\/fr\/641367\/","title":{"rendered":"L&rsquo;Ukraine et ses alli\u00e9s europ\u00e9ens discutent \u00e0 Kyiv du plan de paix en 20 points propos\u00e9 par les \u00c9tats-Unis"},"content":{"rendered":"<p>\n         Publi\u00e9 le<br \/>\n            04\/01\/2026 &#8211; 16:11 UTC+1\n            <\/p>\n<p>L&rsquo;Ukraine et ses alli\u00e9s europ\u00e9ens poursuivent leurs discussions en vue de mettre un terme \u00e0 la guerre qui dure depuis pr\u00e8s de quatre ans. Les conseillers europ\u00e9ens en mati\u00e8re de s\u00e9curit\u00e9 nationale sont arriv\u00e9s \u00e0 Kyiv samedi pour discuter du plan de paix en 20 points \u00e9labor\u00e9 sous l&rsquo;\u00e9gide des \u00c9tats-Unis.<\/p>\n<p>Selon le n\u00e9gociateur en chef de l&rsquo;Ukraine, Roustem Oumierov, des repr\u00e9sentants du Canada et de l&rsquo;OTAN \u00e9taient \u00e9galement pr\u00e9sents, ainsi que des repr\u00e9sentants de pays et d&rsquo;organismes europ\u00e9ens.<\/p>\n<p>Dans un message publi\u00e9 sur les r\u00e9seaux sociaux, le pr\u00e9sident ukrainien Volodymyr Zelensky a d\u00e9clar\u00e9 que des progr\u00e8s avaient \u00e9t\u00e9 r\u00e9alis\u00e9s sur trois \u00e9l\u00e9ments cl\u00e9s : \u00ab\u00a0les garanties de s\u00e9curit\u00e9, la reconstruction et un cadre de base pour une v\u00e9ritable reconstruction\u00a0\u00bb.<\/p>\n<p>\u00ab\u00a0Nous nous pr\u00e9parons \u00e9galement \u00e0 des r\u00e9unions aux \u00c9tats-Unis\u00a0\u00bb, a-t-il ajout\u00e9.<\/p>\n<p>Plus t\u00f4t dans la journ\u00e9e, Oumierov avait \u00e9crit sur X : \u00ab\u00a0Une journ\u00e9e de travail intense nous attend : questions s\u00e9curitaires et \u00e9conomiques, travail sur les documents-cadres et coordination des \u00e9tapes ult\u00e9rieures avec les partenaires\u00a0\u00bb, en publiant des photos de lui accueillant des conseillers de l&rsquo;UE.<\/p>\n<p>Selon le n\u00e9gociateur ukrainien Oleksandr Bevz, les plans de garantie de s\u00e9curit\u00e9 avec les pays de l&rsquo;UE incluraient les <strong>forces ukrainiennes comme premi\u00e8re ligne de d\u00e9fense<\/strong>, des <strong>troupes dirig\u00e9es par l&rsquo;Europe d\u00e9ploy\u00e9es en Ukraine<\/strong> et des <strong>garanties de s\u00e9curit\u00e9 am\u00e9ricaines<\/strong>.<\/p>\n<p>Les partenaires internationaux se sont mis d&rsquo;accord sur un programme de soutien \u00e9conomique d&rsquo;environ 682 milliards d&rsquo;euros pour l&rsquo;Ukraine au cours des dix prochaines ann\u00e9es, a d\u00e9clar\u00e9 samedi le vice-premier ministre ukrainien, Taras Katchka.<\/p>\n<p>Cette somme, calcul\u00e9e par la Banque mondiale, le FMI et l&rsquo;Union europ\u00e9enne, est destin\u00e9e \u00e0 couvrir l&rsquo;indemnisation des dommages, la reconstruction, la stabilit\u00e9 \u00e9conomique et un \u00ab\u00a0coup de pouce\u00a0\u00bb \u00e0 la croissance de 170 milliards d&rsquo;euros li\u00e9 aux r\u00e9formes n\u00e9cessaires \u00e0 l&rsquo;adh\u00e9sion de l&rsquo;Ukraine \u00e0 l&rsquo;Union europ\u00e9enne.<\/p>\n<p>Le ministre ukrainien de l&rsquo;\u00e9conomie, Oleksii Sobolev, a d\u00e9clar\u00e9 qu&rsquo;une partie du financement devrait provenir de subventions publiques et de pr\u00eats concessionnels ; les d\u00e9tails seront finalis\u00e9s au cours des deux prochaines semaines.<\/p>\n<p>Samedi, Volodymyr Zelensky a \u00e9galement propos\u00e9 au ministre de la D\u00e9fense et ancien Premier ministre Denys Chmyhal le poste de ministre de l&rsquo;\u00c9nergie et de premier vice-premier ministre.<\/p>\n<p>Vendredi, Zelensky a nomm\u00e9 le g\u00e9n\u00e9ral Kyrylo Boudanov, le jeune chef du renseignement militaire ukrainien, au poste de chef de son administration pr\u00e9sidentielle apr\u00e8s la d\u00e9mission du puissant, mais controvers\u00e9 Andriy Yermak. Le pr\u00e9sident a d\u00e9clar\u00e9 que la nomination de Boudanov s&rsquo;inscrivait dans le cadre d&rsquo;un effort visant \u00e0 mettre davantage l&rsquo;accent sur la s\u00e9curit\u00e9, le d\u00e9veloppement de la d\u00e9fense et la diplomatie.<\/p>\n<p>Sources additionnelles<strong> \u2022 AP<\/strong><\/p>\n","protected":false},"excerpt":{"rendered":"Publi\u00e9 le 04\/01\/2026 &#8211; 16:11 UTC+1 L&rsquo;Ukraine et ses alli\u00e9s europ\u00e9ens poursuivent leurs discussions en vue de mettre&hellip;\n","protected":false},"author":2,"featured_media":641368,"comment_status":"","ping_status":"","sticky":false,"template":"","format":"standard","meta":{"footnotes":""},"categories":[1590],"tags":[11,1777,674,131,12,20354,33040,220],"class_list":{"0":"post-641367","1":"post","2":"type-post","3":"status-publish","4":"format-standard","5":"has-post-thumbnail","7":"category-ukraine","8":"tag-actualites","9":"tag-eu","10":"tag-europe","11":"tag-guerre-en-ukraine","12":"tag-news","13":"tag-pourparlers","14":"tag-processus-de-paix","15":"tag-ukraine"},"share_on_mastodon":{"url":"https:\/\/pubeurope.com\/@fr\/115839503129263577","error":""},"_links":{"self":[{"href":"https:\/\/www.europesays.com\/fr\/wp-json\/wp\/v2\/posts\/641367","targetHints":{"allow":["GET"]}}],"collection":[{"href":"https:\/\/www.europesays.com\/fr\/wp-json\/wp\/v2\/posts"}],"about":[{"href":"https:\/\/www.europesays.com\/fr\/wp-json\/wp\/v2\/types\/post"}],"author":[{"embeddable":true,"href":"https:\/\/www.europesays.com\/fr\/wp-json\/wp\/v2\/users\/2"}],"replies":[{"embeddable":true,"href":"https:\/\/www.europesays.com\/fr\/wp-json\/wp\/v2\/comments?post=641367"}],"version-history":[{"count":0,"href":"https:\/\/www.europesays.com\/fr\/wp-json\/wp\/v2\/posts\/641367\/revisions"}],"wp:featuredmedia":[{"embeddable":true,"href":"https:\/\/www.europesays.com\/fr\/wp-json\/wp\/v2\/media\/641368"}],"wp:attachment":[{"href":"https:\/\/www.europesays.com\/fr\/wp-json\/wp\/v2\/media?parent=641367"}],"wp:term":[{"taxonomy":"category","embeddable":true,"href":"https:\/\/www.europesays.com\/fr\/wp-json\/wp\/v2\/categories?post=641367"},{"taxonomy":"post_tag","embeddable":true,"href":"https:\/\/www.europesays.com\/fr\/wp-json\/wp\/v2\/tags?post=641367"}],"curies":[{"name":"wp","href":"https:\/\/api.w.org\/{rel}","templated":true}]}}