{"id":641369,"date":"2026-01-04T23:48:10","date_gmt":"2026-01-04T23:48:10","guid":{"rendered":"https:\/\/www.europesays.com\/fr\/641369\/"},"modified":"2026-01-04T23:48:10","modified_gmt":"2026-01-04T23:48:10","slug":"accord-de-washington-vous-pouvez-compter-sur-nous-pour-veiller-a-ce-que-ces-engagements-soient-respectesrassure-lucy-tamlyn-ambassadeur-des-usa-en-rdc-en-fin-mission-2","status":"publish","type":"post","link":"https:\/\/www.europesays.com\/fr\/641369\/","title":{"rendered":"Accord de Washington : \u00ab\u00a0Vous pouvez compter sur nous pour veiller \u00e0 ce que ces engagements soient respect\u00e9s\u00a0\u00bbrassure Lucy Tamlyn, Ambassadeur des USA en RDC, en fin mission"},"content":{"rendered":"<p>L\u2019Ambassadeur des \u00c9tats-Unis en R\u00e9publique d\u00e9mocratique du Congo, Madame Lucy Tamlyn, est arriv\u00e9e au terme de sa mission diplomatique. Dans ce cadre, elle a \u00e9t\u00e9 re\u00e7ue lundi 29 d\u00e9cembre dernier par la Premi\u00e8re ministre, Judith Suminwa Tuluka, lors d\u2019une visite survenue au lendemain de l\u2019audience qui lui avait \u00e9t\u00e9 accord\u00e9e par le Pr\u00e9sident de la R\u00e9publique, F\u00e9lix Antoine Tshisekedi. Ce dernier avait f\u00e9licit\u00e9 la diplomate am\u00e9ricaine pour un mandat \u00ab marqu\u00e9 par des efforts significatifs pour promouvoir le dialogue et la coop\u00e9ration entre les deux pays.\u00a0<\/p>\n<p>Pour sa part, renseigne la cellule de communication de la Primature, la cheffe du gouvernement a salu\u00e9 l\u2019engagement de la diplomate dans le renforcement des relations bilat\u00e9rales entre la RDC et les \u00c9tats-Unis. Judith Suminwa Tuluka a exprim\u00e9 sa reconnaissance \u00e0 Lucy Tamlyn pour sa contribution active \u00e0 la consolidation du partenariat strat\u00e9gique entre Washington et Kinshasa.<\/p>\n<p>De son c\u00f4t\u00e9, l\u2019Ambassadeur des \u00c9tats-Unis a insist\u00e9 sur la qualit\u00e9 de la coop\u00e9ration entre les deux pays.<\/p>\n<blockquote>\n<p>\u00ab\u00a0Il s\u2019agissait d\u2019une visite d\u2019au-revoir, marquant la fin de mon mandat, mais aussi d\u2019une visite de courtoisie. L\u2019ambassade des \u00c9tats-Unis a travaill\u00e9 en \u00e9troite collaboration avec la RDC. Nous avons renforc\u00e9 notre coop\u00e9ration dans plusieurs domaines, notamment la sant\u00e9, la protection de l\u2019environnement et la promotion de la paix. Nous avons \u00e9galement mis en place une structure destin\u00e9e \u00e0 poursuivre les discussions sur les engagements des \u00c9tats-Unis avec la RDC\u00a0\u00bb, a d\u00e9clar\u00e9 Lucy Tamlyn.<\/p>\n<\/blockquote>\n<p>Consciente des avanc\u00e9es enregistr\u00e9es, la diplomate a toutefois soulign\u00e9 qu\u2019il reste encore beaucoup \u00e0 faire. Elle a r\u00e9affirm\u00e9 l\u2019engagement des \u00c9tats-Unis \u00e0 veiller au respect des engagements pris entre Kinshasa et Kigali dans le cadre des accords de Washington.<\/p>\n<blockquote>\n<p>\u00ab\u00a0Je suis fi\u00e8re du travail accompli, tout en \u00e9tant consciente qu\u2019il reste encore beaucoup \u00e0 faire. Le travail commence maintenant. Les \u00c9tats-Unis ont mis en place un cadre pour poursuivre les discussions entre les deux parties. Des engagements r\u00e9ciproques existent entre la RDC et le Rwanda, et vous pouvez compter sur nous pour veiller \u00e0 ce que ces engagements soient respect\u00e9s. J\u2019ai ainsi remerci\u00e9 pour le partenariat solide et renouvel\u00e9 l\u2019assurance de la volont\u00e9 des \u00c9tats-Unis de renforcer davantage notre coop\u00e9ration et nos relations\u00a0\u00bb, a soulign\u00e9 la diplomate am\u00e9ricaine<\/p>\n<\/blockquote>\n<p>Il convient \u00e9galement de rappeler que la Premi\u00e8re Ministre avait effectu\u00e9, en octobre 2025, une mission officielle aux \u00c9tats-Unis, plus pr\u00e9cis\u00e9ment \u00e0 Washington. Cette mission, qui avait connu l\u2019appui de l\u2019ambassade am\u00e9ricaine, visait \u00e0 renforcer les partenariats \u00e9conomiques et \u00e0 positionner la RDC comme un moteur de stabilit\u00e9 r\u00e9gionale. Judith Suminwa y avait rencontr\u00e9 des investisseurs et diplomates, tout en participant \u00e0 un forum \u00e9conomique majeur, mettant en avant l\u2019am\u00e9lioration du climat des affaires et les opportunit\u00e9s d\u2019investissements responsables en R\u00e9publique d\u00e9mocratique du Congo.<\/p>\n<p>Gr\u00e2ce \u00e0 l\u2019implication du pr\u00e9sident am\u00e9ricain Donald Trump, le processus de Washington semble avoir connu une acc\u00e9l\u00e9ration sur le papier, avec l\u2019ent\u00e9rinement des accords par les deux chefs d\u2019\u00c9tat, F\u00e9lix Tshisekedi pour la RDC et Paul Kagame pour le Rwanda. Malgr\u00e9 cette avanc\u00e9e formelle, des tensions persistent entre Kinshasa et Kigali, avec des accusations mutuelles de non-respect des engagements pris dans le cadre de cette initiative pilot\u00e9e par l\u2019administration Trump.<\/p>\n<p><strong>Cl\u00e9ment MUAMBA<\/strong><\/p>\n","protected":false},"excerpt":{"rendered":"L\u2019Ambassadeur des \u00c9tats-Unis en R\u00e9publique d\u00e9mocratique du Congo, Madame Lucy Tamlyn, est arriv\u00e9e au terme de sa mission&hellip;\n","protected":false},"author":2,"featured_media":641160,"comment_status":"","ping_status":"","sticky":false,"template":"","format":"standard","meta":{"footnotes":""},"categories":[1589],"tags":[11,73,1866,12,1864,1865,1863,308],"class_list":{"0":"post-641369","1":"post","2":"type-post","3":"status-publish","4":"format-standard","5":"has-post-thumbnail","7":"category-etats-unis","8":"tag-actualites","9":"tag-etats-unis","10":"tag-etats-unis-damerique","11":"tag-news","12":"tag-united-states","13":"tag-united-states-of-america","14":"tag-us","15":"tag-usa"},"share_on_mastodon":{"url":"https:\/\/pubeurope.com\/@fr\/115839507013636620","error":""},"_links":{"self":[{"href":"https:\/\/www.europesays.com\/fr\/wp-json\/wp\/v2\/posts\/641369","targetHints":{"allow":["GET"]}}],"collection":[{"href":"https:\/\/www.europesays.com\/fr\/wp-json\/wp\/v2\/posts"}],"about":[{"href":"https:\/\/www.europesays.com\/fr\/wp-json\/wp\/v2\/types\/post"}],"author":[{"embeddable":true,"href":"https:\/\/www.europesays.com\/fr\/wp-json\/wp\/v2\/users\/2"}],"replies":[{"embeddable":true,"href":"https:\/\/www.europesays.com\/fr\/wp-json\/wp\/v2\/comments?post=641369"}],"version-history":[{"count":0,"href":"https:\/\/www.europesays.com\/fr\/wp-json\/wp\/v2\/posts\/641369\/revisions"}],"wp:featuredmedia":[{"embeddable":true,"href":"https:\/\/www.europesays.com\/fr\/wp-json\/wp\/v2\/media\/641160"}],"wp:attachment":[{"href":"https:\/\/www.europesays.com\/fr\/wp-json\/wp\/v2\/media?parent=641369"}],"wp:term":[{"taxonomy":"category","embeddable":true,"href":"https:\/\/www.europesays.com\/fr\/wp-json\/wp\/v2\/categories?post=641369"},{"taxonomy":"post_tag","embeddable":true,"href":"https:\/\/www.europesays.com\/fr\/wp-json\/wp\/v2\/tags?post=641369"}],"curies":[{"name":"wp","href":"https:\/\/api.w.org\/{rel}","templated":true}]}}