{"id":641372,"date":"2026-01-04T23:50:12","date_gmt":"2026-01-04T23:50:12","guid":{"rendered":"https:\/\/www.europesays.com\/fr\/641372\/"},"modified":"2026-01-04T23:50:12","modified_gmt":"2026-01-04T23:50:12","slug":"un-incendie-probablement-criminel-prive-des-dizaines-de-milliers-de-berlinois-delectricite-pour-plusieurs-jours","status":"publish","type":"post","link":"https:\/\/www.europesays.com\/fr\/641372\/","title":{"rendered":"Un incendie probablement criminel prive des dizaines de milliers de Berlinois d&rsquo;\u00e9lectricit\u00e9 pour plusieurs jours"},"content":{"rendered":"<p>\n    Environ 45.000 foyers sont touch\u00e9s, et les travaux pour r\u00e9tablir le courant vont durer jusqu\u2019\u00e0 jeudi, a pr\u00e9venu l\u2019op\u00e9rateur du r\u00e9seau. La police soup\u00e7onne un groupe d\u2019extr\u00eame gauche.<\/p>\n<p class=\"fig-paragraph\">Des dizaines de milliers de foyers\u00a0<a href=\"https:\/\/www.lefigaro.fr\/tag\/berlin\" target=\"_blank\" rel=\"sponsored noopener\" data-gtm-custom-categorie=\"navigation\" data-gtm-custom-action=\"crossclick\" data-gtm-custom-label=\"Contextuel\" data-gtm-event=\"customEventSPE\">berlinois<\/a>\u00a0resteront priv\u00e9s d&rsquo;\u00e9lectricit\u00e9 jusqu&rsquo;\u00e0 jeudi, les autorit\u00e9s s&rsquo;effor\u00e7ant de r\u00e9parer des c\u00e2bles \u00e9lectriques gravement endommag\u00e9s apr\u00e8s un incendie que la police soup\u00e7onne d&rsquo;\u00eatre d&rsquo;origine criminelle, ont indiqu\u00e9 des responsables ce samedi 3 janvier. Certains foyers pourraient \u00e9galement se retrouver sans chauffage, la panne ayant touch\u00e9 des r\u00e9seaux locaux, au moment m\u00eame o\u00f9 la capitale allemande est recouverte de neige et\u00a0<a href=\"http:\/\/www.lefigaro.fr\/meteo\/brouillards-givrants-et-vague-de-froid-decouvrez-la-meteo-du-premier-jour-de-la-nouvelle-annee-20251231\" data-fig-type=\"NewsFlash\" data-gtm-custom-categorie=\"navigation\" data-gtm-custom-action=\"crossclick\" data-gtm-custom-label=\"Contextuel\" data-gtm-event=\"customEventSPE\" data-fig-domain=\"LEFIGARO\" target=\"_blank\" rel=\"noopener\">o\u00f9 les temp\u00e9ratures sont tr\u00e8s basses<\/a>.<\/p>\n<p class=\"fig-paragraph\">Les services de secours ont \u00e9t\u00e9 alert\u00e9s t\u00f4t samedi matin de l&rsquo;incendie de plusieurs c\u00e2bles sur un pont, pr\u00e8s d&rsquo;une centrale \u00e9lectrique de la capitale allemande. Les pompiers ont rapidement \u00e9teint le feu, mais environ 45.000 m\u00e9nages et 2200 entreprises du sud-ouest de Berlin se sont retrouv\u00e9s sans courant, selon l&rsquo;op\u00e9rateur du r\u00e9seau Stromnetz Berlin. Les importants d\u00e9g\u00e2ts entra\u00eeneront des coupures de courant pour environ 35.000 foyers jusqu&rsquo;\u00e0 jeudi apr\u00e8s-midi, ont indiqu\u00e9 les autorit\u00e9s berlinoises dans un communiqu\u00e9. Le courant devrait \u00eatre r\u00e9tabli pour les autres foyers dimanche matin.<\/p>\n<p>                                            <a class=\"fig-a11y-skip\" href=\"#fig-a11y-skip-main-inarticle\" data-module=\"a11y-skip\" data-context=\"was @visible\"><br \/>\n    Passer la publicit\u00e9<br \/>\n<\/a>            <\/p>\n<p>                                            Une panne \u00abparticuli\u00e8rement grave\u00bb<\/p>\n<p class=\"fig-paragraph\">\u00abNous sommes confront\u00e9s \u00e0 une panne de courant particuli\u00e8rement grave qui touche des dizaines de milliers de foyers et d&rsquo;entreprises, notamment des \u00e9tablissements de soins, des h\u00f4pitaux, de nombreuses institutions sociales et des soci\u00e9t\u00e9s\u00bb, a d\u00e9clar\u00e9 Franziska Giffey, s\u00e9natrice berlinoise charg\u00e9e des affaires \u00e9conomiques. Le r\u00e9seau de chauffage urbain local, qui distribue la chaleur via un r\u00e9seau de canalisations, est touch\u00e9 car il est aliment\u00e9 \u00e0 l&rsquo;\u00e9lectricit\u00e9. L&rsquo;op\u00e9rateur Stromnetz Berlin a pr\u00e9venu que les r\u00e9parations \u00abprendront beaucoup de temps\u00bb, les m\u00e9dias rapportant de leur c\u00f4t\u00e9 que le froid ralentit la pose de nouveaux c\u00e2bles souterrains.<\/p>\n<p class=\"fig-paragraph\">La police a indiqu\u00e9, dans un post sur le r\u00e9seau social X, avoir d\u00e9ploy\u00e9 environ 160 agents sur site, dans le quartier de Lichterfelde, et \u00abenqu\u00eater sur des soup\u00e7ons d&rsquo;incendie criminel\u00bb. Elle a averti les habitants concern\u00e9s que les syst\u00e8mes de chauffage pourraient ne pas fonctionner en raison de la panne, les a exhort\u00e9s \u00e0 utiliser leurs t\u00e9l\u00e9phones portables avec parcimonie et \u00e0 s&rsquo;assurer qu&rsquo;ils disposent de lampes de poche. Les gares locales ont \u00e9galement \u00e9t\u00e9 touch\u00e9es, les panneaux d&rsquo;information \u00e9lectroniques et les distributeurs de billets \u00e9tant hors service alors que des trains continuent de circuler.<\/p>\n<p>                                            Un groupe d\u2019extr\u00eame gauche soup\u00e7onn\u00e9<\/p>\n<p class=\"fig-paragraph\">La police de Berlin a indiqu\u00e9 dimanche qu\u2019elle soup\u00e7onnait un groupe d\u2019extr\u00eame gauche d\u2019\u00eatre \u00e0 l\u2019origine d\u2019un incendie criminel samedi, qui prive encore d\u2019\u00e9lectricit\u00e9 des dizaines de milliers de foyers dans la capitale allemande. Un porte-parole de la police a pr\u00e9cis\u00e9 qu\u2019une revendication de cet acte publi\u00e9e en ligne par le groupe d\u2019extr\u00eame gauche \u00abVulkangruppe\u00bb (Groupe Volcan) \u00e9tait \u00abplausible\u00bb.<\/p>\n<p class=\"fig-paragraph\">Dans ce communiqu\u00e9, le Groupe Volcan affirme que la centrale du quartier de Lichterfelde a \u00e9t\u00e9 \u00absabot\u00e9e avec succ\u00e8s\u00bb, tout en pr\u00e9cisant que \u00abc\u2019est l\u2019\u00e9conomie des combustibles fossiles qui \u00e9tait vis\u00e9e par cette action, et non les coupures de courant\u00bb. Le Groupe Volcan a d\u00e9j\u00e0 revendiqu\u00e9 un acte de sabotage dans une usine Tesla pr\u00e8s de Berlin en mars 2024, o\u00f9 des lignes \u00e9lectriques alimentant le site avaient \u00e9t\u00e9 incendi\u00e9es.<\/p>\n<p class=\"fig-paragraph\">\u00abDes extr\u00e9mistes de gauche pr\u00e9sum\u00e9s ont sciemment mis des vies en danger, en particulier celles de patients hospitalis\u00e9s, ainsi que des personnes \u00e2g\u00e9es, des enfants et des familles\u00bb, a condamn\u00e9 sur X le maire de Berlin, Kai Wegner. Selon les autorit\u00e9s de la ville, la plupart des h\u00f4pitaux et cliniques touch\u00e9s par la panne avaient \u00e9t\u00e9 reconnect\u00e9s dimanche, mais les \u00e9coles concern\u00e9es devraient rester ferm\u00e9es pour l\u2019instant.<\/p>\n<p>                                            <a class=\"fig-a11y-skip\" href=\"#fig-a11y-skip-main-inarticle_mtf\" data-module=\"a11y-skip\" data-context=\"was @visible\"><br \/>\n    Passer la publicit\u00e9<br \/>\n<\/a>            <\/p>\n<p class=\"fig-paragraph\">Les autorit\u00e9s avaient \u00e9galement suspect\u00e9 un acte criminel lorsqu&rsquo;un incendie avait touch\u00e9 des pyl\u00f4nes \u00e9lectriques \u00e0 Berlin en septembre, provoquant une importante coupure. Un groupe se disant antimilitariste avait alors revendiqu\u00e9 en ligne la responsabilit\u00e9 de l&rsquo;incendie. L&rsquo;Allemagne est en \u00e9tat d&rsquo;alerte maximale face aux activit\u00e9s de sabotage visant ses infrastructures, y compris de la part d&rsquo;acteurs \u00e9trangers tels que la Russie.<\/p>\n","protected":false},"excerpt":{"rendered":"Environ 45.000 foyers sont touch\u00e9s, et les travaux pour r\u00e9tablir le courant vont durer jusqu\u2019\u00e0 jeudi, a pr\u00e9venu&hellip;\n","protected":false},"author":2,"featured_media":641373,"comment_status":"","ping_status":"","sticky":false,"template":"","format":"standard","meta":{"footnotes":""},"categories":[1587],"tags":[11,672,1804,1805,1803,893,1777,674,1801,12,1802],"class_list":{"0":"post-641372","1":"post","2":"type-post","3":"status-publish","4":"format-standard","5":"has-post-thumbnail","7":"category-allemagne","8":"tag-actualites","9":"tag-allemagne","10":"tag-bundesrepublik-deutschland","11":"tag-de","12":"tag-deutschland","13":"tag-energie","14":"tag-eu","15":"tag-europe","16":"tag-germany","17":"tag-news","18":"tag-republique-federale-dallemagne"},"share_on_mastodon":{"url":"https:\/\/pubeurope.com\/@fr\/115839514943203928","error":""},"_links":{"self":[{"href":"https:\/\/www.europesays.com\/fr\/wp-json\/wp\/v2\/posts\/641372","targetHints":{"allow":["GET"]}}],"collection":[{"href":"https:\/\/www.europesays.com\/fr\/wp-json\/wp\/v2\/posts"}],"about":[{"href":"https:\/\/www.europesays.com\/fr\/wp-json\/wp\/v2\/types\/post"}],"author":[{"embeddable":true,"href":"https:\/\/www.europesays.com\/fr\/wp-json\/wp\/v2\/users\/2"}],"replies":[{"embeddable":true,"href":"https:\/\/www.europesays.com\/fr\/wp-json\/wp\/v2\/comments?post=641372"}],"version-history":[{"count":0,"href":"https:\/\/www.europesays.com\/fr\/wp-json\/wp\/v2\/posts\/641372\/revisions"}],"wp:featuredmedia":[{"embeddable":true,"href":"https:\/\/www.europesays.com\/fr\/wp-json\/wp\/v2\/media\/641373"}],"wp:attachment":[{"href":"https:\/\/www.europesays.com\/fr\/wp-json\/wp\/v2\/media?parent=641372"}],"wp:term":[{"taxonomy":"category","embeddable":true,"href":"https:\/\/www.europesays.com\/fr\/wp-json\/wp\/v2\/categories?post=641372"},{"taxonomy":"post_tag","embeddable":true,"href":"https:\/\/www.europesays.com\/fr\/wp-json\/wp\/v2\/tags?post=641372"}],"curies":[{"name":"wp","href":"https:\/\/api.w.org\/{rel}","templated":true}]}}