{"id":641374,"date":"2026-01-04T23:51:19","date_gmt":"2026-01-04T23:51:19","guid":{"rendered":"https:\/\/www.europesays.com\/fr\/641374\/"},"modified":"2026-01-04T23:51:19","modified_gmt":"2026-01-04T23:51:19","slug":"survolte-comme-jamais-gims-en-concert-dans-la-plus-grande-salle-deurope","status":"publish","type":"post","link":"https:\/\/www.europesays.com\/fr\/641374\/","title":{"rendered":"Survolt\u00e9 comme jamais : Gims en concert dans la plus grande salle d&rsquo;Europe"},"content":{"rendered":"<p class=\"jsx-4058425199 jsx-2164199691 ExpandableText__Text\">Avec ses huit millions d&rsquo;albums vendus et ses dix milliards de streams, Gims est la star de tous les records. Le rappeur des d\u00e9buts s&rsquo;est mu\u00e9 en une ic\u00f4ne de la pop grand public. Pour ces vingt ans de carri\u00e8re, Gandhi Djuna s&rsquo;est lanc\u00e9 un d\u00e9fi de taille. Il a voulu offrir \u00e0 ses fans le plus grand show de ces dix derni\u00e8res ann\u00e9es. Pendant quatre jours \u00e0 guichet ferm\u00e9, le chanteur et plusieurs guests ont embras\u00e9 Paris La D\u00e9fense Arena, la plus grande salle d&rsquo;Europe.<\/p>\n<p>Lire plusReplier<\/p>\n","protected":false},"excerpt":{"rendered":"Avec ses huit millions d&rsquo;albums vendus et ses dix milliards de streams, Gims est la star de tous&hellip;\n","protected":false},"author":2,"featured_media":641375,"comment_status":"","ping_status":"","sticky":false,"template":"","format":"standard","meta":{"footnotes":""},"categories":[1586],"tags":[11,1777,674,1011,27,13444,2041,12,973,25,17978,133,2040],"class_list":{"0":"post-641374","1":"post","2":"type-post","3":"status-publish","4":"format-standard","5":"has-post-thumbnail","7":"category-europe","8":"tag-actualites","9":"tag-eu","10":"tag-europe","11":"tag-fr","12":"tag-france","13":"tag-gims","14":"tag-medias-et-divertissement","15":"tag-news","16":"tag-people","17":"tag-republique-francaise","18":"tag-sept-a-huit","19":"tag-video","20":"tag-video-culture"},"share_on_mastodon":{"url":"https:\/\/pubeurope.com\/@fr\/115839519125520275","error":""},"_links":{"self":[{"href":"https:\/\/www.europesays.com\/fr\/wp-json\/wp\/v2\/posts\/641374","targetHints":{"allow":["GET"]}}],"collection":[{"href":"https:\/\/www.europesays.com\/fr\/wp-json\/wp\/v2\/posts"}],"about":[{"href":"https:\/\/www.europesays.com\/fr\/wp-json\/wp\/v2\/types\/post"}],"author":[{"embeddable":true,"href":"https:\/\/www.europesays.com\/fr\/wp-json\/wp\/v2\/users\/2"}],"replies":[{"embeddable":true,"href":"https:\/\/www.europesays.com\/fr\/wp-json\/wp\/v2\/comments?post=641374"}],"version-history":[{"count":0,"href":"https:\/\/www.europesays.com\/fr\/wp-json\/wp\/v2\/posts\/641374\/revisions"}],"wp:featuredmedia":[{"embeddable":true,"href":"https:\/\/www.europesays.com\/fr\/wp-json\/wp\/v2\/media\/641375"}],"wp:attachment":[{"href":"https:\/\/www.europesays.com\/fr\/wp-json\/wp\/v2\/media?parent=641374"}],"wp:term":[{"taxonomy":"category","embeddable":true,"href":"https:\/\/www.europesays.com\/fr\/wp-json\/wp\/v2\/categories?post=641374"},{"taxonomy":"post_tag","embeddable":true,"href":"https:\/\/www.europesays.com\/fr\/wp-json\/wp\/v2\/tags?post=641374"}],"curies":[{"name":"wp","href":"https:\/\/api.w.org\/{rel}","templated":true}]}}