{"id":641376,"date":"2026-01-04T23:52:14","date_gmt":"2026-01-04T23:52:14","guid":{"rendered":"https:\/\/www.europesays.com\/fr\/641376\/"},"modified":"2026-01-04T23:52:14","modified_gmt":"2026-01-04T23:52:14","slug":"sebastien-lecornu-promet-de-repondre-au-sentiment-dinjustice-des-agriculteurs-avec-plus-de-fermete-face-a-lue","status":"publish","type":"post","link":"https:\/\/www.europesays.com\/fr\/641376\/","title":{"rendered":"S\u00e9bastien Lecornu promet de r\u00e9pondre au sentiment \u00ab\u00a0d&rsquo;injustice\u00a0\u00bb des agriculteurs, avec plus de fermet\u00e9 face \u00e0 l&rsquo;UE"},"content":{"rendered":"<ul class=\"jsx-862013697 ArticleChapo__List\">\n<li class=\"jsx-862013697 ArticleChapo__List_Item flex\">\u00c0 la veille d&rsquo;une rencontre \u00e0 Matignon avec des syndicats, le Premier ministre S\u00e9bastien Lecornu a fait plusieurs annonces \u00e0 destination du monde agricole dans une lettre ouverte.<\/li>\n<li class=\"jsx-862013697 ArticleChapo__List_Item flex\">Il promet notamment de combattre les accords commerciaux s&rsquo;ils sont \u00ab\u00a0d\u00e9s\u00e9quilibr\u00e9s\u00a0\u00bb, sur fond de protestation contre l&rsquo;accord UE-Mercosur.<\/li>\n<li class=\"jsx-862013697 ArticleChapo__List_Item flex\">Un arr\u00eat\u00e9 est pr\u00e9vu mardi pour suspendre l&rsquo;importation de produits d&rsquo;Am\u00e9rique du Sud contenant des r\u00e9sidus de cinq substances interdites.<\/li>\n<\/ul>\n<p><a href=\"https:\/\/www.tf1info.fr\/actualite\/dermatose-nodulaire-contagieuse-dnc-les-agriculteurs-mobilises-14458\/\" rel=\"noopener\" class=\"jsx-484472199 Link jsx-1428418400 jsx-1910851033\" target=\"_blank\"><\/p>\n<p style=\"font-weight:400\" class=\"jsx-1837267516\">Suivez la couverture compl\u00e8te<\/p>\n<p style=\"font-weight:800\" class=\"jsx-1837267516\">Dermatose nodulaire, Mercosur : les agriculteurs mobilis\u00e9s <\/p>\n<p><\/a><\/p>\n<p data-module=\"article-paragraph\" class=\"jsx-157965717 Paragraph Paragraph__End\">Une op\u00e9ration d\u00e9minage juste avant une rencontre cruciale. Le Premier ministre S\u00e9bastien Lecornu, qui re\u00e7oit les syndicats agricoles lundi et mardi, a mis en ligne dimanche une \u00ab\u00a0lettre ouverte\u00a0\u00bb aux agriculteurs assurant comprendre leur sentiment \u00ab\u00a0d&rsquo;injustice\u00a0\u00bb. Il a aussi promis \u00ab\u00a0une phase plus ferme\u00a0\u00bb vis-\u00e0-vis de l&rsquo;Union europ\u00e9enne, tandis que depuis plusieurs semaines d\u00e9j\u00e0, l&rsquo;ex\u00e9cutif fait face \u00e0 la col\u00e8re des \u00e9leveurs, en col\u00e8re contre la gestion de la crise <a href=\"https:\/\/www.tf1info.fr\/societe\/video-temoignage-beaucoup-de-frustration-les-75-vaches-de-ces-agricuteurs-de-chamblay-dans-le-jura-ont-ete-abattues-apres-un-cas-de-dermatose-nodulaire-2412759.html\" target=\"_blank\" rel=\"noopener\">de la dermatose nodulaire contagieuse (nouvelle fen\u00eatre)<\/a> et contre la signature du trait\u00e9 de libre-\u00e9change entre l&rsquo;UE et des pays du Mercosur, dont la signature <a href=\"https:\/\/www.tf1info.fr\/international\/mercosur-l-accord-commercial-repousse-en-janvier-2026-emmanuel-macron-prudent-2413738.html\" target=\"_blank\" rel=\"noopener\">a \u00e9t\u00e9 repouss\u00e9e (nouvelle fen\u00eatre)<\/a>.\u00a0<\/p>\n<blockquote data-testid=\"EmbedTwitter\" id=\"tweet-2007860672760291715-:R99cmj9v79m:\" class=\"jsx-aeff1a1c40f54d7a twitter-tweet flex justify-center items-center\"><p>Lettre ouverte aux agriculteurs de France. @AnnieGenevard @SergePapin_rf @jnbarrot @AdeMontchalin @benjaminhaddad @N_Forissier pic.twitter.com\/ft28jSygrD \u2014 S\u00e9bastien Lecornu (@SebLecornu)  January 4, 2026<\/p><\/blockquote>\n<p data-module=\"article-paragraph\" class=\"jsx-157965717 Paragraph Paragraph__End\">\u00ab\u00a0Depuis trop longtemps, un sentiment domine dans votre profession : celui d&rsquo;une injustice profonde, celui d&rsquo;une iniquit\u00e9 structurelle, celui d&rsquo;un empilement de r\u00e8gles venues de loin qui, parfois, ont perdu leur bon sens\u00a0\u00bb, \u00e9crit le Premier ministre dans cette lettre publi\u00e9e sur ses r\u00e9seaux sociaux et dans plusieurs titres de presse quotidienne.\u00a0<\/p>\n<p>Avocats, pommes, melons&#8230; Des productions \u00e9trang\u00e8res dans le viseur<\/p>\n<p data-module=\"article-paragraph\" class=\"jsx-157965717 Paragraph Paragraph__End\">Affirmant que les \u00ab\u00a0r\u00e8gles ont commenc\u00e9 \u00e0 \u00eatre simplifi\u00e9es\u00a0\u00bb, il assure vouloir entrer dans une \u00ab\u00a0phase plus ferme, plus offensive\u00a0\u00bb, notamment vis-\u00e0-vis de l&rsquo;Union europ\u00e9enne. Il affirme notamment que les accords commerciaux \u00ab\u00a0seront combattus \u00e0 chaque fois qu&rsquo;ils seront d\u00e9s\u00e9quilibr\u00e9s\u00a0\u00bb, ajoute-t-il, tandis que <a href=\"https:\/\/www.tf1info.fr\/international\/accord-ue-union-europeenne-mercosur-quels-sont-les-points-de-tension-entre-la-france-et-ses-partenaires-europeens-paris-bruxelles-2412862.html\" target=\"_blank\" rel=\"noopener\">le trait\u00e9 UE-Mercosur (nouvelle fen\u00eatre)<\/a> pourrait \u00eatre sign\u00e9 le 12 janvier. Le Premier ministre appelle ainsi \u00e0 \u00ab\u00a0mettre fin aux deux poids deux mesures\u00a0\u00bb, exhortant l&rsquo;Union \u00e0 \u00ab\u00a0amplifier rapidement\u00a0\u00bb ses contr\u00f4les aux fronti\u00e8res pour tous les produits qui \u00ab\u00a0ne respecteraient pas les <a href=\"https:\/\/www.tf1info.fr\/politique\/accord-mercosur-agriculteurs-si-l-ue-union-europeenne-passe-en-force-la-france-s-opposera-de-maniere-tres-ferme-promet-emmanuel-macron-2413357.html\" target=\"_blank\" rel=\"noopener\">normes sanitaires et phytosanitaires (nouvelle fen\u00eatre)<\/a>\u00a0\u00bb des Vingt-Sept.\u00a0<\/p>\n<p><a href=\"https:\/\/www.tf1info.fr\/politique\/mercosur-dans-sa-forme-actuelle-le-traite-n-est-pas-acceptable-previent-roland-lescure-avant-une-semaine-decisive-2412725.html\" rel=\"noopener\" class=\"jsx-3308031228 Link flex\" target=\"_blank\"><img decoding=\"async\" src=\"https:\/\/www.europesays.com\/fr\/wp-content\/uploads\/2026\/01\/roland-lescure-sebastien-lecornu-octobre-2025-f04925-0@1x.jpeg\" alt=\"NurPhoto via AFP\" loading=\"lazy\" importance=\"low\" fetchpriority=\"low\" class=\"\" aria-hidden=\"true\"\/><\/p>\n<p class=\"jsx-3657663356 ReadMoreArticle__Title\">Lire aussi<\/p>\n<p class=\"jsx-3657663356\">\u00ab\u00a0Dans sa forme actuelle, le trait\u00e9 n&rsquo;est pas acceptable\u00a0\u00bb : la France demande un report de la signature du Mercosur<\/p>\n<p><\/a><\/p>\n<p data-module=\"article-paragraph\" class=\"jsx-157965717 Paragraph Paragraph__End\">Aux c\u00f4t\u00e9s de la ministre de l&rsquo;Agriculture Annie Genevard, il a \u00e9galement indiqu\u00e9 ce dimanche qu&rsquo;il prendrait mardi un arr\u00eat\u00e9 pour suspendre l&rsquo;importation de fruits et l\u00e9gumes d&rsquo;Am\u00e9rique du Sud contenant des r\u00e9sidus de cinq fongicides et herbicides interdits en Europe. Avocats, mangues, goyaves, agrumes, raisins et pommes \u00ab\u00a0d&rsquo;Am\u00e9rique du Sud ou d&rsquo;ailleurs\u00a0\u00bb, mais aussi melons, cerises, fraises ou pommes de terre ne pourront plus entrer en France ni \u00eatre commercialis\u00e9s, ont-ils list\u00e9 sur X.\u00a0<\/p>\n<blockquote data-testid=\"EmbedTwitter\" id=\"tweet-2007768914357285360-:R9hcmj9v79m:\" class=\"jsx-aeff1a1c40f54d7a twitter-tweet flex justify-center items-center\"><p>\u26a0\ufe0f J&rsquo;ai pris la d\u00e9cision de suspendre l\u2019entr\u00e9e sur notre territoire des denr\u00e9es alimentaires contenant des r\u00e9sidus de plusieurs substances interdites en Europe. On ne peut pas accepter que des substances bannies chez nous r\u00e9apparaissent indirectement par le biais des\u2026  https:\/\/t.co\/aXYjyDbPK4 \u2014 Annie Genevard (@AnnieGenevard)  January 4, 2026<\/p><\/blockquote>\n<p data-module=\"article-paragraph\" class=\"jsx-157965717 Paragraph\">Actuellement, \u00ab\u00a0l&rsquo;UE interdit certaines substances pour nos producteurs\u00a0\u00bb, mais elle fixe pour les importations \u00ab\u00a0des limites maximales acceptables de r\u00e9sidus\u00a0\u00bb, que la France juge \u00ab\u00a0trop \u00e9lev\u00e9es\u00a0\u00bb, explique le minist\u00e8re de l&rsquo;Agriculture \u00e0 l&rsquo;AFP. \u00ab\u00a0Il n&rsquo;est plus acceptable que l&rsquo;on tol\u00e8re la pr\u00e9sence de substances interdites en France dans les produits import\u00e9s qui entrent sur notre march\u00e9\u00a0\u00bb, d\u00e9plore le Premier ministre, fustigeant \u00ab\u00a0une <a href=\"https:\/\/www.tf1info.fr\/politique\/l-assemblee-nationale-adopte-une-resolution-contre-l-accord-entre-l-union-europeenne-et-le-mercosur-2409269.html\" target=\"_blank\" rel=\"noopener\">concurrence d\u00e9loyale (nouvelle fen\u00eatre)<\/a>, une injustice \u00e9conomique et un probl\u00e8me pour la sant\u00e9 de nos consommateurs\u00a0\u00bb.<\/p>\n<p data-module=\"article-paragraph\" class=\"jsx-157965717 Paragraph Paragraph__End\">S\u00e9bastien Lecornu promet aussi des contr\u00f4les \u00ab\u00a0massivement renforc\u00e9s, aux fronti\u00e8res et sur le territoire\u00a0\u00bb. Cette mesure devra toutefois recevoir le feu vert de la Commission europ\u00e9enne, qu&rsquo;Annie Genevard esp\u00e8re obtenir mercredi \u00e0 Bruxelles.<\/p>\n<p>Les syndicats encore loin d&rsquo;\u00eatre convaincus<\/p>\n<p data-module=\"article-paragraph\" class=\"jsx-157965717 Paragraph Paragraph__End\">Le chef du gouvernement assure par ailleurs que \u00ab\u00a0le budget\u00a0\u00bb de la politique agricole commune (PAC), pilot\u00e9e par la Commission europ\u00e9enne, \u00ab\u00a0ne baissera pas, ni aujourd&rsquo;hui, ni demain\u00a0\u00bb, promettant qu'\u00a0\u00bbil n&rsquo;y aura donc pas un centime de moins pour le revenu agricole\u00a0\u00bb. Sur un autre th\u00e8me sensible pour les agriculteurs, <a href=\"https:\/\/www.tf1info.fr\/societe\/video-secheresse-des-bassines-geantes-pour-les-agriculteurs-2229006.html\" target=\"_blank\" rel=\"noopener\">l&rsquo;acc\u00e8s et la gestion de l&rsquo;eau (nouvelle fen\u00eatre)<\/a>, il a ajout\u00e9 avoir \u00ab\u00a0donn\u00e9 instruction aux pr\u00e9fets de recenser tous les projets locaux, \u00e0 taille humaine, aujourd&rsquo;hui bloqu\u00e9s ou ralentis\u00a0\u00bb.\u00a0<\/p>\n<p><a href=\"https:\/\/www.tf1info.fr\/societe\/l-etat-n-ecoute-rien-a-toulouse-une-manifestation-symbolique-de-l-intersyndicale-agricole-sur-la-dermatose-2416448.html\" rel=\"noopener\" class=\"jsx-3308031228 Link flex\" target=\"_blank\"><img decoding=\"async\" src=\"https:\/\/www.europesays.com\/fr\/wp-content\/uploads\/2026\/01\/les-agriculteurs-en-colere-en-occitanie-20012024-7c7b8a-3@1x.jpeg\" alt=\"Ed JONES \/ AFP\" loading=\"lazy\" importance=\"low\" fetchpriority=\"low\" class=\"\" aria-hidden=\"true\"\/><\/p>\n<p class=\"jsx-3657663356 ReadMoreArticle__Title\">Lire aussi<\/p>\n<p class=\"jsx-3657663356\">\u00ab\u00a0L&rsquo;\u00c9tat n&rsquo;\u00e9coute rien\u00a0\u00bb : \u00e0 Toulouse, une manifestation \u00ab\u00a0symbolique\u00a0\u00bb de l&rsquo;intersyndicale agricole sur la dermatose<\/p>\n<p><\/a><\/p>\n<p data-module=\"article-paragraph\" class=\"jsx-157965717 Paragraph\">Malgr\u00e9 ces d\u00e9clarations, l&rsquo;ex\u00e9cutif peine toujours \u00e0 convaincre le secteur. Pour le premier syndicat agricole, la FNSEA, aucune de ces annonces \u00ab\u00a0ne permet d&rsquo;apporter les r\u00e9ponses concr\u00e8tes aux probl\u00e9matiques de revenus des agriculteurs\u00a0\u00bb. L&rsquo;organisation, qui r\u00e9clame \u00ab\u00a0une loi d&rsquo;exception agricole\u00a0\u00bb notamment pour \u00ab\u00a0mettre fin aux contr\u00f4les absurdes\u00a0\u00bb, a appel\u00e9 ce dimanche soir \u00ab\u00a0\u00e0 une mobilisation nationale\u00a0\u00bb, sans attendre l&rsquo;issue de son entrevue \u00e0 Matignon mardi apr\u00e8s-midi, o\u00f9 ses repr\u00e9sentants exigeront \u00ab\u00a0des r\u00e9ponses imm\u00e9diates\u00a0\u00bb.<\/p>\n<p data-module=\"article-paragraph\" class=\"jsx-157965717 Paragraph Paragraph__End\">Le deuxi\u00e8me syndicat, la Coordination rurale (CR), a lui dit attendre l&rsquo;issue du rendez-vous avec S\u00e9bastien Lecornu, pr\u00e9vu lundi \u00e0 18 heures. Mais Jos\u00e9 P\u00e9rez, pr\u00e9sident de la CR47, fer de lance des manifestations les plus spectaculaires dans le Sud-Ouest, a d\u00e9j\u00e0 menac\u00e9 aupr\u00e8s de l&rsquo;AFP de \u00ab\u00a0monter \u00e0 Paris\u00a0\u00bb, \u00ab\u00a0si \u00e7a se passe mal\u00a0\u00bb.\u00a0<\/p>\n<p>M.L. avec AFP<\/p>\n<p><script async src=\"https:\/\/platform.twitter.com\/widgets.js\" charset=\"utf-8\"><\/script><\/p>\n","protected":false},"excerpt":{"rendered":"\u00c0 la veille d&rsquo;une rencontre \u00e0 Matignon avec des syndicats, le Premier ministre S\u00e9bastien Lecornu a fait plusieurs&hellip;\n","protected":false},"author":2,"featured_media":641377,"comment_status":"","ping_status":"","sticky":false,"template":"","format":"standard","meta":{"footnotes":""},"categories":[1586],"tags":[1111,11,327,40857,1921,70814,1777,674,1779,1011,27,1922,2088,72026,12,4144,25,11067,1778,364,133,5642,14843],"class_list":{"0":"post-641376","1":"post","2":"type-post","3":"status-publish","4":"format-standard","5":"has-post-thumbnail","7":"category-europe","8":"tag-actu","9":"tag-actualites","10":"tag-agriculture","11":"tag-annie-genevard","12":"tag-article-video","13":"tag-dermatose-nodulaire","14":"tag-eu","15":"tag-europe","16":"tag-european-union","17":"tag-fr","18":"tag-france","19":"tag-info","20":"tag-manifestation","21":"tag-mercosur-les-agriculteurs-mobilises","22":"tag-news","23":"tag-politique-du-gouvernement","24":"tag-republique-francaise","25":"tag-sebastien-lecornu","26":"tag-ue","27":"tag-union-europeenne","28":"tag-video","29":"tag-video-economie","30":"tag-vie-politique-francaise"},"share_on_mastodon":{"url":"https:\/\/pubeurope.com\/@fr\/115839522950802483","error":""},"_links":{"self":[{"href":"https:\/\/www.europesays.com\/fr\/wp-json\/wp\/v2\/posts\/641376","targetHints":{"allow":["GET"]}}],"collection":[{"href":"https:\/\/www.europesays.com\/fr\/wp-json\/wp\/v2\/posts"}],"about":[{"href":"https:\/\/www.europesays.com\/fr\/wp-json\/wp\/v2\/types\/post"}],"author":[{"embeddable":true,"href":"https:\/\/www.europesays.com\/fr\/wp-json\/wp\/v2\/users\/2"}],"replies":[{"embeddable":true,"href":"https:\/\/www.europesays.com\/fr\/wp-json\/wp\/v2\/comments?post=641376"}],"version-history":[{"count":0,"href":"https:\/\/www.europesays.com\/fr\/wp-json\/wp\/v2\/posts\/641376\/revisions"}],"wp:featuredmedia":[{"embeddable":true,"href":"https:\/\/www.europesays.com\/fr\/wp-json\/wp\/v2\/media\/641377"}],"wp:attachment":[{"href":"https:\/\/www.europesays.com\/fr\/wp-json\/wp\/v2\/media?parent=641376"}],"wp:term":[{"taxonomy":"category","embeddable":true,"href":"https:\/\/www.europesays.com\/fr\/wp-json\/wp\/v2\/categories?post=641376"},{"taxonomy":"post_tag","embeddable":true,"href":"https:\/\/www.europesays.com\/fr\/wp-json\/wp\/v2\/tags?post=641376"}],"curies":[{"name":"wp","href":"https:\/\/api.w.org\/{rel}","templated":true}]}}