{"id":641380,"date":"2026-01-04T23:54:12","date_gmt":"2026-01-04T23:54:12","guid":{"rendered":"https:\/\/www.europesays.com\/fr\/641380\/"},"modified":"2026-01-04T23:54:12","modified_gmt":"2026-01-04T23:54:12","slug":"le-rappeur-calbo-du-duo-emblematique-de-rap-francais-arsenik-est-decede","status":"publish","type":"post","link":"https:\/\/www.europesays.com\/fr\/641380\/","title":{"rendered":"Le rappeur Calbo, du duo embl\u00e9matique de rap fran\u00e7ais \u00c4rsenik, est d\u00e9c\u00e9d\u00e9"},"content":{"rendered":"<p>Le rappeur Calbo, co-fondateur du duo fran\u00e7ais \u00c4rsenik avec son fr\u00e8re Lino, est d\u00e9c\u00e9d\u00e9 dimanche \u00e0 l&rsquo;\u00e2ge de 53 ans, a indiqu\u00e9 sa famille dans un communiqu\u00e9 diffus\u00e9 sur Instagram.<\/p>\n<p>\u00ab\u00a0La famille Mbani a la profonde tristesse d&rsquo;annoncer le d\u00e9c\u00e8s de Calbony Mbani, connu du public sous le nom de Calbo, survenu le 4 janvier 2026\u00a0\u00bb, indique ce texte mis en ligne sur le compte officiel de \u00c4rsenik. La cause de son d\u00e9c\u00e8s n&rsquo;a pas \u00e9t\u00e9 pr\u00e9cis\u00e9e.<\/p>\n<p>Contenu externe<\/p>\n<p> Ce contenu externe ne peut pas \u00eatre affich\u00e9 car il est susceptible de collecter des donn\u00e9es personnelles. Pour voir ce contenu vous devez autoriser la cat\u00e9gorie <strong>R\u00e9seaux sociaux<\/strong>. <\/p>\n<p> Accepter Plus d&rsquo;info <\/p>\n<p>Plusieurs hommages venus du monde du rap ont suivi l&rsquo;annonce du d\u00e9c\u00e8s de l&rsquo;artiste. \u00ab\u00a0On a perdu un grand monsieur du rap, et un grand fr\u00e8re de la vie\u00a0\u00bb, a comment\u00e9 sur le r\u00e9seau X le rappeur Rohff. \u00ab\u00a0A chaque fois que je le croisais, il ne me donnait que de l&rsquo;amour\u00a0\u00bb, a indiqu\u00e9 Kery James sur son compte Instagram, tandis que M\u00e9dine a adress\u00e9 un \u00ab\u00a0repose en paix\u00a0\u00bb \u00e0 Calbo.<\/p>\n<p>\u00ab\u00a0Calbo est, et restera, avec nous\u00a0\u00bb, a \u00e9crit sur le m\u00eame r\u00e9seau social le rappeur Stomy Bugsy.<\/p>\n<p>Figure dans le rap fran\u00e7ais<\/p>\n<p>Avec son fr\u00e8re Lino, Calbo fonde au d\u00e9but des ann\u00e9es 1990 le groupe \u00c4rsenik, devenu une figure marquante du rap fran\u00e7ais qui prend alors son essor.<\/p>\n<p>\u00ab\u00a0C&rsquo;est un des groupes les plus importants du rap des ann\u00e9es 90, donc des grands d\u00e9buts du rap fran\u00e7ais\u00a0\u00bb, commente le journaliste Olivier Cachin, sp\u00e9cialiste du rap. \u00ab\u00a0Ils arrivent avec un premier album en 98, qui va \u00eatre un grand choc, parce qu&rsquo;on d\u00e9couvre la confirmation du talent incroyable de Lino et de Calbo pour l&rsquo;\u00e9criture.\u00a0\u00bb<\/p>\n<p>Le morceau \u00ab\u00a0Boxe avec les mots\u00a0\u00bb, issu de ce premier album baptis\u00e9 \u00ab\u00a0Quelques gouttes suffisent\u00a0\u00bb, va contribuer \u00e0 la renomm\u00e9e du duo, qui rejoint le collectif \u00ab\u00a0Secteur \u00c4\u00a0\u00bb aux c\u00f4t\u00e9s d&rsquo;artistes comme Passi et Stomy Bugsy (du groupe Minist\u00e8re Amer), Doc Gyneco ou N\u00e8g&rsquo; Marrons.<\/p>\n<p> <img decoding=\"async\" src=\"https:\/\/www.europesays.com\/fr\/wp-content\/uploads\/2026\/01\/y7g9h0-29107569.image.jpeg\" alt=\"Les rappeurs et membres du collectif &quot;Secteur \u00c4&quot; Stomy Bugsy, Ben-J (N\u00e8g' Marrons), MC Janik, Lino (\u00c4rsenik), Pit Baccardi, Jacky (N\u00e8g' Marrons), Singuila, Calbo (\u00c4rsenik), Passi, Doc Gyneco posent lors d'une s\u00e9ance photo \u00e0 Paris, le 30 janvier 2018. [AFP - JOEL SAGET]\" title=\"Les rappeurs et membres du collectif &quot;Secteur \u00c4&quot; Stomy Bugsy, Ben-J (N\u00e8g' Marrons), MC Janik, Lino (\u00c4rsenik), Pit Baccardi, Jacky (N\u00e8g' Marrons), Singuila, Calbo (\u00c4rsenik), Passi, Doc Gyneco posent lors d'une s\u00e9ance photo \u00e0 Paris, le 30 janvier 2018. [AFP - JOEL SAGET]\" loading=\"lazy\"\/>  Les rappeurs et membres du collectif \u00ab\u00a0Secteur \u00c4\u00a0\u00bb: Stomy Bugsy, Ben-J (N\u00e8g&rsquo; Marrons), MC Janik, Lino (\u00c4rsenik), Pit Baccardi, Jacky (N\u00e8g&rsquo; Marrons), Singuila, Calbo (\u00c4rsenik), Passi, Doc Gyneco. [AFP &#8211; JOEL SAGET] <\/p>\n<p>Le collectif avait notamment marqu\u00e9 les esprits lors de deux soir\u00e9es r\u00e9unissant l&rsquo;ensemble de ses membres en mai 1998 \u00e0 l&rsquo;Olympia pour marquer le 150e anniversaire de l&rsquo;abolition de l&rsquo;esclavage.<\/p>\n<p>Contenu externe<\/p>\n<p> Ce contenu externe ne peut pas \u00eatre affich\u00e9 car il est susceptible de collecter des donn\u00e9es personnelles. Pour voir ce contenu vous devez autoriser la cat\u00e9gorie <strong>R\u00e9seaux sociaux<\/strong>. <\/p>\n<p> Accepter Plus d&rsquo;info <\/p>\n<p>    Deux albums seulement<\/p>\n<p>En 2002, \u00c4rsenik sort son deuxi\u00e8me et ultime album, \u00ab\u00a0Quelque chose a surv\u00e9cu\u00a0\u00bb.<\/p>\n<p>\u00ab\u00a0Ils avaient justement trouv\u00e9 cet \u00e9quilibre tr\u00e8s difficile entre la qualit\u00e9 du texte et le c\u00f4t\u00e9 populaire aussi. Il n&rsquo;y a eu que deux albums d&rsquo;\u00c4rsenik, mais ce sont deux albums qui ont vraiment marqu\u00e9 leur \u00e9poque\u00a0\u00bb, r\u00e9sume Olivier Cachin.<\/p>\n<p>En 2022, Calbo \u00e9tait revenu avec un album solo, \u00ab\u00a0Quelques gouttes de plus\u00a0\u00bb.<\/p>\n<p class=\"sources\">ats\/iar<\/p>\n","protected":false},"excerpt":{"rendered":"Le rappeur Calbo, co-fondateur du duo fran\u00e7ais \u00c4rsenik avec son fr\u00e8re Lino, est d\u00e9c\u00e9d\u00e9 dimanche \u00e0 l&rsquo;\u00e2ge de&hellip;\n","protected":false},"author":2,"featured_media":641381,"comment_status":"","ping_status":"","sticky":false,"template":"","format":"standard","meta":{"footnotes":""},"categories":[2],"tags":[11,1692,1693,74769,1000,3983,12610,652,38031,1011,27,873,1698,12,25,104,25109,17938],"class_list":{"0":"post-641380","1":"post","2":"type-post","3":"status-publish","4":"format-standard","5":"has-post-thumbnail","7":"category-actualites","8":"tag-actualites","9":"tag-album","10":"tag-arts-et-divertissement","11":"tag-calbo","12":"tag-celebrites","13":"tag-deces","14":"tag-duo","15":"tag-famille","16":"tag-fin-de-vie-et-mort","17":"tag-fr","18":"tag-france","19":"tag-musique","20":"tag-musiques","21":"tag-news","22":"tag-republique-francaise","23":"tag-societe","24":"tag-stomy-bugsy","25":"tag-valeurs"},"share_on_mastodon":{"url":"https:\/\/pubeurope.com\/@fr\/115839531014265850","error":""},"_links":{"self":[{"href":"https:\/\/www.europesays.com\/fr\/wp-json\/wp\/v2\/posts\/641380","targetHints":{"allow":["GET"]}}],"collection":[{"href":"https:\/\/www.europesays.com\/fr\/wp-json\/wp\/v2\/posts"}],"about":[{"href":"https:\/\/www.europesays.com\/fr\/wp-json\/wp\/v2\/types\/post"}],"author":[{"embeddable":true,"href":"https:\/\/www.europesays.com\/fr\/wp-json\/wp\/v2\/users\/2"}],"replies":[{"embeddable":true,"href":"https:\/\/www.europesays.com\/fr\/wp-json\/wp\/v2\/comments?post=641380"}],"version-history":[{"count":0,"href":"https:\/\/www.europesays.com\/fr\/wp-json\/wp\/v2\/posts\/641380\/revisions"}],"wp:featuredmedia":[{"embeddable":true,"href":"https:\/\/www.europesays.com\/fr\/wp-json\/wp\/v2\/media\/641381"}],"wp:attachment":[{"href":"https:\/\/www.europesays.com\/fr\/wp-json\/wp\/v2\/media?parent=641380"}],"wp:term":[{"taxonomy":"category","embeddable":true,"href":"https:\/\/www.europesays.com\/fr\/wp-json\/wp\/v2\/categories?post=641380"},{"taxonomy":"post_tag","embeddable":true,"href":"https:\/\/www.europesays.com\/fr\/wp-json\/wp\/v2\/tags?post=641380"}],"curies":[{"name":"wp","href":"https:\/\/api.w.org\/{rel}","templated":true}]}}