{"id":641384,"date":"2026-01-04T23:57:22","date_gmt":"2026-01-04T23:57:22","guid":{"rendered":"https:\/\/www.europesays.com\/fr\/641384\/"},"modified":"2026-01-04T23:57:22","modified_gmt":"2026-01-04T23:57:22","slug":"lus-vendome-contraint-de-revoir-ses-ambitions","status":"publish","type":"post","link":"https:\/\/www.europesays.com\/fr\/641384\/","title":{"rendered":"l\u2019US Vend\u00f4me contraint de revoir ses ambitions"},"content":{"rendered":"<p>On avait quitt\u00e9 l\u2019\u00e9quipe vend\u00f4moise aux portes de la mont\u00e9e en Pr\u00e9nationale la saison derni\u00e8re mais un dernier faux pas face \u00e0 Bourges avait condamn\u00e9 les hommes d\u2019Eric Saurel et de Mariadasse Antoina \u00e0 retenter leur chance en R\u00e9gionale 1 en 2025-2026. Avec un recrutement en ad\u00e9quation avec les ambitions \u00e9lev\u00e9es\u00a0de l\u2019an pass\u00e9, les Vend\u00f4mois ont quelque peu d\u00e9chant\u00e9 en ce d\u00e9but de saison. Avec deux victoires et&#8230; <\/p>\n<p>    Cet article a \u00e9t\u00e9 tronqu\u00e9. Abonnez-vous pour lire l&rsquo;article complet sur notre site.<\/p>\n<p style=\"margin: 0 !important; padding: 0 !important; font-size: 12px !important;\">Cet article a \u00e9t\u00e9 tronqu\u00e9. Abonnez-vous pour lire l&rsquo;article complet.<\/p>\n<p>    <a href=\"https:\/\/www.lanouvellerepublique.fr\/abonnements\" style=\"display: inline-block; margin-top: 5px !important; padding: 6px 12px !important; background: #cb1c27; color: white; text-decoration: none; border-radius: 4px; font-size: 12px !important;\" target=\"_blank\" rel=\"noopener\"><br \/>\n      S&rsquo;abonner<br \/>\n    <\/a><\/p>\n","protected":false},"excerpt":{"rendered":"On avait quitt\u00e9 l\u2019\u00e9quipe vend\u00f4moise aux portes de la mont\u00e9e en Pr\u00e9nationale la saison derni\u00e8re mais un dernier&hellip;\n","protected":false},"author":2,"featured_media":641385,"comment_status":"","ping_status":"","sticky":false,"template":"","format":"standard","meta":{"footnotes":""},"categories":[1417],"tags":[1011,27,4368,60,4369,1470,1469],"class_list":{"0":"post-641384","1":"post","2":"type-post","3":"status-publish","4":"format-standard","5":"has-post-thumbnail","7":"category-volley","8":"tag-fr","9":"tag-france","10":"tag-loir-et-cher","11":"tag-sports","12":"tag-vendome","13":"tag-volley","14":"tag-volleyball"},"share_on_mastodon":{"url":"https:\/\/pubeurope.com\/@fr\/115839542597254974","error":""},"_links":{"self":[{"href":"https:\/\/www.europesays.com\/fr\/wp-json\/wp\/v2\/posts\/641384","targetHints":{"allow":["GET"]}}],"collection":[{"href":"https:\/\/www.europesays.com\/fr\/wp-json\/wp\/v2\/posts"}],"about":[{"href":"https:\/\/www.europesays.com\/fr\/wp-json\/wp\/v2\/types\/post"}],"author":[{"embeddable":true,"href":"https:\/\/www.europesays.com\/fr\/wp-json\/wp\/v2\/users\/2"}],"replies":[{"embeddable":true,"href":"https:\/\/www.europesays.com\/fr\/wp-json\/wp\/v2\/comments?post=641384"}],"version-history":[{"count":0,"href":"https:\/\/www.europesays.com\/fr\/wp-json\/wp\/v2\/posts\/641384\/revisions"}],"wp:featuredmedia":[{"embeddable":true,"href":"https:\/\/www.europesays.com\/fr\/wp-json\/wp\/v2\/media\/641385"}],"wp:attachment":[{"href":"https:\/\/www.europesays.com\/fr\/wp-json\/wp\/v2\/media?parent=641384"}],"wp:term":[{"taxonomy":"category","embeddable":true,"href":"https:\/\/www.europesays.com\/fr\/wp-json\/wp\/v2\/categories?post=641384"},{"taxonomy":"post_tag","embeddable":true,"href":"https:\/\/www.europesays.com\/fr\/wp-json\/wp\/v2\/tags?post=641384"}],"curies":[{"name":"wp","href":"https:\/\/api.w.org\/{rel}","templated":true}]}}