{"id":641390,"date":"2026-01-05T00:03:14","date_gmt":"2026-01-05T00:03:14","guid":{"rendered":"https:\/\/www.europesays.com\/fr\/641390\/"},"modified":"2026-01-05T00:03:14","modified_gmt":"2026-01-05T00:03:14","slug":"david-menut-a-bloc-pour-suivre-thibau-nys-actualite","status":"publish","type":"post","link":"https:\/\/www.europesays.com\/fr\/641390\/","title":{"rendered":"David Menut \u00e0 bloc pour suivre Thibau Nys &#8211; Actualit\u00e9"},"content":{"rendered":"<p>Dans le cinqui\u00e8me tour, <a href=\"https:\/\/www.directvelo.com\/coureur\/4395\/david-menut\" target=\"_blank\" rel=\"noopener\"><strong>David Menut<\/strong><\/a> a eu la surprise de voir devant lui le maillot de Champion de Belgique de Thibau Nys. Le Champion d&rsquo;Europe 2024 est pass\u00e9 par-dessus le filet apr\u00e8s une chute sur le circuit sableux-neigeux-verglac\u00e9 de Zonhoven. Dans la chute, le coureur de Baloise Verzekeringen-Het Poetsbureau Lions casse son cintre et se fait doubler par des grappes de coureurs alors qu&rsquo;il \u00e9tait 2e de la 9e manche de la Coupe du Monde de cyclo-cross. Ce rebondissement change la course du Fran\u00e7ais. \u00ab\u00a0Je me suis lanc\u00e9 le d\u00e9fi d&rsquo;essayer de le suivre et de profiter du wagon et \u00e7a m&rsquo;a bien mis \u00e0 bloc et d\u00e9bloqu\u00e9. J&rsquo;ai pu remonter des places un maximum\u00a0\u00bb, relate-t-il \u00e0 DirectVelo.\u00a0<\/p>\n<p>Le coureur d&rsquo;AS Bike Racing-France Literie avait jusque-l\u00e0 pris son mal en patience. \u00ab\u00a0Je pars loin sur la grille (4e ligne NDLR), je me suis retrouv\u00e9 aux alentours de la 40e place, raconte-t-il. J&rsquo;ai donc connu trois tours difficiles \u00e0 remonter place par place\u00a0\u00bb. Les conditions de ce dimanche ne l&rsquo;ont pas aid\u00e9 dans sa t\u00e2che. \u00ab\u00a0C&rsquo;est une course en monotrace. Il \u00e9tait impossible de doubler parce qu&rsquo;on allait tout de suite dans la neige o\u00f9 on n&rsquo;arrivait pas \u00e0 p\u00e9daler\u00a0\u00bb.<\/p>\n<p><strong>\u00ab LES DOULEURS EN BAS DU DOS, C&rsquo;EST UN SIGNE \u00bb<\/strong><\/p>\n<p>Au passage de <strong><a href=\"https:\/\/www.directvelo.com\/coureur\/30831\/thibau-nys\" target=\"_blank\" rel=\"noopener\">Thibau Nys<\/a><\/strong>, il a aussi pu profiter des ovations des 20 000 spectateurs pour leur coureur. Le coureur de 33 ans d\u00e9croche son <a href=\"https:\/\/www.directvelo.com\/actualite\/126241\/cc-coupe-du-monde-9-elite-hommes-classements\" target=\"_blank\" rel=\"noopener\"><strong>troisi\u00e8me Top 20 de suite en Coupe du Monde<\/strong><\/a> dans la cuvette de Zonhoven. \u00ab\u00a0J&rsquo;ai plut\u00f4t assur\u00e9 dans le sens o\u00f9 je roulais vite, mais je n&rsquo;ai pas pris de risques et je n&rsquo;ai fait aucune erreur, aucune chute, analyse-t-il. Ici c&rsquo;est du sable, mais c&rsquo;est du sable un peu particulier avec la neige, le gel, \u00e7a me convenait plus\u00a0\u00bb.<\/p>\n<p>\u00c0 une semaine du Championnat de France, David Menut commence \u00e0 sentir la fatigue arriver. \u00ab\u00a0Rien que les douleurs en bas du dos en course, c&rsquo;est un signe. Je me fais mal, je vais loin dans l&rsquo;effort\u00a0\u00bb, ajoute-t-il. Mais il ne baisse pas les bras dans la derni\u00e8re ligne droite. \u00ab\u00a0Je ne vais pas dire que j&rsquo;ai les meilleures sensations de ma carri\u00e8re, j&rsquo;ai encore du mal \u00e0 retrouver celles de l&rsquo;an dernier, mais j&rsquo;ai bon espoir, il reste encore 5 semaines de course, donc il ne faut pas tomber malade maintenant, et il faut bien travailler\u00a0\u00bb.\u00a0<\/p>\n","protected":false},"excerpt":{"rendered":"Dans le cinqui\u00e8me tour, David Menut a eu la surprise de voir devant lui le maillot de Champion&hellip;\n","protected":false},"author":2,"featured_media":641391,"comment_status":"","ping_status":"","sticky":false,"template":"","format":"standard","meta":{"footnotes":""},"categories":[1411],"tags":[834,828,836,829,837,827,83,826,824,823,1154,207,814,817,815,816,822,821,832,211,839,1011,27,820,818,819,835,831,830,833,838,60,212,208,825],"class_list":{"0":"post-641390","1":"post","2":"type-post","3":"status-publish","4":"format-standard","5":"has-post-thumbnail","7":"category-cyclisme","8":"tag-attaque","9":"tag-belgique","10":"tag-braquet","11":"tag-bretagne","12":"tag-chute","13":"tag-competition","14":"tag-coupe-de-france","15":"tag-coureur","16":"tag-course-cyclisme","17":"tag-course-cycliste","18":"tag-cycling","19":"tag-cyclisme","20":"tag-direct","21":"tag-direct-velo","22":"tag-directvelo","23":"tag-directvelo-com","24":"tag-epreuve","25":"tag-epreuve-cycliste","26":"tag-federation-francaise-de-cyclisme","27":"tag-ffc","28":"tag-flandres","29":"tag-fr","30":"tag-france","31":"tag-live","32":"tag-live-course","33":"tag-live-epreuve","34":"tag-peloton","35":"tag-radio-peloton","36":"tag-radio-tour","37":"tag-ravitaillement","38":"tag-relance","39":"tag-sports","40":"tag-uci","41":"tag-velo","42":"tag-velos"},"share_on_mastodon":{"url":"https:\/\/pubeurope.com\/@fr\/115839566219459610","error":""},"_links":{"self":[{"href":"https:\/\/www.europesays.com\/fr\/wp-json\/wp\/v2\/posts\/641390","targetHints":{"allow":["GET"]}}],"collection":[{"href":"https:\/\/www.europesays.com\/fr\/wp-json\/wp\/v2\/posts"}],"about":[{"href":"https:\/\/www.europesays.com\/fr\/wp-json\/wp\/v2\/types\/post"}],"author":[{"embeddable":true,"href":"https:\/\/www.europesays.com\/fr\/wp-json\/wp\/v2\/users\/2"}],"replies":[{"embeddable":true,"href":"https:\/\/www.europesays.com\/fr\/wp-json\/wp\/v2\/comments?post=641390"}],"version-history":[{"count":0,"href":"https:\/\/www.europesays.com\/fr\/wp-json\/wp\/v2\/posts\/641390\/revisions"}],"wp:featuredmedia":[{"embeddable":true,"href":"https:\/\/www.europesays.com\/fr\/wp-json\/wp\/v2\/media\/641391"}],"wp:attachment":[{"href":"https:\/\/www.europesays.com\/fr\/wp-json\/wp\/v2\/media?parent=641390"}],"wp:term":[{"taxonomy":"category","embeddable":true,"href":"https:\/\/www.europesays.com\/fr\/wp-json\/wp\/v2\/categories?post=641390"},{"taxonomy":"post_tag","embeddable":true,"href":"https:\/\/www.europesays.com\/fr\/wp-json\/wp\/v2\/tags?post=641390"}],"curies":[{"name":"wp","href":"https:\/\/api.w.org\/{rel}","templated":true}]}}