{"id":641392,"date":"2026-01-05T00:04:11","date_gmt":"2026-01-05T00:04:11","guid":{"rendered":"https:\/\/www.europesays.com\/fr\/641392\/"},"modified":"2026-01-05T00:04:11","modified_gmt":"2026-01-05T00:04:11","slug":"cetait-soir-dau-revoir-pour-liam-rosenior","status":"publish","type":"post","link":"https:\/\/www.europesays.com\/fr\/641392\/","title":{"rendered":"c&rsquo;\u00e9tait soir d&rsquo;au revoir pour Liam Rosenior"},"content":{"rendered":"<p>Apr\u00e8s une \u00e9patante seconde partie d\u2019exercice la saison pass\u00e9e et un \u00e9t\u00e9 qui lui a permis de retrouver l\u2019Europe gr\u00e2ce \u00e0 <a href=\"https:\/\/www.dna.fr\/sport\/2025\/08\/28\/le-racing-va-kiffer-l-europe\" target=\"_blank\" rel=\"noopener\">un barrage victorieux en Ligue Conf\u00e9rence contre les Danois de Brondby<\/a>, le Racing se savait \u201cvis\u00e9\u201d par la concurrence pour se faire subtiliser son coach.<\/p>\n<p>Les dirigeants strasbourgeois ne s\u2019attendaient sans doute pas \u00e0 ce que \u201cl\u2019attaque\u201d vienne du club fr\u00e8re de Chelsea. En tout cas, pas forc\u00e9ment en cours de saison.<\/p>\n<p>Cela donne du grain \u00e0 moudre aux pourfendeurs de la multipropri\u00e9t\u00e9<\/p>\n<p>Las, le club londonien \u2013 \u00e9galement propri\u00e9t\u00e9 du consortium am\u00e9ricain <a href=\"https:\/\/www.dna.fr\/sport\/2023\/06\/22\/le-racing-est-vendu-marc-keller-assure-la-continuite\" target=\"_blank\" rel=\"noopener\">BlueCo, qui a rachet\u00e9 le Racing en juin\u00a02023<\/a> \u2013 a d\u00e9cid\u00e9 le 1er janvier de se s\u00e9parer de son entra\u00eeneur, l\u2019Italien Enzo Maresca.<\/p>\n<p>Si l\u2019Anglais Calum McFarlane a assur\u00e9 l\u2019int\u00e9rim ce dimanche lors du nul arrach\u00e9 dans les arr\u00eats de jeu sur la pelouse de Manchester City (1-1), l\u2019actuel cinqui\u00e8me de Premier League a jet\u00e9 son d\u00e9volu sur <a href=\"https:\/\/www.dna.fr\/p\/liam-rosenior\" target=\"_blank\" rel=\"noopener\">Liam Rosenior<\/a>, qui a guid\u00e9 en d\u00e9cembre <a href=\"https:\/\/www.dna.fr\/sport\/2025\/12\/18\/cinq-victoires-au-compteur-leader-apres-la-phase-de-ligue-le-racing-a-emballe-l-affaire\" target=\"_blank\" rel=\"noopener\">le Racing&#8230;<\/a><\/p>\n","protected":false},"excerpt":{"rendered":"Apr\u00e8s une \u00e9patante seconde partie d\u2019exercice la saison pass\u00e9e et un \u00e9t\u00e9 qui lui a permis de retrouver&hellip;\n","protected":false},"author":2,"featured_media":641393,"comment_status":"","ping_status":"","sticky":false,"template":"","format":"standard","meta":{"footnotes":""},"categories":[1410],"tags":[2389,2649,2880,107,63,1011,27,7020,43670,41281,517,60,640],"class_list":{"0":"post-641392","1":"post","2":"type-post","3":"status-publish","4":"format-standard","5":"has-post-thumbnail","7":"category-football","8":"tag-alsace","9":"tag-bas-rhin","10":"tag-edition-strasbourg","11":"tag-fil-info","12":"tag-football","13":"tag-fr","14":"tag-france","15":"tag-ligue-1-football","16":"tag-ligue-conference","17":"tag-racing-club-strasbourg-masculin","18":"tag-sport","19":"tag-sports","20":"tag-strasbourg"},"share_on_mastodon":{"url":"https:\/\/pubeurope.com\/@fr\/115839570014771058","error":""},"_links":{"self":[{"href":"https:\/\/www.europesays.com\/fr\/wp-json\/wp\/v2\/posts\/641392","targetHints":{"allow":["GET"]}}],"collection":[{"href":"https:\/\/www.europesays.com\/fr\/wp-json\/wp\/v2\/posts"}],"about":[{"href":"https:\/\/www.europesays.com\/fr\/wp-json\/wp\/v2\/types\/post"}],"author":[{"embeddable":true,"href":"https:\/\/www.europesays.com\/fr\/wp-json\/wp\/v2\/users\/2"}],"replies":[{"embeddable":true,"href":"https:\/\/www.europesays.com\/fr\/wp-json\/wp\/v2\/comments?post=641392"}],"version-history":[{"count":0,"href":"https:\/\/www.europesays.com\/fr\/wp-json\/wp\/v2\/posts\/641392\/revisions"}],"wp:featuredmedia":[{"embeddable":true,"href":"https:\/\/www.europesays.com\/fr\/wp-json\/wp\/v2\/media\/641393"}],"wp:attachment":[{"href":"https:\/\/www.europesays.com\/fr\/wp-json\/wp\/v2\/media?parent=641392"}],"wp:term":[{"taxonomy":"category","embeddable":true,"href":"https:\/\/www.europesays.com\/fr\/wp-json\/wp\/v2\/categories?post=641392"},{"taxonomy":"post_tag","embeddable":true,"href":"https:\/\/www.europesays.com\/fr\/wp-json\/wp\/v2\/tags?post=641392"}],"curies":[{"name":"wp","href":"https:\/\/api.w.org\/{rel}","templated":true}]}}