{"id":641394,"date":"2026-01-05T00:05:09","date_gmt":"2026-01-05T00:05:09","guid":{"rendered":"https:\/\/www.europesays.com\/fr\/641394\/"},"modified":"2026-01-05T00:05:09","modified_gmt":"2026-01-05T00:05:09","slug":"frederic-francois-revele-avoir-cache-son-mariage-au-debut-de-sa-carriere","status":"publish","type":"post","link":"https:\/\/www.europesays.com\/fr\/641394\/","title":{"rendered":"Fr\u00e9d\u00e9ric Fran\u00e7ois r\u00e9v\u00e8le avoir cach\u00e9 son mariage au d\u00e9but de sa carri\u00e8re"},"content":{"rendered":"<p>    Fr\u00e9d\u00e9ric Fran\u00e7ois dans \u00abUn dimanche \u00e0 la campagne\u00bb<br \/>\n                Capture \u00e9cran<\/p>\n<p>\n    Par peur de perdre son statut de \u00abchanteur \u00e0 midinettes\u00bb, l\u2019artiste s\u2019est d\u2019abord fait passer pour un c\u00e9libataire, comme il le raconte \u00e0 Fr\u00e9d\u00e9ric Lopez dans \u00abUn dimanche \u00e0 la campagne\u00bb sur France 2.<\/p>\n<p class=\"fig-paragraph\">Je t\u2019aime \u00e0 l\u2019italienne, Mon c\u0153ur te dit je t\u2019aime&#8230;\u00a0<a href=\"http:\/\/tvmag.lefigaro.fr\/programme-tv\/actu-tele\/c-etait-un-check-up-apres-son-hospitalisation-frederic-francois-tient-a-rassurer-sur-son-etat-de-sante-20251028\" target=\"_blank\" data-fig-type=\"Article\" rel=\"noopener\" data-gtm-custom-categorie=\"navigation\" data-gtm-custom-action=\"crossclick\" data-gtm-custom-label=\"Contextuel\" data-gtm-event=\"customEventSPE\" data-fig-domain=\"TVMAG\"><strong>Fr\u00e9d\u00e9ric Fran\u00e7ois<\/strong><\/a> \u00a0chante l\u2019amour depuis plus de 50 ans. Et ce 4 janvier, il retrace sa vie et sa carri\u00e8re sous l\u2019\u0153il bienveillant de\u00a0<a href=\"http:\/\/tvmag.lefigaro.fr\/programme-tv\/actu-tele\/je-suis-tres-emu-revelations-de-frederic-lopez-sur-instagram-20250824\" target=\"_blank\" data-fig-type=\"Article\" rel=\"noopener\" data-gtm-custom-categorie=\"navigation\" data-gtm-custom-action=\"crossclick\" data-gtm-custom-label=\"Contextuel\" data-gtm-event=\"customEventSPE\" data-fig-domain=\"TVMAG\">Fr\u00e9d\u00e9ric Lopez<\/a>. Et sa participation \u00e0 \u00abUn dimanche \u00e0 la campagne\u00bb est l\u2019occasion de faire quelques confidences sur sa vie sentimentale et ce qu\u2019il a cach\u00e9 \u00e0 son public.<\/p>\n<p class=\"fig-paragraph\">Le petit Francesco Barracato, de son vrai nom, r\u00eave de chanson. Au point qu\u2019\u00e0 chaque fois qu\u2019il passe devant une \u00e9glise, il fait un signe de croix et se r\u00eave sur sc\u00e8ne pour la musique, mais aussi pour aider financi\u00e8rement sa famille qui ne vit que gr\u00e2ce au travail pr\u00e9caire de mineur de son p\u00e8re.<\/p>\n<p>                                                                <a class=\"fig-a11y-skip\" href=\"#fig-a11y-skip-main-inarticle\" data-module=\"a11y-skip\" data-context=\"was @visible\"><br \/>\n    Passer la publicit\u00e9<br \/>\n<\/a>            <\/p>\n<p class=\"fig-paragraph\">Gr\u00e2ce \u00e0 un concours de chant, et au soutien ind\u00e9fectible de sa famille, il commence sa carri\u00e8re. Il change de nom et devient Fr\u00e9d\u00e9ric Fran\u00e7ois. Le chanteur interpr\u00e8te d\u2019abord des reprises avant d\u2019imposer ses compositions personnelles. \u00abDes vraies chansons d\u2019amour de la vie de tous les jours\u00bb, comme il les d\u00e9crit sur France 2.<\/p>\n<p class=\"fig-paragraph\">\u00abOn avait les cheveux longs, des chaussures avec des talons terribles, des pantalons pattes d\u2019\u00e9ph. Les ann\u00e9es 1970, on a lanc\u00e9 une mode. On est devenus des chanteurs \u00e0 midinettes parce qu\u2019\u00e0 chaque fois qu\u2019on montait sur sc\u00e8ne, les filles criaient. Elles criaient comme elles le faisaient pour Elvis Presley, pour Frank Sinatra, pour Johnny Hallyday\u00bb, se souvient Fr\u00e9d\u00e9ric Fran\u00e7ois.<\/p>\n<blockquote class=\"fig-quote&#10;    \">\n<p class=\"fig-quote__text\">Je le vivais mal parce que la maison de disques nous obligeait \u00e0 le cacher.<\/p>\n<p>            Fr\u00e9d\u00e9ric Fran\u00e7ois dans \u00abUn dimanche \u00e0 la campagne\u00bb\n    <\/p><\/blockquote>\n<p class=\"fig-paragraph\">Mais ce statut d\u2019artiste dont \u00ables jeunes filles mettaient des posters dans leur chambre\u00bb est en inad\u00e9quation avec la vie priv\u00e9e de Fr\u00e9d\u00e9ric Fran\u00e7ois. Il a d\u00e9j\u00e0 rencontr\u00e9 l\u2019amour de sa vie, Monique, qui est encore \u00e0 ce jour \u00e0 ses c\u00f4t\u00e9s. \u00abAu d\u00e9but, on l\u2019a cach\u00e9\u00bb, se souvient le chanteur avant de pr\u00e9ciser\u00a0: \u00abJe le vivais mal parce que la maison de disques nous obligeait \u00e0 le cacher\u00bb.<\/p>\n<p class=\"fig-paragraph\">C\u2019est finalement sur Europe 1, lors d\u2019une rencontre organis\u00e9e avec son public, que Fr\u00e9d\u00e9ric Fran\u00e7ois d\u00e9cide de r\u00e9tablir la v\u00e9rit\u00e9 et d\u2019arr\u00eater de mentir. \u00abJe me suis mari\u00e9 \u00e0 20 ans, j\u2019avais d\u00e9j\u00e0 un enfant et personne n\u2019en savait rien\u00bb, contextualise-t-il aupr\u00e8s de ses compagnons du week-end. L\u2019ironie est que sa franchise a \u00e9t\u00e9 b\u00e9n\u00e9fique \u00e0 sa carri\u00e8re. Non seulement les jeunes femmes ont continu\u00e9 d\u2019acheter ses disques, mais \u00ables m\u00e8res disaient que j\u2019\u00e9tais le gendre qu\u2019elles auraient voulu avoir\u00bb.<\/p>\n","protected":false},"excerpt":{"rendered":"Fr\u00e9d\u00e9ric Fran\u00e7ois dans \u00abUn dimanche \u00e0 la campagne\u00bb Capture \u00e9cran Par peur de perdre son statut de \u00abchanteur&hellip;\n","protected":false},"author":2,"featured_media":641395,"comment_status":"","ping_status":"","sticky":false,"template":"","format":"standard","meta":{"footnotes":""},"categories":[1359],"tags":[58,59,1011,27,594,9481,973],"class_list":{"0":"post-641394","1":"post","2":"type-post","3":"status-publish","4":"format-standard","5":"has-post-thumbnail","7":"category-people","8":"tag-divertissement","9":"tag-entertainment","10":"tag-fr","11":"tag-france","12":"tag-france-2","13":"tag-frederic-lopez","14":"tag-people"},"share_on_mastodon":{"url":"https:\/\/pubeurope.com\/@fr\/115839573978968389","error":""},"_links":{"self":[{"href":"https:\/\/www.europesays.com\/fr\/wp-json\/wp\/v2\/posts\/641394","targetHints":{"allow":["GET"]}}],"collection":[{"href":"https:\/\/www.europesays.com\/fr\/wp-json\/wp\/v2\/posts"}],"about":[{"href":"https:\/\/www.europesays.com\/fr\/wp-json\/wp\/v2\/types\/post"}],"author":[{"embeddable":true,"href":"https:\/\/www.europesays.com\/fr\/wp-json\/wp\/v2\/users\/2"}],"replies":[{"embeddable":true,"href":"https:\/\/www.europesays.com\/fr\/wp-json\/wp\/v2\/comments?post=641394"}],"version-history":[{"count":0,"href":"https:\/\/www.europesays.com\/fr\/wp-json\/wp\/v2\/posts\/641394\/revisions"}],"wp:featuredmedia":[{"embeddable":true,"href":"https:\/\/www.europesays.com\/fr\/wp-json\/wp\/v2\/media\/641395"}],"wp:attachment":[{"href":"https:\/\/www.europesays.com\/fr\/wp-json\/wp\/v2\/media?parent=641394"}],"wp:term":[{"taxonomy":"category","embeddable":true,"href":"https:\/\/www.europesays.com\/fr\/wp-json\/wp\/v2\/categories?post=641394"},{"taxonomy":"post_tag","embeddable":true,"href":"https:\/\/www.europesays.com\/fr\/wp-json\/wp\/v2\/tags?post=641394"}],"curies":[{"name":"wp","href":"https:\/\/api.w.org\/{rel}","templated":true}]}}