{"id":641396,"date":"2026-01-05T00:06:12","date_gmt":"2026-01-05T00:06:12","guid":{"rendered":"https:\/\/www.europesays.com\/fr\/641396\/"},"modified":"2026-01-05T00:06:12","modified_gmt":"2026-01-05T00:06:12","slug":"il-y-a-du-mouvement-chez-les-photographes-du-centre-ville","status":"publish","type":"post","link":"https:\/\/www.europesays.com\/fr\/641396\/","title":{"rendered":"il y a du mouvement chez les photographes du centre-ville"},"content":{"rendered":"<p>Pendant les f\u00eates, l\u2019activit\u00e9 s\u2019intensifie dans les studios photos du centre-ville de Lons-le-Saunier. Chez Olivier Goy, la p\u00e9riode reste synonyme\u00a0de tirages, cadres et s\u00e9ances portraits, m\u00eame si le pic d\u2019activit\u00e9 reste mesur\u00e9\u00a0: \u00ab\u00a0On bosse bien depuis dix jours. Il y a toujours un peu plus de monde \u00e0 cette p\u00e9riode. La photo reste une id\u00e9e de cadeau \u00e0 part enti\u00e8re\u00a0\u00bb, explique-t-il, avec \u00ab\u00a0des tirages, des ventes de cadres, des s\u00e9ances photos\u00a0\u00bb.<\/p>\n<p>Les f\u00eates ne&#8230;<\/p>\n","protected":false},"excerpt":{"rendered":"Pendant les f\u00eates, l\u2019activit\u00e9 s\u2019intensifie dans les studios photos du centre-ville de Lons-le-Saunier. Chez Olivier Goy, la p\u00e9riode&hellip;\n","protected":false},"author":2,"featured_media":641397,"comment_status":"","ping_status":"","sticky":false,"template":"","format":"standard","meta":{"footnotes":""},"categories":[1358],"tags":[1477,1348,1384,1385,4406,1687,1386,58,33,2274,59,2271,1011,27,3352,7874],"class_list":{"0":"post-641396","1":"post","2":"type-post","3":"status-publish","4":"format-standard","5":"has-post-thumbnail","7":"category-arts-et-design","8":"tag-artisanat","9":"tag-arts","10":"tag-arts-and-design","11":"tag-arts-et-design","12":"tag-commerce-et-services","13":"tag-culture-loisirs","14":"tag-design","15":"tag-divertissement","16":"tag-economie","17":"tag-edition-jura-sud","18":"tag-entertainment","19":"tag-exposition-arts-plastiques","20":"tag-fr","21":"tag-france","22":"tag-lons-le-saunier","23":"tag-lons-le-saunier-ville"},"share_on_mastodon":{"url":"https:\/\/pubeurope.com\/@fr\/115839577812303005","error":""},"_links":{"self":[{"href":"https:\/\/www.europesays.com\/fr\/wp-json\/wp\/v2\/posts\/641396","targetHints":{"allow":["GET"]}}],"collection":[{"href":"https:\/\/www.europesays.com\/fr\/wp-json\/wp\/v2\/posts"}],"about":[{"href":"https:\/\/www.europesays.com\/fr\/wp-json\/wp\/v2\/types\/post"}],"author":[{"embeddable":true,"href":"https:\/\/www.europesays.com\/fr\/wp-json\/wp\/v2\/users\/2"}],"replies":[{"embeddable":true,"href":"https:\/\/www.europesays.com\/fr\/wp-json\/wp\/v2\/comments?post=641396"}],"version-history":[{"count":0,"href":"https:\/\/www.europesays.com\/fr\/wp-json\/wp\/v2\/posts\/641396\/revisions"}],"wp:featuredmedia":[{"embeddable":true,"href":"https:\/\/www.europesays.com\/fr\/wp-json\/wp\/v2\/media\/641397"}],"wp:attachment":[{"href":"https:\/\/www.europesays.com\/fr\/wp-json\/wp\/v2\/media?parent=641396"}],"wp:term":[{"taxonomy":"category","embeddable":true,"href":"https:\/\/www.europesays.com\/fr\/wp-json\/wp\/v2\/categories?post=641396"},{"taxonomy":"post_tag","embeddable":true,"href":"https:\/\/www.europesays.com\/fr\/wp-json\/wp\/v2\/tags?post=641396"}],"curies":[{"name":"wp","href":"https:\/\/api.w.org\/{rel}","templated":true}]}}