{"id":64140,"date":"2025-04-30T10:29:12","date_gmt":"2025-04-30T10:29:12","guid":{"rendered":"https:\/\/www.europesays.com\/fr\/64140\/"},"modified":"2025-04-30T10:29:12","modified_gmt":"2025-04-30T10:29:12","slug":"pres-de-bordeaux-lenseignante-qui-se-disait-victime-de-menaces-de-mort-a-tout-invente","status":"publish","type":"post","link":"https:\/\/www.europesays.com\/fr\/64140\/","title":{"rendered":"Pr\u00e8s de Bordeaux, l\u2019enseignante qui se disait victime de menaces de mort a tout invent\u00e9"},"content":{"rendered":"<p>L\u2019enseignante du lyc\u00e9e Jean-Monnet de Libourne \u00e9tait pr\u00e9tendument vis\u00e9e par des menaces de mort et de viol, sur fond de racisme, depuis d\u00e9cembre 2023. Les enqu\u00eateurs ont d\u00e9couvert qu\u2019elle avait achet\u00e9 la carte SIM qui a \u00e9mis les derniers SMS de menaces.<\/p>\n<p class=\"fig-paragraph\">Si\u00a0<a href=\"http:\/\/www.lefigaro.fr\/bordeaux\/les-arabes-je-vais-les-saigner-un-lycee-de-libourne-vise-par-des-menaces-20231205\" data-fig-type=\"NewsFlash\" data-gtm-custom-categorie=\"navigation\" data-gtm-custom-action=\"crossclick\" data-gtm-custom-label=\"Contextuel\" data-gtm-event=\"customEventSPE\" data-fig-domain=\"LEFIGARO\" target=\"_blank\" rel=\"noopener\">les faits\u00a0<\/a>sont av\u00e9r\u00e9s, l\u2019histoire est ubuesque. Une<a href=\"http:\/\/www.lefigaro.fr\/bordeaux\/a-libourne-une-enseignante-menacee-de-mort-pour-la-deuxieme-fois-en-un-an-20240911\" data-fig-type=\"NewsFlash\" data-gtm-custom-categorie=\"navigation\" data-gtm-custom-action=\"crossclick\" data-gtm-custom-label=\"Contextuel\" data-gtm-event=\"customEventSPE\" data-fig-domain=\"LEFIGARO\" target=\"_blank\" rel=\"noopener\">\u00a0enseignante du lyc\u00e9e Jean Monet \u00e0 Libourne<\/a>\u00a0a \u00e9t\u00e9 plac\u00e9e en garde \u00e0 vue, mardi, des chefs de \u00abd\u00e9nonciation mensong\u00e8re \u00e0 une autorit\u00e9 judiciaire entra\u00eenant des recherches inutiles\u00bb et \u00abd\u2019escroquerie aggrav\u00e9e\u00bb, d\u00e9clare le procureur de la R\u00e9publique de Libourne, Lo\u00efs Raschel, confirmant une information r\u00e9v\u00e9l\u00e9e par\u00a0<a href=\"https:\/\/www.leresistant.fr\/actualite-12088-menaces-de-mort-au-lycee-jean-monnet-l-enseignante-visee-est-en-garde-a-vue\" target=\"_blank\" rel=\"nofollow noopener\" data-gtm-custom-categorie=\"navigation\" data-gtm-custom-action=\"crossclick\" data-gtm-custom-label=\"Contextuel\" data-gtm-event=\"customEventSPE\">Le R\u00e9sistant<\/a> .<\/p>\n<p class=\"fig-paragraph\"><a href=\"http:\/\/www.lefigaro.fr\/bordeaux\/a-libourne-une-enseignante-a-nouveau-menacee-de-mort-et-ciblee-par-des-lettres-anonymes-racistes-20250414\" data-fig-type=\"NewsFlash\" data-gtm-custom-categorie=\"navigation\" data-gtm-custom-action=\"crossclick\" data-gtm-custom-label=\"Contextuel\" data-gtm-event=\"customEventSPE\" data-fig-domain=\"LEFIGARO\" target=\"_blank\" rel=\"noopener\">\u00c0 quatre reprises,<\/a>\u00a0depuis le 4 d\u00e9cembre 2023, la suspecte s\u2019\u00e9tait dite victime de menaces de morts et de viols ayant naturellement conduit l\u2019\u00c9ducation nationale \u00e0 la soutenir et \u00e0 la faire disposer de la protection fonctionnelle. Elle avait aussi b\u00e9n\u00e9fici\u00e9 de plusieurs arr\u00eats maladies, indiquant \u00eatre en \u00e9tat de choc. Et pour cause\u00a0: violente et raciste, la premi\u00e8re missive pr\u00e9sent\u00e9e \u00e0 l\u2019\u00e9poque comme la visant indiquait par exemple\u00a0: \u00abLes Arabes du lyc\u00e9e, on doit les tuer. Je vais les saigner comme les cochons de mon grand-p\u00e8re.\u00bb Les deux courriers suivants qui \u00e9taient de teneur similaire, avaient entra\u00een\u00e9 de vives r\u00e9actions de soutien du corps professoral &#8211; comme la premi\u00e8re fois.<\/p>\n<p class=\"fig-paragraph\">Lors de la quatri\u00e8me salve dans ce dossier, les menaces de mort et les incitations au viol &#8211; toujours ponctu\u00e9es d\u2019insultes racistes &#8211; avaient pris une autre forme&#8230; Celle d\u2019un SMS anonyme, envoy\u00e9 \u00e0 un \u00e9tudiant, qui \u00e9tait incit\u00e9 \u00e0 relayer sur les r\u00e9seaux sociaux ces menaces envers sa professeur. C\u2019est ainsi que la victime est devenue suspecte aux yeux de la section de recherches de la gendarmerie nationale.<\/p>\n<p>Prise la main dans le sac<\/p>\n<p class=\"fig-paragraph\">Selon plusieurs sources concordantes du Figaro, les enqu\u00eateurs ont en effet d\u00e9couvert le pot aux roses en \u00e9tudiant la t\u00e9l\u00e9phonie de ce dossier. Envoy\u00e9 depuis un portable Lyca (commun\u00e9ment utilis\u00e9 par les trafiquants de drogue car il peut \u00eatre achet\u00e9 sans justificatif d\u2019identit\u00e9), le quatri\u00e8me message avait pour \u00e9metteur une carte SIM pr\u00e9pay\u00e9e et achet\u00e9e dans un bureau de tabac. Or, les enqu\u00eateurs sont parvenus \u00e0 identifier ce dernier. En consultant les archives de la cam\u00e9ra de vid\u00e9osurveillance de l\u2019\u00e9tablissement, ils ont alors d\u00e9couvert une image o\u00f9 la professeur \u00e9tait en train d\u2019acheter ladite carte SIM.<\/p>\n<p class=\"fig-paragraph\">Bien que les preuves soient accablantes, l\u2019enseignante demeure pr\u00e9sum\u00e9e innocente jusqu\u2019\u00e0 son jugement. Toujours entendue par les enqu\u00eateurs ce mercredi, elle a d\u00e9j\u00e0 partiellement avou\u00e9 les faits d\u2019apr\u00e8s les informations dont nous disposons. Contact\u00e9, le rectorat de Bordeaux se refuse pour l\u2019instant \u00e0 commenter les faits.<\/p>\n","protected":false},"excerpt":{"rendered":"L\u2019enseignante du lyc\u00e9e Jean-Monnet de Libourne \u00e9tait pr\u00e9tendument vis\u00e9e par des menaces de mort et de viol, sur&hellip;\n","protected":false},"author":2,"featured_media":64141,"comment_status":"","ping_status":"","sticky":false,"template":"","format":"standard","meta":{"footnotes":""},"categories":[2817],"tags":[1111,11,1997,2916,2911,2910,2915,2909,2904,2913,2912,2914,2906,2907,11271,1777,674,1011,27,2905,2908,7775,12,2219,25],"class_list":{"0":"post-64140","1":"post","2":"type-post","3":"status-publish","4":"format-standard","5":"has-post-thumbnail","7":"category-bordeaux","8":"tag-actu","9":"tag-actualites","10":"tag-bordeaux","11":"tag-bordeaux-cauderan","12":"tag-bordeaux-centre-ville","13":"tag-bordeaux-chartrons-grand-parc-jardin-public","14":"tag-bordeaux-la-bastide","15":"tag-bordeaux-maritime","16":"tag-bordeaux-metropole","17":"tag-bordeaux-nansouty-st-genes","18":"tag-bordeaux-st-augustin-tauzin-alphonse-dupeux","19":"tag-bordeaux-sud","20":"tag-capitale-de-gaule","21":"tag-cathedrale-gothique-de-saint-andre","22":"tag-enseignants","23":"tag-eu","24":"tag-europe","25":"tag-fr","26":"tag-france","27":"tag-gironde","28":"tag-girondins-de-bordeaux","29":"tag-menaces-de-mort","30":"tag-news","31":"tag-nouvelle-aquitaine","32":"tag-republique-francaise"},"share_on_mastodon":{"url":"","error":"Validation failed: Text character limit of 500 exceeded"},"_links":{"self":[{"href":"https:\/\/www.europesays.com\/fr\/wp-json\/wp\/v2\/posts\/64140","targetHints":{"allow":["GET"]}}],"collection":[{"href":"https:\/\/www.europesays.com\/fr\/wp-json\/wp\/v2\/posts"}],"about":[{"href":"https:\/\/www.europesays.com\/fr\/wp-json\/wp\/v2\/types\/post"}],"author":[{"embeddable":true,"href":"https:\/\/www.europesays.com\/fr\/wp-json\/wp\/v2\/users\/2"}],"replies":[{"embeddable":true,"href":"https:\/\/www.europesays.com\/fr\/wp-json\/wp\/v2\/comments?post=64140"}],"version-history":[{"count":0,"href":"https:\/\/www.europesays.com\/fr\/wp-json\/wp\/v2\/posts\/64140\/revisions"}],"wp:featuredmedia":[{"embeddable":true,"href":"https:\/\/www.europesays.com\/fr\/wp-json\/wp\/v2\/media\/64141"}],"wp:attachment":[{"href":"https:\/\/www.europesays.com\/fr\/wp-json\/wp\/v2\/media?parent=64140"}],"wp:term":[{"taxonomy":"category","embeddable":true,"href":"https:\/\/www.europesays.com\/fr\/wp-json\/wp\/v2\/categories?post=64140"},{"taxonomy":"post_tag","embeddable":true,"href":"https:\/\/www.europesays.com\/fr\/wp-json\/wp\/v2\/tags?post=64140"}],"curies":[{"name":"wp","href":"https:\/\/api.w.org\/{rel}","templated":true}]}}