{"id":641411,"date":"2026-01-05T00:16:10","date_gmt":"2026-01-05T00:16:10","guid":{"rendered":"https:\/\/www.europesays.com\/fr\/641411\/"},"modified":"2026-01-05T00:16:10","modified_gmt":"2026-01-05T00:16:10","slug":"le-president-venezuelien-comparaitra-demain-devant-un-juge-de-new-york","status":"publish","type":"post","link":"https:\/\/www.europesays.com\/fr\/641411\/","title":{"rendered":"le pr\u00e9sident v\u00e9n\u00e9zu\u00e9lien compara\u00eetra demain devant un juge de New York"},"content":{"rendered":"<p>   Marco Rubio affirme que les \u00c9tats-Unis ne dirigeront pas le Venezuela, mais feront pression pour obtenir des changements par le biais d\u2019un embargo p\u00e9trolier             <\/p>\n<p class=\"post__live-container--answer-text post__space-node\">Alors que Donald Trump avait affirm\u00e9 une demi-douzaine de fois que <a href=\"https:\/\/www.lemonde.fr\/international\/live\/2026\/01\/04\/en-direct-enlevement-de-maduro-au-venezuela-donald-trump-menace-la-presidente-par-interim-du-venezuela-de-lui-faire-payer-plus-cher-que-le-president-dechu-si-elle-ne-fait-pas-ce-qu-il-faut_6660411_3210.html?#id-2746430\" target=\"_blank\" rel=\"noopener\">les Etats-Unis allaient \u00ab\u00a0diriger\u00a0\u00bb le Venezuela<\/a>, lors de sa conf\u00e9rence de presse, hier, Marco Rubio a dit autre chose, lors de ses nombreux entretiens avec les m\u00e9dias am\u00e9ricains, aujourd\u2019hui.<\/p>\n<p class=\"post__live-container--answer-text post__space-node\">Le secr\u00e9taire d\u2019\u00c9tat am\u00e9ricain a, en effet, laiss\u00e9 entendre que les \u00c9tats-Unis ne gouverneraient pas le Venezuela au quotidien, se contentant d\u2019appliquer un \u00ab\u00a0embargo p\u00e9trolier\u00a0\u00bb d\u00e9j\u00e0 en vigueur dans le pays, et qu\u2019ils utiliseraient ensuite ce moyen de pression pour obtenir des changements politiques favorables, rapporte l\u2019agence de presse am\u00e9ricaine Associated Press (AP).<\/p>\n<p class=\"post__live-container--answer-text post__space-node\">\u00ab\u00a0C\u2019est \u00e0 ce type de contr\u00f4le que le pr\u00e9sident fait allusion lorsqu\u2019il dit cela\u00a0\u00bb, <a href=\"https:\/\/www.cbsnews.com\/news\/marco-rubio-venezuela-occupation-trump-maduro\/\" target=\"_blank\" rel=\"noopener\" title=\"Nouvelle fen\u00eatre\">a ainsi d\u00e9clar\u00e9 Marco Rubio sur CBS<\/a>. \u00ab\u00a0Nous poursuivons cet embargo et nous nous attendons \u00e0 voir des changements, non seulement dans la fa\u00e7on dont l\u2019industrie p\u00e9troli\u00e8re est g\u00e9r\u00e9e au profit du peuple, mais aussi pour mettre fin au trafic de drogue.\u00a0\u00bb<\/p>\n<p class=\"post__live-container--answer-text post__space-node\">Sur NBC, <a href=\"https:\/\/www.nytimes.com\/2026\/01\/04\/us\/politics\/rubio-military-quarantine-venezuela-oil.html\" target=\"_blank\" rel=\"noopener\" title=\"Nouvelle fen\u00eatre\">rel\u00e8ve The New York Times<\/a>, le secr\u00e9taire d\u2019Etat am\u00e9ricain a d\u00e9clar\u00e9\u00a0: \u00ab\u00a0Ce n\u2019est pas diriger, c\u2019est diriger la politique, en fonction de cela.\u00a0\u00bb<\/p>\n<p class=\"post__live-container--answer-text post__space-node\">Hier, Donald Trump avait pourtant affirm\u00e9 que les Etats-Unis comptaient \u00ab\u00a0diriger le pays jusqu\u2019\u00e0 ce que nous puissions proc\u00e9der \u00e0 une transition s\u00fbre, appropri\u00e9e et judicieuse\u00a0\u00bb. <a href=\"https:\/\/www.lemonde.fr\/international\/live\/2026\/01\/04\/en-direct-enlevement-de-maduro-au-venezuela-donald-trump-menace-la-presidente-par-interim-du-venezuela-de-lui-faire-payer-plus-cher-que-le-president-dechu-si-elle-ne-fait-pas-ce-qu-il-faut_6660411_3210.html?#id-2745984\" target=\"_blank\" rel=\"noopener\">Interrog\u00e9 sur qui dirigerait le pays exactement<\/a>, il s\u2019\u00e9tait retourn\u00e9 vers Marco Rubio et Pete Hegseth, le secr\u00e9taire \u00e0 la guerre. Interrog\u00e9e par AP, la Maison Blanche n\u2019a pas r\u00e9agi.<\/p>\n<p class=\"post__live-container--answer-text post__space-node\">Un peu plus t\u00f4t, sur <a href=\"https:\/\/www.cbsnews.com\/miami\/video\/secretary-of-state-marco-rubio-shares-first-statements-on-maduros-capture\/\" target=\"_blank\" rel=\"noopener\" title=\"Nouvelle fen\u00eatre\">CBS<\/a>, <a href=\"https:\/\/www.lemonde.fr\/international\/live\/2026\/01\/04\/en-direct-enlevement-de-maduro-au-venezuela-donald-trump-menace-la-presidente-par-interim-du-venezuela-de-lui-faire-payer-plus-cher-que-le-president-dechu-si-elle-ne-fait-pas-ce-qu-il-faut_6660411_3210.html?#id-2747763\" target=\"_blank\" rel=\"noopener\" title=\"Nouvelle fen\u00eatre\">Marco Rubio a \u00e9galement d\u00e9clar\u00e9 que<\/a> les Etats-Unis travailleront avec les responsables v\u00e9n\u00e9zu\u00e9liens en place \u00ab\u00a0s\u2019ils prennent de bonnes d\u00e9cisions\u00a0\u00bb. \u00ab\u00a0S\u2019ils ne prennent pas de bonnes d\u00e9cisions, les Etats-Unis conserveront de nombreux leviers d\u2019influence pour garantir la protection de nos int\u00e9r\u00eats, notamment l\u2019embargo p\u00e9trolier. Nous allons donc juger, \u00e0 l\u2019avenir, nous allons juger tout ce qu\u2019ils font\u00a0\u00bb, a-t-il dit \u00e0 propos du gouvernement v\u00e9n\u00e9zu\u00e9lien.<\/p>\n","protected":false},"excerpt":{"rendered":"Marco Rubio affirme que les \u00c9tats-Unis ne dirigeront pas le Venezuela, mais feront pression pour obtenir des changements&hellip;\n","protected":false},"author":2,"featured_media":641412,"comment_status":"","ping_status":"","sticky":false,"template":"","format":"standard","meta":{"footnotes":""},"categories":[5],"tags":[11,1011,27,14,12,28],"class_list":{"0":"post-641411","1":"post","2":"type-post","3":"status-publish","4":"format-standard","5":"has-post-thumbnail","7":"category-international","8":"tag-actualites","9":"tag-fr","10":"tag-france","11":"tag-international","12":"tag-news","13":"tag-world"},"share_on_mastodon":{"url":"https:\/\/pubeurope.com\/@fr\/115839617210887712","error":""},"_links":{"self":[{"href":"https:\/\/www.europesays.com\/fr\/wp-json\/wp\/v2\/posts\/641411","targetHints":{"allow":["GET"]}}],"collection":[{"href":"https:\/\/www.europesays.com\/fr\/wp-json\/wp\/v2\/posts"}],"about":[{"href":"https:\/\/www.europesays.com\/fr\/wp-json\/wp\/v2\/types\/post"}],"author":[{"embeddable":true,"href":"https:\/\/www.europesays.com\/fr\/wp-json\/wp\/v2\/users\/2"}],"replies":[{"embeddable":true,"href":"https:\/\/www.europesays.com\/fr\/wp-json\/wp\/v2\/comments?post=641411"}],"version-history":[{"count":0,"href":"https:\/\/www.europesays.com\/fr\/wp-json\/wp\/v2\/posts\/641411\/revisions"}],"wp:featuredmedia":[{"embeddable":true,"href":"https:\/\/www.europesays.com\/fr\/wp-json\/wp\/v2\/media\/641412"}],"wp:attachment":[{"href":"https:\/\/www.europesays.com\/fr\/wp-json\/wp\/v2\/media?parent=641411"}],"wp:term":[{"taxonomy":"category","embeddable":true,"href":"https:\/\/www.europesays.com\/fr\/wp-json\/wp\/v2\/categories?post=641411"},{"taxonomy":"post_tag","embeddable":true,"href":"https:\/\/www.europesays.com\/fr\/wp-json\/wp\/v2\/tags?post=641411"}],"curies":[{"name":"wp","href":"https:\/\/api.w.org\/{rel}","templated":true}]}}