{"id":641413,"date":"2026-01-05T00:17:11","date_gmt":"2026-01-05T00:17:11","guid":{"rendered":"https:\/\/www.europesays.com\/fr\/641413\/"},"modified":"2026-01-05T00:17:11","modified_gmt":"2026-01-05T00:17:11","slug":"nord-une-fillette-de-10-ans-retrouvee-morte-a-son-domicile-la-piste-du-jeu-du-foulard-privilegiee","status":"publish","type":"post","link":"https:\/\/www.europesays.com\/fr\/641413\/","title":{"rendered":"Nord\u00a0: une fillette de 10\u00a0ans retrouv\u00e9e morte \u00e0 son domicile, la piste du \u00ab\u00a0jeu du foulard\u00a0\u00bb privil\u00e9gi\u00e9e"},"content":{"rendered":"<p class=\"paragraph text_align_left lp-f-body-02\">Une enfant de 10\u00a0ans a \u00e9t\u00e9 retrouv\u00e9e morte dans la nuit de samedi \u00e0 dimanche \u00e0 Bruay-sur-l\u2019Escaut, dans le <a href=\"https:\/\/www.leparisien.fr\/nord-59\/\" target=\"_self\" rel=\"noopener\">Nord<\/a>, indique une source polici\u00e8re au Parisien.<\/p>\n<p class=\"\">Vers une heure du matin, les secours ont \u00e9t\u00e9 appel\u00e9s pour venir en aide \u00e0 la fillette, en arr\u00eat cardiorespiratoire au domicile familial. Malgr\u00e9 les efforts pour tenter de la r\u00e9animer, son d\u00e9c\u00e8s a \u00e9t\u00e9 prononc\u00e9 peu de temps apr\u00e8s l\u2019arriv\u00e9e des secours.<\/p>\n<p>\u00ab\u00a0Jeu du foulard\u00a0\u00bb<\/p>\n<p class=\"\">La jeune victime pr\u00e9sentait une l\u00e9g\u00e8re trace de strangulation, selon la source polici\u00e8re. La th\u00e8se d\u2019un <a href=\"https:\/\/www.leparisien.fr\/faits-divers\/vigilance-dans-les-colleges-autour-du-reve-indien-un-defi-tiktok-inspire-du-jeu-du-foulard-28-09-2023-BXRXKGI6MZFGDOZBWJ5WAIUGBU.php\" target=\"_self\" rel=\"noopener\">\u00ab\u00a0jeu du foulard\u00a0\u00bb<\/a> qui aurait mal tourn\u00e9 est privil\u00e9gi\u00e9e apr\u00e8s l\u2019examen m\u00e9dico-l\u00e9gal. Parfois pr\u00e9sente dans les cours d\u2019\u00e9cole, la pratique tr\u00e8s dangereuse consiste \u00e0 se serrer le cou avec un foulard pour provoquer des sensations extr\u00eames.<\/p>\n<p class=\"\">L\u2019intervention d\u2019un tiers a \u00e9t\u00e9 exclue et la piste accidentelle est privil\u00e9gi\u00e9e. Quatre personnes &#8211; le p\u00e8re ainsi que les fr\u00e8res et s\u0153urs de la fillette &#8211; ont \u00e9t\u00e9 plac\u00e9es en garde \u00e0 vue. Pr\u00e9sents sur place au moment des faits, tous sont inconnus de la justice. Leurs gardes \u00e0 vue ont \u00e9t\u00e9 lev\u00e9es ce dimanche. L\u2019enqu\u00eate pr\u00e9liminaire se poursuit.<\/p>\n","protected":false},"excerpt":{"rendered":"Une enfant de 10\u00a0ans a \u00e9t\u00e9 retrouv\u00e9e morte dans la nuit de samedi \u00e0 dimanche \u00e0 Bruay-sur-l\u2019Escaut, dans&hellip;\n","protected":false},"author":2,"featured_media":269811,"comment_status":"","ping_status":"","sticky":false,"template":"","format":"standard","meta":{"footnotes":""},"categories":[4],"tags":[11,459,118,1011,27,12,25],"class_list":{"0":"post-641413","1":"post","2":"type-post","3":"status-publish","4":"format-standard","5":"has-post-thumbnail","7":"category-france","8":"tag-actualites","9":"tag-departements-horsidfo","10":"tag-faits-divers","11":"tag-fr","12":"tag-france","13":"tag-news","14":"tag-republique-francaise"},"share_on_mastodon":{"url":"https:\/\/pubeurope.com\/@fr\/115839621120619355","error":""},"_links":{"self":[{"href":"https:\/\/www.europesays.com\/fr\/wp-json\/wp\/v2\/posts\/641413","targetHints":{"allow":["GET"]}}],"collection":[{"href":"https:\/\/www.europesays.com\/fr\/wp-json\/wp\/v2\/posts"}],"about":[{"href":"https:\/\/www.europesays.com\/fr\/wp-json\/wp\/v2\/types\/post"}],"author":[{"embeddable":true,"href":"https:\/\/www.europesays.com\/fr\/wp-json\/wp\/v2\/users\/2"}],"replies":[{"embeddable":true,"href":"https:\/\/www.europesays.com\/fr\/wp-json\/wp\/v2\/comments?post=641413"}],"version-history":[{"count":0,"href":"https:\/\/www.europesays.com\/fr\/wp-json\/wp\/v2\/posts\/641413\/revisions"}],"wp:featuredmedia":[{"embeddable":true,"href":"https:\/\/www.europesays.com\/fr\/wp-json\/wp\/v2\/media\/269811"}],"wp:attachment":[{"href":"https:\/\/www.europesays.com\/fr\/wp-json\/wp\/v2\/media?parent=641413"}],"wp:term":[{"taxonomy":"category","embeddable":true,"href":"https:\/\/www.europesays.com\/fr\/wp-json\/wp\/v2\/categories?post=641413"},{"taxonomy":"post_tag","embeddable":true,"href":"https:\/\/www.europesays.com\/fr\/wp-json\/wp\/v2\/tags?post=641413"}],"curies":[{"name":"wp","href":"https:\/\/api.w.org\/{rel}","templated":true}]}}