{"id":641416,"date":"2026-01-05T00:20:17","date_gmt":"2026-01-05T00:20:17","guid":{"rendered":"https:\/\/www.europesays.com\/fr\/641416\/"},"modified":"2026-01-05T00:20:17","modified_gmt":"2026-01-05T00:20:17","slug":"un-mercato-xxl-en-vue-a-lasse-horneland-met-fin-au-suspense","status":"publish","type":"post","link":"https:\/\/www.europesays.com\/fr\/641416\/","title":{"rendered":"Un Mercato XXL en vue \u00e0 l&rsquo;ASSE ? Horneland met fin au suspense !"},"content":{"rendered":"<p>L&rsquo;AS Saint-\u00c9tienne a encha\u00een\u00e9 un troisi\u00e8me match de suite sans victoire hier soir en Ligue 2 face au Mans (0-0). Avec de grosses cons\u00e9quences au classement puisque le club st\u00e9phanois n&rsquo;est d\u00e9sormais plus que quatri\u00e8me du championnat et n&rsquo;a pas r\u00e9ussi \u00e0 faire le trou avec son adversaire d&rsquo;hier, qui ne compte qu&rsquo;un point de retard.<\/p>\n<p>Critiqu\u00e9 ces derni\u00e8res semaines, Eirik Horneland n&rsquo;a pas cach\u00e9 une petite d\u00e9ception dans des propos rapport\u00e9s par <a href=\"https:\/\/peuple-vert.fr\/asse-actualite\/le-mans-asse-les-reactions-de-videira-et-horneland\/?fsp_sid=34817\" target=\"_blank\" rel=\"noopener\">Peuple Vert<\/a> : \u00ab\u00a0Oui, il y a forc\u00e9ment un peu de d\u00e9ception. Mais il faut aussi donner beaucoup de cr\u00e9dit au Mans, qui a r\u00e9alis\u00e9 un tr\u00e8s bon match. Il faut \u00e9galement tenir compte de l\u2019\u00e9tat du terrain, qui a rendu le jeu difficile aujourd\u2019hui, notamment dans le jeu \u00e0 une touche. Cela ne nous a pas aid\u00e9s\u00a0\u00bb a-t-il d\u00e9plor\u00e9.<\/p>\n<p>\u00c0 lire aussiL&rsquo;ASSE au ralenti en Ligue 2<\/p>\n<p>Un point qui selon lui, n&rsquo;est pas si mauvais : \u00ab\u00a0Malgr\u00e9 tout, on prend ce point. Je pense que les joueurs ont eu la bonne approche et qu\u2019ils se sont battus pour Saint-\u00c9tienne. C\u2019est vrai qu\u2019il nous manque encore un peu de lucidit\u00e9 dans le dernier geste. La bonne nouvelle, c\u2019est que notre attaquant se cr\u00e9e des occasions, que ce soit contre Nice ou contre Le Mans. C\u2019est positif. Il est tr\u00e8s engag\u00e9 \u00e0 l\u2019entra\u00eenement, donc je suis convaincu que cela va venir.\u00a0\u00bb<\/p>\n<p>Pour lui, tout est une question d&rsquo;efficacit\u00e9 : \u00ab\u00a0On l\u2019a notamment vu contre Nice, lors du match de Coupe avant la pause hivernale. Cette intensit\u00e9, cet engagement, le fait d\u2019\u00eatre les premiers sur le ballon, de mieux prot\u00e9ger notre but et de progresser dans les phases d\u00e9fensives, ce sont des axes importants pour nous. Je suis persuad\u00e9 que nous allons marquer des buts rapidement.\u00a0\u00bb<\/p>\n<p>Horneland n&rsquo;attend aucun renfort !<\/p>\n<p>Une prestation qui le rend optimiste par la suite : \u00ab\u00a0La Ligue 2 est un championnat difficile. Il y a Reims, Le Mans, Pau et d\u2019autres \u00e9quipes tr\u00e8s proches. On se situe dans une zone o\u00f9 tout peut aller tr\u00e8s vite. Nous avons su garder notre sang-froid et avancer match apr\u00e8s match. Si nous parvenons \u00e0 encha\u00eener les victoires, la situation sera bien meilleure. En revanche, il faudra gagner plus r\u00e9guli\u00e8rement \u00e0 domicile, \u00e0 Geoffroy-Guichard. Ce point est positif, mais il faudra le bonifier.\u00a0\u00bb<\/p>\n<p>Un optimisme qui pourrait se traduire sur le Mercato ? Pas du tout \u00e0 en croire ses propos : \u00ab\u00a0Je n\u2019attends pas de nouveaux joueurs cet hiver. Le plus important pour nous, ce sera d\u2019arriver \u00e0 r\u00e9cup\u00e9rer les joueurs qui sont bless\u00e9s. On a recrut\u00e9 des joueurs cet \u00e9t\u00e9, il faut maintenant les avoir \u00e0 notre disposition pour la seconde partie de saison\u00a0\u00bb. Clair, net, pr\u00e9cis.<\/p>\n<p>\u00a0<\/p>\n<p>\u00a0<\/p>\n<p>   Partagez cette info avec vos amis et vos proches en cliquant ici<br \/> Pour r\u00e9sumer<\/p>\n<p>Saint-\u00c9tienne encha\u00eene un troisi\u00e8me match sans victoire (0-0 contre Le Mans) et recule \u00e0 la 4\u1d49 place. Horneland reste optimiste, mise sur l\u2019efficacit\u00e9 et le retour des bless\u00e9s, et n\u2019attend aucun renfort lors du mercato hivernal.<\/p>\n<p>R\u00e9dacteur<\/p>\n<p><img decoding=\"async\" width=\"76\" height=\"76\" loading=\"lazy\" src=\"https:\/\/www.europesays.com\/fr\/wp-content\/uploads\/2025\/04\/avatar-onze.webp.webp\" alt=\"Nathan Bricout\"\/><\/p>\n","protected":false},"excerpt":{"rendered":"L&rsquo;AS Saint-\u00c9tienne a encha\u00een\u00e9 un troisi\u00e8me match de suite sans victoire hier soir en Ligue 2 face au&hellip;\n","protected":false},"author":2,"featured_media":641417,"comment_status":"","ping_status":"","sticky":false,"template":"","format":"standard","meta":{"footnotes":""},"categories":[9653],"tags":[1111,11,2430,1777,674,1011,27,446,12,25,4001,10662],"class_list":{"0":"post-641416","1":"post","2":"type-post","3":"status-publish","4":"format-standard","5":"has-post-thumbnail","7":"category-saint-etienne","8":"tag-actu","9":"tag-actualites","10":"tag-auvergne-rhone-alpes","11":"tag-eu","12":"tag-europe","13":"tag-fr","14":"tag-france","15":"tag-ligue-2","16":"tag-news","17":"tag-republique-francaise","18":"tag-saint-etienne","19":"tag-transferts"},"share_on_mastodon":{"url":"https:\/\/pubeurope.com\/@fr\/115839632888498003","error":""},"_links":{"self":[{"href":"https:\/\/www.europesays.com\/fr\/wp-json\/wp\/v2\/posts\/641416","targetHints":{"allow":["GET"]}}],"collection":[{"href":"https:\/\/www.europesays.com\/fr\/wp-json\/wp\/v2\/posts"}],"about":[{"href":"https:\/\/www.europesays.com\/fr\/wp-json\/wp\/v2\/types\/post"}],"author":[{"embeddable":true,"href":"https:\/\/www.europesays.com\/fr\/wp-json\/wp\/v2\/users\/2"}],"replies":[{"embeddable":true,"href":"https:\/\/www.europesays.com\/fr\/wp-json\/wp\/v2\/comments?post=641416"}],"version-history":[{"count":0,"href":"https:\/\/www.europesays.com\/fr\/wp-json\/wp\/v2\/posts\/641416\/revisions"}],"wp:featuredmedia":[{"embeddable":true,"href":"https:\/\/www.europesays.com\/fr\/wp-json\/wp\/v2\/media\/641417"}],"wp:attachment":[{"href":"https:\/\/www.europesays.com\/fr\/wp-json\/wp\/v2\/media?parent=641416"}],"wp:term":[{"taxonomy":"category","embeddable":true,"href":"https:\/\/www.europesays.com\/fr\/wp-json\/wp\/v2\/categories?post=641416"},{"taxonomy":"post_tag","embeddable":true,"href":"https:\/\/www.europesays.com\/fr\/wp-json\/wp\/v2\/tags?post=641416"}],"curies":[{"name":"wp","href":"https:\/\/api.w.org\/{rel}","templated":true}]}}