{"id":641418,"date":"2026-01-05T00:24:47","date_gmt":"2026-01-05T00:24:47","guid":{"rendered":"https:\/\/www.europesays.com\/fr\/641418\/"},"modified":"2026-01-05T00:24:47","modified_gmt":"2026-01-05T00:24:47","slug":"volley-ball-le-volley-mulhouse-alsace-recoit-vandoeuvre-nancy-pour-un-choc-au-sommet","status":"publish","type":"post","link":"https:\/\/www.europesays.com\/fr\/641418\/","title":{"rendered":"Volley-ball . Le Volley Mulhouse Alsace re\u00e7oit Vandoeuvre\/Nancy pour un choc au sommet"},"content":{"rendered":"<p>Un choc au sommet de la Ligue A f\u00e9minine pour entamer l\u2019ann\u00e9e 2026, c\u2019est ce qui est propos\u00e9 ce samedi (20\u00a0h) au Palais des sports.<\/p>\n<p>Pour repartir du bon pied, apr\u00e8s une fin d\u2019ann\u00e9e 2025 historique, avec 18 victoires cons\u00e9cutives toutes comp\u00e9titions confondues, le Volley Mulhouse Alsace, leader invaincu avec 13 victoires en championnat, re\u00e7oit ses dauphines du Vandoeuvre\/Nancy Volley-Ball. Un match qui promet, face \u00e0 la seule \u00e9quipe qui arrive, tant bien que mal, \u00e0 tenir le rythme effr\u00e9n\u00e9 du VMA actuellement dans l\u2019Hexagone.<\/p>\n<p>Plus&#8230;                        <\/p>\n","protected":false},"excerpt":{"rendered":"Un choc au sommet de la Ligue A f\u00e9minine pour entamer l\u2019ann\u00e9e 2026, c\u2019est ce qui est propos\u00e9&hellip;\n","protected":false},"author":2,"featured_media":641419,"comment_status":"","ping_status":"","sticky":false,"template":"","format":"standard","meta":{"footnotes":""},"categories":[9635],"tags":[1111,11,1636,1777,674,1701,1011,27,775,1634,1702,12,25,1635,4604,517,1633,1632],"class_list":{"0":"post-641418","1":"post","2":"type-post","3":"status-publish","4":"format-standard","5":"has-post-thumbnail","7":"category-nancy","8":"tag-actu","9":"tag-actualites","10":"tag-edition-mulhouse-thann","11":"tag-eu","12":"tag-europe","13":"tag-fil-info-sport","14":"tag-fr","15":"tag-france","16":"tag-grand-est","17":"tag-mulhouse","18":"tag-nancy","19":"tag-news","20":"tag-republique-francaise","21":"tag-secteur-de-mulhouse","22":"tag-selection-abonne","23":"tag-sport","24":"tag-volley-mulhouse-alsace","25":"tag-volley-ball"},"share_on_mastodon":{"url":"https:\/\/pubeurope.com\/@fr\/115839652667324227","error":""},"_links":{"self":[{"href":"https:\/\/www.europesays.com\/fr\/wp-json\/wp\/v2\/posts\/641418","targetHints":{"allow":["GET"]}}],"collection":[{"href":"https:\/\/www.europesays.com\/fr\/wp-json\/wp\/v2\/posts"}],"about":[{"href":"https:\/\/www.europesays.com\/fr\/wp-json\/wp\/v2\/types\/post"}],"author":[{"embeddable":true,"href":"https:\/\/www.europesays.com\/fr\/wp-json\/wp\/v2\/users\/2"}],"replies":[{"embeddable":true,"href":"https:\/\/www.europesays.com\/fr\/wp-json\/wp\/v2\/comments?post=641418"}],"version-history":[{"count":0,"href":"https:\/\/www.europesays.com\/fr\/wp-json\/wp\/v2\/posts\/641418\/revisions"}],"wp:featuredmedia":[{"embeddable":true,"href":"https:\/\/www.europesays.com\/fr\/wp-json\/wp\/v2\/media\/641419"}],"wp:attachment":[{"href":"https:\/\/www.europesays.com\/fr\/wp-json\/wp\/v2\/media?parent=641418"}],"wp:term":[{"taxonomy":"category","embeddable":true,"href":"https:\/\/www.europesays.com\/fr\/wp-json\/wp\/v2\/categories?post=641418"},{"taxonomy":"post_tag","embeddable":true,"href":"https:\/\/www.europesays.com\/fr\/wp-json\/wp\/v2\/tags?post=641418"}],"curies":[{"name":"wp","href":"https:\/\/api.w.org\/{rel}","templated":true}]}}