{"id":641420,"date":"2026-01-05T00:25:17","date_gmt":"2026-01-05T00:25:17","guid":{"rendered":"https:\/\/www.europesays.com\/fr\/641420\/"},"modified":"2026-01-05T00:25:17","modified_gmt":"2026-01-05T00:25:17","slug":"trois-cents-courageux-a-leau-pour-le-bain-du-nouvel-an-a-la-seyne-ce-samedi","status":"publish","type":"post","link":"https:\/\/www.europesays.com\/fr\/641420\/","title":{"rendered":"Trois cents courageux \u00e0 l\u2019eau pour le bain du Nouvel An \u00e0 La Seyne ce samedi"},"content":{"rendered":"<p class=\"fs-5 \">Une \u00e9preuve finalement moins redoutable qu\u2019il n\u2019y para\u00eet : l\u2019eau affichait 14 \u00b0C, pour une temp\u00e9rature ext\u00e9rieure de 8 \u00b0C.<\/p>\n<p class=\"fs-5 \">\u00c0 en croire les participants, une fois immerg\u00e9s, le mouvement aide rapidement \u00e0 se r\u00e9chauffer et procure m\u00eame une sensation de regain d\u2019\u00e9nergie.<\/p>\n<p class=\"fs-5 \">En sortant de l\u2019eau, le corps continue de lutter contre le froid, au point que l\u2019on ne ressent presque plus rien. Un effort aussit\u00f4t r\u00e9compens\u00e9 par un verre de vin chaud, partag\u00e9 dans la bonne humeur.<\/p>\n<p class=\"fs-5 \">Parmi les baigneurs, Iris, 7 ans, a impressionn\u00e9 par son courage, tandis que Jean, 87 ans, doyen de l\u2019\u00e9v\u00e9nement, participait une nouvelle fois.<\/p>\n<p class=\"fs-5 \">\u00ab Petit-fils et fils de p\u00eacheurs, je suis n\u00e9 dans l\u2019eau et j\u2019ai toujours aim\u00e9 \u00e7a. Je ne fais \u00e7a que pour le plaisir \u00bb, confie-t-il. Fid\u00e8le \u00e0 la tradition, il r\u00e9pond pr\u00e9sent chaque ann\u00e9e !<\/p>\n","protected":false},"excerpt":{"rendered":"Une \u00e9preuve finalement moins redoutable qu\u2019il n\u2019y para\u00eet : l\u2019eau affichait 14 \u00b0C, pour une temp\u00e9rature ext\u00e9rieure de&hellip;\n","protected":false},"author":2,"featured_media":641421,"comment_status":"","ping_status":"","sticky":false,"template":"","format":"standard","meta":{"footnotes":""},"categories":[9619],"tags":[1111,11,1777,674,1011,27,12,882,25,2310],"class_list":{"0":"post-641420","1":"post","2":"type-post","3":"status-publish","4":"format-standard","5":"has-post-thumbnail","7":"category-toulon","8":"tag-actu","9":"tag-actualites","10":"tag-eu","11":"tag-europe","12":"tag-fr","13":"tag-france","14":"tag-news","15":"tag-provence-alpes-cote-dazur","16":"tag-republique-francaise","17":"tag-toulon"},"share_on_mastodon":{"url":"https:\/\/pubeurope.com\/@fr\/115839652770795823","error":""},"_links":{"self":[{"href":"https:\/\/www.europesays.com\/fr\/wp-json\/wp\/v2\/posts\/641420","targetHints":{"allow":["GET"]}}],"collection":[{"href":"https:\/\/www.europesays.com\/fr\/wp-json\/wp\/v2\/posts"}],"about":[{"href":"https:\/\/www.europesays.com\/fr\/wp-json\/wp\/v2\/types\/post"}],"author":[{"embeddable":true,"href":"https:\/\/www.europesays.com\/fr\/wp-json\/wp\/v2\/users\/2"}],"replies":[{"embeddable":true,"href":"https:\/\/www.europesays.com\/fr\/wp-json\/wp\/v2\/comments?post=641420"}],"version-history":[{"count":0,"href":"https:\/\/www.europesays.com\/fr\/wp-json\/wp\/v2\/posts\/641420\/revisions"}],"wp:featuredmedia":[{"embeddable":true,"href":"https:\/\/www.europesays.com\/fr\/wp-json\/wp\/v2\/media\/641421"}],"wp:attachment":[{"href":"https:\/\/www.europesays.com\/fr\/wp-json\/wp\/v2\/media?parent=641420"}],"wp:term":[{"taxonomy":"category","embeddable":true,"href":"https:\/\/www.europesays.com\/fr\/wp-json\/wp\/v2\/categories?post=641420"},{"taxonomy":"post_tag","embeddable":true,"href":"https:\/\/www.europesays.com\/fr\/wp-json\/wp\/v2\/tags?post=641420"}],"curies":[{"name":"wp","href":"https:\/\/api.w.org\/{rel}","templated":true}]}}