{"id":641422,"date":"2026-01-05T00:26:11","date_gmt":"2026-01-05T00:26:11","guid":{"rendered":"https:\/\/www.europesays.com\/fr\/641422\/"},"modified":"2026-01-05T00:26:11","modified_gmt":"2026-01-05T00:26:11","slug":"la-rochelle-toulon-66-0-encore-une-impasse-et-encore-un-carton-en-top-14","status":"publish","type":"post","link":"https:\/\/www.europesays.com\/fr\/641422\/","title":{"rendered":"La\u00a0Rochelle &#8211; Toulon (66-0)\u00a0: encore une impasse et encore un carton en Top\u00a014"},"content":{"rendered":"<p class=\"paragraph text_align_left lp-f-body-02\">Depuis trois semaines, le suspense ne dure pas plus que quelques minutes sur les antennes de Canal +\u00a0le dimanche soir en<a href=\"https:\/\/www.leparisien.fr\/sports\/rugby\/\" target=\"_self\" rel=\"noopener\"> Top\u00a014<\/a>. Ce dimanche, Toulon a choisi de se d\u00e9placer \u00e0 <a href=\"https:\/\/www.leparisien.fr\/sports\/rugby\/le-martien-a-fait-du-martien-le-grand-retour-de-super-dupont-etincelant-face-a-la-rochelle-en-top-14-29-12-2025-RLGIRA7CZJGVLLW464Z3FHZN2Q.php\" target=\"_self\" rel=\"noopener\">La\u00a0Rochelle<\/a> avec un effectif largement amoindri.<\/p>\n<p class=\"\">Baptiste Serin, Charles Ollivon, Melvyn Jaminet, David Ribbans ou encore Ga\u00ebl Dr\u00e9an \u00e9taient, entre autres, tous m\u00e9nag\u00e9s. Et les 16 absents remplac\u00e9s par des jeunes pousses du centre de formation, qui n\u2019ont jamais fait le poids.<\/p>\n<p>Trois dimanches soir cons\u00e9cutifs \u00e0 sens unique<\/p>\n<p class=\"\">Pour ses 10\u00a0ans de guichets ferm\u00e9s, La\u00a0Rochelle a pass\u00e9 10 essais, sans m\u00eame forcer. 42-0 apr\u00e8s 42 minutes et 59-0 \u00e0 l\u2019heure de jeu, les Rochelais auraient m\u00eame pu alourdir la note mais ont sembl\u00e9 se retenir sur les 20 derni\u00e8res minutes.<\/p>\n<p class=\"\">La semaine derni\u00e8re, ces m\u00eames Rochelais avaient eux aussi <a href=\"https:\/\/www.leparisien.fr\/sports\/rugby\/niveau-encore-plus-eleve-impasses-strategiques-pourquoi-le-top-14-est-serre-comme-jamais-04-01-2026-LZMVGUW7MVGUTGK2PZPC2NHU3E.php\" target=\"_self\" rel=\"noopener\">fait l\u2019impasse<\/a> pour un d\u00e9placement \u00e0 Toulouse, pr\u00e9vu le dimanche soir. Et \u00e9taient repartis du Stadium avec 60 points dans les bagages et une lourde d\u00e9faite (60-14).<\/p>\n<p class=\"\">Cela fait trois semaines cons\u00e9cutives que le match du dimanche soir tourne \u00e0 la d\u00e9rouill\u00e9e, puisqu\u2019avant, c\u2019\u00e9tait\u2026 Toulon qui avait pris une vol\u00e9e \u00e0 Bordeaux (46-7). De quoi questionner sur la programmation dense des grosses cylindr\u00e9es, parfois contraintes de faire reposer leurs meilleurs joueurs. Et bazarder des rencontres, au d\u00e9triment du spectacle et de leurs supporters.<\/p>\n","protected":false},"excerpt":{"rendered":"Depuis trois semaines, le suspense ne dure pas plus que quelques minutes sur les antennes de Canal +\u00a0le&hellip;\n","protected":false},"author":2,"featured_media":641423,"comment_status":"","ping_status":"","sticky":false,"template":"","format":"standard","meta":{"footnotes":""},"categories":[9619],"tags":[1111,11,1777,674,1011,27,12,882,25,479,60,2310],"class_list":{"0":"post-641422","1":"post","2":"type-post","3":"status-publish","4":"format-standard","5":"has-post-thumbnail","7":"category-toulon","8":"tag-actu","9":"tag-actualites","10":"tag-eu","11":"tag-europe","12":"tag-fr","13":"tag-france","14":"tag-news","15":"tag-provence-alpes-cote-dazur","16":"tag-republique-francaise","17":"tag-rugby","18":"tag-sports","19":"tag-toulon"},"share_on_mastodon":{"url":"https:\/\/pubeurope.com\/@fr\/115839656528833323","error":""},"_links":{"self":[{"href":"https:\/\/www.europesays.com\/fr\/wp-json\/wp\/v2\/posts\/641422","targetHints":{"allow":["GET"]}}],"collection":[{"href":"https:\/\/www.europesays.com\/fr\/wp-json\/wp\/v2\/posts"}],"about":[{"href":"https:\/\/www.europesays.com\/fr\/wp-json\/wp\/v2\/types\/post"}],"author":[{"embeddable":true,"href":"https:\/\/www.europesays.com\/fr\/wp-json\/wp\/v2\/users\/2"}],"replies":[{"embeddable":true,"href":"https:\/\/www.europesays.com\/fr\/wp-json\/wp\/v2\/comments?post=641422"}],"version-history":[{"count":0,"href":"https:\/\/www.europesays.com\/fr\/wp-json\/wp\/v2\/posts\/641422\/revisions"}],"wp:featuredmedia":[{"embeddable":true,"href":"https:\/\/www.europesays.com\/fr\/wp-json\/wp\/v2\/media\/641423"}],"wp:attachment":[{"href":"https:\/\/www.europesays.com\/fr\/wp-json\/wp\/v2\/media?parent=641422"}],"wp:term":[{"taxonomy":"category","embeddable":true,"href":"https:\/\/www.europesays.com\/fr\/wp-json\/wp\/v2\/categories?post=641422"},{"taxonomy":"post_tag","embeddable":true,"href":"https:\/\/www.europesays.com\/fr\/wp-json\/wp\/v2\/tags?post=641422"}],"curies":[{"name":"wp","href":"https:\/\/api.w.org\/{rel}","templated":true}]}}