{"id":641424,"date":"2026-01-05T00:27:10","date_gmt":"2026-01-05T00:27:10","guid":{"rendered":"https:\/\/www.europesays.com\/fr\/641424\/"},"modified":"2026-01-05T00:27:10","modified_gmt":"2026-01-05T00:27:10","slug":"cette-course-inclusive-a-montpellier-a-deja-change-plus-de-choses-quon-limagine","status":"publish","type":"post","link":"https:\/\/www.europesays.com\/fr\/641424\/","title":{"rendered":"Cette course inclusive \u00e0 Montpellier a d\u00e9j\u00e0 chang\u00e9 plus de choses qu\u2019on l\u2019imagine"},"content":{"rendered":"<p>                    Par<br \/>\n        <strong><br \/>\n            <a href=\"https:\/\/actu.fr\/auteur\/metropoop\" title=\"Consulter tous les articles de R\u00e9daction M\u00e9tropolitain\" target=\"_blank\" rel=\"noopener\">R\u00e9daction M\u00e9tropolitain<\/a><br \/>\n                    <\/strong><\/p>\n<p>        Publi\u00e9 le<\/p>\n<p>            4 janv. 2026 \u00e0 17h06        <\/p>\n<p>Le bassin Jacques C\u0153ur ne r\u00e9sonnera pas seulement du bruit des pas. Le 1er f\u00e9vrier prochain, il portera aussi dix ans d\u2019engagement solidaire. La course Envolez-vous c\u00e9l\u00e8bre sa dixi\u00e8me \u00e9dition \u00e0 Montpellier. L\u2019\u00e9v\u00e9nement s\u2019est impos\u00e9 comme un rendez-vous \u00e0 part dans le paysage sportif local. Ici, la performance passe apr\u00e8s le partage. Depuis 2016, la m\u00eame ligne de d\u00e9part rassemble des profils tr\u00e8s diff\u00e9rents. Coureurs confirm\u00e9s, d\u00e9butants, enfants et personnes handicap\u00e9es avancent ensemble.<\/p>\n<p>    <a href=\"https:\/\/www.google.com\/maps\/embed?pb=!1m18!1m12!1m3!1d23114.090373704526!2d3.8338559999999995!3d43.6011008!2m3!1f0!2f0!3f0!3m2!1i1024!2i768!4f13.1!3m3!1m2!1s0x12b6af8f5baa14e9%3A0xd277bf692aefdac!2sBassin%20Jacques%20Coeur!5e0!3m2!1sfr!2sfr!4v1767542591885!5m2!1sfr!2sfr\" title=\"Ouvrie le lien\" target=\"_blank\" rel=\"noopener\">Cliquez ici pour visualiser le contenu<\/a><\/p>\n<p>20 000 euros r\u00e9colt\u00e9s en dix ans<\/p>\n<p class=\" wall-content\">L\u2019\u00e9dition 2025 a marqu\u00e9 les esprits. Quatre cents participants ont pris le d\u00e9part. La course a permis de reverser 3 000 euros \u00e0 l\u2019association Envol. Ce chiffre s\u2019ajoute \u00e0 une d\u00e9cennie d\u2019efforts. Depuis la cr\u00e9ation de l\u2019\u00e9v\u00e9nement, <strong>20 000 euros<\/strong> ont financ\u00e9 des projets li\u00e9s \u00e0 l\u2019accessibilit\u00e9. Derri\u00e8re Envolez-vous, deux acteurs avancent au m\u00eame rythme. L\u2019association Envol accompagne depuis douze ans des personnes en situation de handicap. Sa fondatrice, Cindy Le Falher, d\u00e9fend une approche bas\u00e9e sur l\u2019autonomie et les activit\u00e9s adapt\u00e9es.  \u00c0 ses c\u00f4t\u00e9s, le Montpellier Athl\u00e9tic Running Club joue un r\u00f4le cl\u00e9. Le MARC promeut une pratique ouverte de la course \u00e0 pied et mise sur la convivialit\u00e9 et le d\u00e9passement de soi.<\/p>\n<p class=\" wall-content\">La dixi\u00e8me \u00e9dition se tiendra<strong> ce dimanche 1er f\u00e9vrier 2026<\/strong>. Le d\u00e9part aura lieu \u00e0 9 heures. Deux distances sont propos\u00e9es, 5 et 10 kilom\u00e8tres. Les inscriptions sont ouvertes avec des tarifs annonc\u00e9s entre 9, 12 et 40 euros selon les formats. Dix ans apr\u00e8s sa cr\u00e9ation, Envolez-vous garde le m\u00eame cap : courir ensemble, pour que personne ne reste sur le bord du chemin.<\/p>\n<p><strong>&gt;<\/strong> Les inscriptions sont ouvertes : <a href=\"https:\/\/www.helloasso.com\/associations\/montpellier-athletic-running-club\/evenements\/course-a-pied-envolez-vous-01-02-2025-montpellier\" target=\"_blank\" rel=\"noopener\">https:\/\/www.helloasso.com\/associations\/montpellier-athletic-running-club\/evenements\/course-a-pied-envolez-vous-01-02-2025-montpellier<\/a><\/p>\n<p class=\" wall-content\">Personnalisez votre actualit\u00e9 en ajoutant vos villes et m\u00e9dias en favori avec <a href=\"https:\/\/moncompte.actu.fr\" title=\"D\u00e9couvez Mon Actu\" rel=\"nofollow noopener\" data-trk=\"{&quot;cta&quot;:{&quot;action&quot;:&quot;https:\\\/\\\/moncompte.actu.fr&quot;,&quot;category&quot;:&quot;mon compte&quot;,&quot;from&quot;:&quot;article footer&quot;,&quot;name&quot;:&quot;Mon actu&quot;,&quot;type&quot;:&quot;cta&quot;}}\" target=\"_blank\">Mon Actu<\/a>.<\/p>\n","protected":false},"excerpt":{"rendered":"Par R\u00e9daction M\u00e9tropolitain Publi\u00e9 le 4 janv. 2026 \u00e0 17h06 Le bassin Jacques C\u0153ur ne r\u00e9sonnera pas seulement&hellip;\n","protected":false},"author":2,"featured_media":641425,"comment_status":"","ping_status":"","sticky":false,"template":"","format":"standard","meta":{"footnotes":""},"categories":[9599],"tags":[1111,11,1261,1777,674,1011,27,1943,2208,12,2680,25,3400,60],"class_list":{"0":"post-641424","1":"post","2":"type-post","3":"status-publish","4":"format-standard","5":"has-post-thumbnail","7":"category-montpellier","8":"tag-actu","9":"tag-actualites","10":"tag-argent","11":"tag-eu","12":"tag-europe","13":"tag-fr","14":"tag-france","15":"tag-handicap","16":"tag-montpellier","17":"tag-news","18":"tag-occitanie","19":"tag-republique-francaise","20":"tag-solidarite","21":"tag-sports"},"share_on_mastodon":{"url":"https:\/\/pubeurope.com\/@fr\/115839660473014645","error":""},"_links":{"self":[{"href":"https:\/\/www.europesays.com\/fr\/wp-json\/wp\/v2\/posts\/641424","targetHints":{"allow":["GET"]}}],"collection":[{"href":"https:\/\/www.europesays.com\/fr\/wp-json\/wp\/v2\/posts"}],"about":[{"href":"https:\/\/www.europesays.com\/fr\/wp-json\/wp\/v2\/types\/post"}],"author":[{"embeddable":true,"href":"https:\/\/www.europesays.com\/fr\/wp-json\/wp\/v2\/users\/2"}],"replies":[{"embeddable":true,"href":"https:\/\/www.europesays.com\/fr\/wp-json\/wp\/v2\/comments?post=641424"}],"version-history":[{"count":0,"href":"https:\/\/www.europesays.com\/fr\/wp-json\/wp\/v2\/posts\/641424\/revisions"}],"wp:featuredmedia":[{"embeddable":true,"href":"https:\/\/www.europesays.com\/fr\/wp-json\/wp\/v2\/media\/641425"}],"wp:attachment":[{"href":"https:\/\/www.europesays.com\/fr\/wp-json\/wp\/v2\/media?parent=641424"}],"wp:term":[{"taxonomy":"category","embeddable":true,"href":"https:\/\/www.europesays.com\/fr\/wp-json\/wp\/v2\/categories?post=641424"},{"taxonomy":"post_tag","embeddable":true,"href":"https:\/\/www.europesays.com\/fr\/wp-json\/wp\/v2\/tags?post=641424"}],"curies":[{"name":"wp","href":"https:\/\/api.w.org\/{rel}","templated":true}]}}