{"id":641433,"date":"2026-01-05T00:40:53","date_gmt":"2026-01-05T00:40:53","guid":{"rendered":"https:\/\/www.europesays.com\/fr\/641433\/"},"modified":"2026-01-05T00:40:53","modified_gmt":"2026-01-05T00:40:53","slug":"nice-1-1-strasbourg-le-resume-video","status":"publish","type":"post","link":"https:\/\/www.europesays.com\/fr\/641433\/","title":{"rendered":"Nice 1-1 Strasbourg : Le r\u00e9sum\u00e9 vid\u00e9o"},"content":{"rendered":"<p>            <a href=\"https:\/\/www.ogcnice.com\/fr\/video\/129665\/nice-2-1-st-etienne-coupe-le-resume-video.html\" class=\"article_card_lien\" tabindex=\"0\" target=\"_blank\" rel=\"noopener\">Nice 2-1 St Etienne (Coupe) : Le r\u00e9sum\u00e9 vid\u00e9o<\/a><\/p>\n<p>                            <img decoding=\"async\" src=\"https:\/\/www.europesays.com\/fr\/wp-content\/uploads\/2025\/12\/Resume-16-9-Asse.jpg\" loading=\"lazy\"\/><\/p>\n<p>\n                OGCNICETV<br \/>\n                Nice 2-1 St Etienne (Coupe) : Le r\u00e9sum\u00e9 vid\u00e9o<br \/>\n                176&prime;<\/p>\n<p>            <a href=\"https:\/\/www.ogcnice.com\/fr\/video\/129631\/lens-2-0-nice-le-resume-video.html\" class=\"article_card_lien\" tabindex=\"0\" target=\"_blank\" rel=\"noopener\">Lens 2-0 Nice : Le r\u00e9sum\u00e9 vid\u00e9o<\/a><\/p>\n<p>                            <img decoding=\"async\" src=\"https:\/\/www.europesays.com\/fr\/wp-content\/uploads\/2025\/12\/Resume-16-9-Lens.jpg\" loading=\"lazy\"\/><\/p>\n<p>\n                OGCNICETV<br \/>\n                Lens 2-0 Nice : Le r\u00e9sum\u00e9 vid\u00e9o<br \/>\n                180&prime;<\/p>\n<p>            <a href=\"https:\/\/www.ogcnice.com\/fr\/video\/129618\/nice-0-1-braga-le-resume-video.html\" class=\"article_card_lien\" tabindex=\"0\" target=\"_blank\" rel=\"noopener\">Nice 0-1 Braga : Le r\u00e9sum\u00e9 vid\u00e9o<\/a><\/p>\n<p>                            <img decoding=\"async\" src=\"https:\/\/www.europesays.com\/fr\/wp-content\/uploads\/2025\/12\/Resume-16-9-Braga.jpg\" loading=\"lazy\"\/><\/p>\n<p>\n                OGCNICE.TV<br \/>\n                Nice 0-1 Braga : Le r\u00e9sum\u00e9 vid\u00e9o<br \/>\n                180&prime;<\/p>\n<p>            <a href=\"https:\/\/www.ogcnice.com\/fr\/video\/129595\/nice-0-1-angers-le-resume-video.html\" class=\"article_card_lien\" tabindex=\"0\" target=\"_blank\" rel=\"noopener\">Nice 0-1 Angers : Le r\u00e9sum\u00e9 vid\u00e9o<\/a><\/p>\n<p>                            <img decoding=\"async\" src=\"https:\/\/www.europesays.com\/fr\/wp-content\/uploads\/2025\/12\/Resume-16-9-angers.jpg\" loading=\"lazy\"\/><\/p>\n<p>\n                OGCNICETV<br \/>\n                Nice 0-1 Angers : Le r\u00e9sum\u00e9 vid\u00e9o<br \/>\n                180&prime;<\/p>\n<p>            <a href=\"https:\/\/www.ogcnice.com\/fr\/video\/129572\/lorient-3-1-nice-le-resume-video.html\" class=\"article_card_lien\" tabindex=\"0\" target=\"_blank\" rel=\"noopener\">Lorient 3-1 Nice : Le r\u00e9sum\u00e9 vid\u00e9o<\/a><\/p>\n<p>                            <img decoding=\"async\" src=\"https:\/\/www.europesays.com\/fr\/wp-content\/uploads\/2025\/12\/Resume-16-9-Lorient.jpg\" loading=\"lazy\"\/><\/p>\n<p>\n                OGCNICETV<br \/>\n                Lorient 3-1 Nice : Le r\u00e9sum\u00e9 vid\u00e9o<br \/>\n                180&prime;<\/p>\n<p>            <a href=\"https:\/\/www.ogcnice.com\/fr\/video\/129553\/porto-3-0-nice-le-resume-video.html\" class=\"article_card_lien\" tabindex=\"0\" target=\"_blank\" rel=\"noopener\">Porto 3-0 Nice : Le r\u00e9sum\u00e9 vid\u00e9o<\/a><\/p>\n<p>                            <img decoding=\"async\" src=\"https:\/\/www.europesays.com\/fr\/wp-content\/uploads\/2025\/11\/Resume-16-9-Porto.jpg\" loading=\"lazy\"\/><\/p>\n<p>\n                OGCNICE.TV<br \/>\n                Porto 3-0 Nice : Le r\u00e9sum\u00e9 vid\u00e9o<br \/>\n                179&prime;<\/p>\n<p>            <a href=\"https:\/\/www.ogcnice.com\/fr\/video\/129529\/nice-1-5-marseille-resume-video.html\" class=\"article_card_lien\" tabindex=\"0\" target=\"_blank\" rel=\"noopener\">Nice 1-5 Marseille : r\u00e9sum\u00e9 vid\u00e9o<\/a><\/p>\n<p>                            <img decoding=\"async\" src=\"https:\/\/www.europesays.com\/fr\/wp-content\/uploads\/2025\/11\/Resume-16-9-OM.jpg\" loading=\"lazy\"\/><\/p>\n<p>\n                OGCNICE.TV<br \/>\n                Nice 1-5 Marseille : r\u00e9sum\u00e9 vid\u00e9o<br \/>\n                180&prime;<\/p>\n<p>            <a href=\"https:\/\/www.ogcnice.com\/fr\/video\/129485\/metz-2-1-nice-resume-video.html\" class=\"article_card_lien\" tabindex=\"0\" target=\"_blank\" rel=\"noopener\">Metz 2-1 Nice : r\u00e9sum\u00e9 vid\u00e9o<\/a><\/p>\n<p>                            <img decoding=\"async\" src=\"https:\/\/www.europesays.com\/fr\/wp-content\/uploads\/2025\/11\/Resume-16-9-Metz.jpg\" loading=\"lazy\"\/><\/p>\n<p>\n                OGCNICE.TV<br \/>\n                Metz 2-1 Nice : r\u00e9sum\u00e9 vid\u00e9o<br \/>\n                187&prime;<\/p>\n<p>            <a href=\"https:\/\/www.ogcnice.com\/fr\/video\/129472\/nice-1-3-fribourg-le-resume-video.html\" class=\"article_card_lien\" tabindex=\"0\" target=\"_blank\" rel=\"noopener\">Nice 1-3 Fribourg : Le r\u00e9sum\u00e9 vid\u00e9o<\/a><\/p>\n<p>                            <img decoding=\"async\" src=\"https:\/\/www.europesays.com\/fr\/wp-content\/uploads\/2025\/11\/Resume-16-9-Fribourg.jpg\" loading=\"lazy\"\/><\/p>\n<p>\n                OGCNICE.TV<br \/>\n                Nice 1-3 Fribourg : Le r\u00e9sum\u00e9 vid\u00e9o<br \/>\n                177&prime;<\/p>\n<p>            <a href=\"https:\/\/www.ogcnice.com\/fr\/video\/129442\/paris-1-0-nice-resume-video.html\" class=\"article_card_lien\" tabindex=\"0\" target=\"_blank\" rel=\"noopener\">Paris 1-0 Nice : r\u00e9sum\u00e9 vid\u00e9o<\/a><\/p>\n<p>                            <img decoding=\"async\" src=\"https:\/\/www.europesays.com\/fr\/wp-content\/uploads\/2025\/11\/Resume-16-9-Resume.jpg\" loading=\"lazy\"\/><\/p>\n<p>\n                OGCNICE.TV<br \/>\n                Paris 1-0 Nice : r\u00e9sum\u00e9 vid\u00e9o<br \/>\n                177&prime;<\/p>\n<p>            <a href=\"https:\/\/www.ogcnice.com\/fr\/video\/129423\/les-buts-vus-du-bord-terrain.html\" class=\"article_card_lien\" tabindex=\"0\" target=\"_blank\" rel=\"noopener\">Les buts vus du bord terrain<\/a><\/p>\n<p>                            <img decoding=\"async\" src=\"https:\/\/www.europesays.com\/fr\/wp-content\/uploads\/2025\/11\/16-9_SITE.jpg\" loading=\"lazy\"\/><\/p>\n<p>\n                Nice 2-0 Lille<br \/>\n                Les buts vus du bord terrain<br \/>\n                112&prime;<\/p>\n<p>            <a href=\"https:\/\/www.ogcnice.com\/fr\/video\/129418\/nice-2-0-lille-resume-video.html\" class=\"article_card_lien\" tabindex=\"0\" target=\"_blank\" rel=\"noopener\">Nice 2-0 Lille : r\u00e9sum\u00e9 vid\u00e9o<\/a><\/p>\n<p>                            <img decoding=\"async\" src=\"https:\/\/www.europesays.com\/fr\/wp-content\/uploads\/2025\/10\/Resume-16-9-Lille.jpg\" loading=\"lazy\"\/><\/p>\n<p>\n                OGCNICE.TV<br \/>\n                Nice 2-0 Lille : r\u00e9sum\u00e9 vid\u00e9o<br \/>\n                180&prime;<\/p>\n","protected":false},"excerpt":{"rendered":"Nice 2-1 St Etienne (Coupe) : Le r\u00e9sum\u00e9 vid\u00e9o OGCNICETV Nice 2-1 St Etienne (Coupe) : Le r\u00e9sum\u00e9&hellip;\n","protected":false},"author":2,"featured_media":641434,"comment_status":"","ping_status":"","sticky":false,"template":"","format":"standard","meta":{"footnotes":""},"categories":[2819],"tags":[1111,11,1777,674,1011,27,12,2401,882,25],"class_list":{"0":"post-641433","1":"post","2":"type-post","3":"status-publish","4":"format-standard","5":"has-post-thumbnail","7":"category-nice","8":"tag-actu","9":"tag-actualites","10":"tag-eu","11":"tag-europe","12":"tag-fr","13":"tag-france","14":"tag-news","15":"tag-nice","16":"tag-provence-alpes-cote-dazur","17":"tag-republique-francaise"},"share_on_mastodon":{"url":"https:\/\/pubeurope.com\/@fr\/115839715890939509","error":""},"_links":{"self":[{"href":"https:\/\/www.europesays.com\/fr\/wp-json\/wp\/v2\/posts\/641433","targetHints":{"allow":["GET"]}}],"collection":[{"href":"https:\/\/www.europesays.com\/fr\/wp-json\/wp\/v2\/posts"}],"about":[{"href":"https:\/\/www.europesays.com\/fr\/wp-json\/wp\/v2\/types\/post"}],"author":[{"embeddable":true,"href":"https:\/\/www.europesays.com\/fr\/wp-json\/wp\/v2\/users\/2"}],"replies":[{"embeddable":true,"href":"https:\/\/www.europesays.com\/fr\/wp-json\/wp\/v2\/comments?post=641433"}],"version-history":[{"count":0,"href":"https:\/\/www.europesays.com\/fr\/wp-json\/wp\/v2\/posts\/641433\/revisions"}],"wp:featuredmedia":[{"embeddable":true,"href":"https:\/\/www.europesays.com\/fr\/wp-json\/wp\/v2\/media\/641434"}],"wp:attachment":[{"href":"https:\/\/www.europesays.com\/fr\/wp-json\/wp\/v2\/media?parent=641433"}],"wp:term":[{"taxonomy":"category","embeddable":true,"href":"https:\/\/www.europesays.com\/fr\/wp-json\/wp\/v2\/categories?post=641433"},{"taxonomy":"post_tag","embeddable":true,"href":"https:\/\/www.europesays.com\/fr\/wp-json\/wp\/v2\/tags?post=641433"}],"curies":[{"name":"wp","href":"https:\/\/api.w.org\/{rel}","templated":true}]}}