{"id":641438,"date":"2026-01-05T00:46:15","date_gmt":"2026-01-05T00:46:15","guid":{"rendered":"https:\/\/www.europesays.com\/fr\/641438\/"},"modified":"2026-01-05T00:46:15","modified_gmt":"2026-01-05T00:46:15","slug":"quand-a-laube-de-la-revolution-colomiers-criait-famine","status":"publish","type":"post","link":"https:\/\/www.europesays.com\/fr\/641438\/","title":{"rendered":"Quand \u00e0 l\u2019aube de la R\u00e9volution, Colomiers criait famine"},"content":{"rendered":"<p>\n                                                                    l&rsquo;essentiel<br \/>\n                                                                Comme probablement dans toute la France de la fin du XVIIIe si\u00e8cle, la R\u00e9volution qui marque cette fin de r\u00e8gne s\u2019explique par une situation \u00e9conomique \u00e9pouvantable dans les campagnes comme \u00e0 Colomiers. La maladie, la disette et la mort forment les trois maux que la population doit affronter.\n                            <\/p>\n<p>La m\u00e9t\u00e9o est un sujet d\u2019inqui\u00e9tude constant et devient m\u00eame une obsession. L\u2019hiver a \u00e9t\u00e9 glacial, les loups de la for\u00eat de Bouconne sont arriv\u00e9s jusqu\u2019\u00e0 Lardenne, la Garonne a gel\u00e9 au Pont-Neuf \u2026Et puis, la r\u00e9colte de bl\u00e9 de 1788 s\u2019annonce catastrophique.<\/p>\n<p>Depuis 20 ans le prix du bl\u00e9 augmente sans discontinuer (sauf en 1781). Alors que son prix devrait baisser apr\u00e8s la r\u00e9colte d\u2019\u00e9t\u00e9 en 1788, le setier &#8211; une mesure de grains qui varie entre 150 et 300 litres &#8211; atteint 20 livres et m\u00eame 23 livres avant la r\u00e9colte de 1789, soit un prix doubl\u00e9 en deux ans !<\/p>\n<p>La population a conscience de la catastrophe \u00e0 venir. et les consuls de Toulouse pr\u00e9sagent le pire. Les habitants \u00e9conomisent par tous les moyens, le chemin de Saint-Jean est m\u00eame mis en culture, les paroissiens ont du mal \u00e0 payer la redevance des chaises \u00e0 l\u2019\u00e9glise.<\/p>\n<p>Bernard Authenac, le cur\u00e9 de Colomiers, sentant sa mort proche, r\u00e9dige son testament en l\u00e9guant une grande part de sa fortune et ses biens (maison, jardin et vignes) aux paroissiens gr\u00e2ce \u00e0 \u00ab\u00a0l\u2019\u0153uvre des bouillons\u00a0\u00bb (la soupe populaire de l\u2019\u00e9poque) qui avait \u00e9t\u00e9 cr\u00e9\u00e9e par son pr\u00e9d\u00e9cesseur pour aider les pauvres et malades. Son testament dict\u00e9 \u00e0 sa s\u0153ur le 19 juin 1788 \u00e0 Toulouse est \u00e9crit sur un parchemin conserv\u00e9 aux archives de Colomiers.<\/p>\n<p>Dans l\u2019ann\u00e9e 1788 \u00e0 1789, la population de Colomiers perd 127 habitants. Aucune famille n\u2019est \u00e9pargn\u00e9e par la mort, la famine ou la maladie. Entre 1789 et 1790, Jean Baqu\u00e9 perd trois de ses enfants, il deviendra l\u2019un des protagonistes les plus actifs de la r\u00e9volution \u00e0 Colomiers.<\/p>\n<p>De l\u2019angoisse \u00e0 la r\u00e9volte il n\u2019y a qu\u2019un pas. En cette p\u00e9riode o\u00f9 le pouvoir royal, remis en question, est d\u00e9stabilis\u00e9, les Etats G\u00e9n\u00e9raux (Noblesse, Clerg\u00e9 et Tiers-Etat) sont convoqu\u00e9s par le Roi Louis XVI le 5 mai 1789. Dot\u00e9s d\u2019un mandat imp\u00e9ratif (en th\u00e9orie non repr\u00e9sentatif car ils n\u2019\u00e9taient pas \u00e9lus), ils \u00e9taient porteurs des dol\u00e9ances des habitants de leurs bailliages ou s\u00e9n\u00e9chauss\u00e9es &#8211; celles de Colomiers sont aussi conserv\u00e9es aux archives. A la suite du serment du Jeu de Paume ils r\u00e9dig\u00e8rent la 1re Constitution qui marqua le commencement de la R\u00e9volution Fran\u00e7aise et d\u2019une d\u00e9cennie de violences.<\/p>\n<p>Les termes r\u00e9volutionnaires : \u00ab\u00a0\u00e9motion populaire, grande peur, terreur, suspects ..\u00a0\u00bb traduisent cette situation angoissante qui a conduit \u00e0 la crise li\u00e9e d\u2019abord \u00e0 la question de la subsistance.<\/p>\n<p>Source : revue N\u00b010 &#8211; Soci\u00e9t\u00e9 d\u2019Arch\u00e9ologie et d\u2019Histoire locale de Colomiers &#8211;<\/p>\n","protected":false},"excerpt":{"rendered":"l&rsquo;essentiel Comme probablement dans toute la France de la fin du XVIIIe si\u00e8cle, la R\u00e9volution qui marque cette&hellip;\n","protected":false},"author":2,"featured_media":641439,"comment_status":"","ping_status":"","sticky":false,"template":"","format":"standard","meta":{"footnotes":""},"categories":[2816],"tags":[1111,11,41590,872,5972,1777,674,1011,27,2722,12,2680,25,853,2312],"class_list":{"0":"post-641438","1":"post","2":"type-post","3":"status-publish","4":"format-standard","5":"has-post-thumbnail","7":"category-toulouse","8":"tag-actu","9":"tag-actualites","10":"tag-colomiers","11":"tag-culture-et-loisirs","12":"tag-danse","13":"tag-eu","14":"tag-europe","15":"tag-fr","16":"tag-france","17":"tag-haute-garonne","18":"tag-news","19":"tag-occitanie","20":"tag-republique-francaise","21":"tag-spectacles","22":"tag-toulouse"},"share_on_mastodon":{"url":"https:\/\/pubeurope.com\/@fr\/115839735127678452","error":""},"_links":{"self":[{"href":"https:\/\/www.europesays.com\/fr\/wp-json\/wp\/v2\/posts\/641438","targetHints":{"allow":["GET"]}}],"collection":[{"href":"https:\/\/www.europesays.com\/fr\/wp-json\/wp\/v2\/posts"}],"about":[{"href":"https:\/\/www.europesays.com\/fr\/wp-json\/wp\/v2\/types\/post"}],"author":[{"embeddable":true,"href":"https:\/\/www.europesays.com\/fr\/wp-json\/wp\/v2\/users\/2"}],"replies":[{"embeddable":true,"href":"https:\/\/www.europesays.com\/fr\/wp-json\/wp\/v2\/comments?post=641438"}],"version-history":[{"count":0,"href":"https:\/\/www.europesays.com\/fr\/wp-json\/wp\/v2\/posts\/641438\/revisions"}],"wp:featuredmedia":[{"embeddable":true,"href":"https:\/\/www.europesays.com\/fr\/wp-json\/wp\/v2\/media\/641439"}],"wp:attachment":[{"href":"https:\/\/www.europesays.com\/fr\/wp-json\/wp\/v2\/media?parent=641438"}],"wp:term":[{"taxonomy":"category","embeddable":true,"href":"https:\/\/www.europesays.com\/fr\/wp-json\/wp\/v2\/categories?post=641438"},{"taxonomy":"post_tag","embeddable":true,"href":"https:\/\/www.europesays.com\/fr\/wp-json\/wp\/v2\/tags?post=641438"}],"curies":[{"name":"wp","href":"https:\/\/api.w.org\/{rel}","templated":true}]}}