{"id":641442,"date":"2026-01-05T00:49:36","date_gmt":"2026-01-05T00:49:36","guid":{"rendered":"https:\/\/www.europesays.com\/fr\/641442\/"},"modified":"2026-01-05T00:49:36","modified_gmt":"2026-01-05T00:49:36","slug":"a-lille-lenfer-cest-les-hotes-04-01-2026-a-0325","status":"publish","type":"post","link":"https:\/\/www.europesays.com\/fr\/641442\/","title":{"rendered":"\u00c0 Lille, l&rsquo;enfer c&rsquo;est les h\u00f4tes &#8211; 04\/01\/2026 \u00e0 03:25"},"content":{"rendered":"<p>        <img decoding=\"async\" src=\"https:\/\/www.europesays.com\/fr\/wp-content\/uploads\/2026\/01\/88d0bcd684e40d247aef5bb289732072-760x507.jpg\" alt=\"\u00c0 Lille, l'enfer c'est les h\u00f4tes\" loading=\"eager\" fetchpriority=\"high\" width=\"760\" height=\"507\" style=\"max-width: 100%!important; height: auto;\"\/><\/p>\n<p class=\"c-image-news__legend\">\u00c0 Lille, l&rsquo;enfer c&rsquo;est les h\u00f4tes<\/p>\n<p>\n <strong><br \/>\n  Le LOSC a perdu un match contre le Stade rennais (0-2) et surtout ses nerfs, ce samedi soir. Les Lillois n&rsquo;ont pas dig\u00e9r\u00e9 l&rsquo;expulsion d&rsquo;Alexsandro, mais les col\u00e8res d&rsquo;Olivier L\u00e9tang, du genre r\u00e9cidiviste, et de Bruno Genesio ne rendent pas service au foot ni au club nordiste.<br \/>\n <\/strong>\n<\/p>\n<p>\n Il faut g\u00e9n\u00e9ralement quelques jours, voire semaines pour les plus motiv\u00e9s, pour voir les premi\u00e8res bonnes r\u00e9solutions de l\u2019ann\u00e9e s\u2019envoler, encore faut-il en prendre. On ne sait pas vraiment ce que s\u2019\u00e9taient dit les Lillois pour 2026, mais ils n\u2019ont pas pass\u00e9 la soir\u00e9e qu\u2019ils imaginaient ce samedi \u00e0 Pierre-Mauroy. Le LOSC a perdu un match contre le Stade rennais, qui se rapproche au classement et devient un concurrent, mais il a surtout perdu ses nerfs, une fois de plus, sans attendre la fin de la partie.\n<\/p>\n<p>\n La tension n\u2019a cess\u00e9 de monter, \u00e0 partir de la 14<\/p>\n<p>  e<\/p>\n<p> minute et l\u2019expulsion d\u2019Alexsandro, Olivier L\u00e9tang descendant de sa tribune tr\u00e8s vite pour se rapprocher du bord du terrain et faire part de son m\u00e9contentement. D\u00e8s la fin des trois minutes de temps additionnel, Bruno Genesio, fou de rage, devait \u00eatre retenu par Nabil Bentaleb, Akon Haraldsson et Berkan \u00d6zer pour ne pas aller s\u2019en prendre au corps arbitral, toujours sur la pelouse.<\/p>\n<p>  \u00ab<\/p>\n<p>   Depuis hier il y a que des merdes, c\u2019est pire encore que l\u2019ann\u00e9e derni\u00e8re, lui c\u2019est le number one, lui c\u2019est le top du top<\/p>\n<p>  \u00bb<\/p>\n<p> , s\u2019emportait le technicien dans le couloir menant aux vestiaires, dans des images captur\u00e9es par Ligue 1 +.\u2026\n <\/p>\n<p>\n  Tous propos recueillis par CG, sauf mentions\n <\/p>\n<p>\n <strong><br \/>\n  Par Cl\u00e9ment Gavard, au stade Pierre Mauroy pour SOFOOT.com<br \/>\n <\/strong>\n<\/p>\n<p><a data-tag-commander-click=\"{&quot;label&quot;: &quot;articles::lire_la_suite_site_partenaire::so_foot::a_lille_l_enfer_c_est_les_hotes&quot;, &quot;s2&quot;: 2, &quot;type&quot;: &quot;exit&quot;}\" target=\"_blank\" rel=\"noopener noreferrer canonical\" class=\"lienExterne c-link c-link--animated u-text-size-lg\" href=\"https:\/\/www.sofoot.com\/articles\/lille-rennes-les-mauvaises-resolutions-du-losc-dolivier-letang-et-bruno-genesio\">Lire la suite de l&rsquo;article sur SoFoot.com<\/a><\/p>\n","protected":false},"excerpt":{"rendered":"\u00c0 Lille, l&rsquo;enfer c&rsquo;est les h\u00f4tes Le LOSC a perdu un match contre le Stade rennais (0-2) et&hellip;\n","protected":false},"author":2,"featured_media":641443,"comment_status":"","ping_status":"","sticky":false,"template":"","format":"standard","meta":{"footnotes":""},"categories":[2815],"tags":[400,1111,11,398,408,405,1777,674,1011,27,811,403,402,399,1307,404,12,25,401,406,407],"class_list":{"0":"post-641442","1":"post","2":"type-post","3":"status-publish","4":"format-standard","5":"has-post-thumbnail","7":"category-lille","8":"tag-action-cac-40","9":"tag-actu","10":"tag-actualites","11":"tag-bourse-de-paris","12":"tag-boursorama","13":"tag-cotations","14":"tag-eu","15":"tag-europe","16":"tag-fr","17":"tag-france","18":"tag-hauts-de-france","19":"tag-indices-devises","20":"tag-investir","21":"tag-investissement","22":"tag-lille","23":"tag-marche-boursier","24":"tag-news","25":"tag-republique-francaise","26":"tag-sicav","27":"tag-trackers","28":"tag-warrants"},"share_on_mastodon":{"url":"https:\/\/pubeurope.com\/@fr\/115839747017607791","error":""},"_links":{"self":[{"href":"https:\/\/www.europesays.com\/fr\/wp-json\/wp\/v2\/posts\/641442","targetHints":{"allow":["GET"]}}],"collection":[{"href":"https:\/\/www.europesays.com\/fr\/wp-json\/wp\/v2\/posts"}],"about":[{"href":"https:\/\/www.europesays.com\/fr\/wp-json\/wp\/v2\/types\/post"}],"author":[{"embeddable":true,"href":"https:\/\/www.europesays.com\/fr\/wp-json\/wp\/v2\/users\/2"}],"replies":[{"embeddable":true,"href":"https:\/\/www.europesays.com\/fr\/wp-json\/wp\/v2\/comments?post=641442"}],"version-history":[{"count":0,"href":"https:\/\/www.europesays.com\/fr\/wp-json\/wp\/v2\/posts\/641442\/revisions"}],"wp:featuredmedia":[{"embeddable":true,"href":"https:\/\/www.europesays.com\/fr\/wp-json\/wp\/v2\/media\/641443"}],"wp:attachment":[{"href":"https:\/\/www.europesays.com\/fr\/wp-json\/wp\/v2\/media?parent=641442"}],"wp:term":[{"taxonomy":"category","embeddable":true,"href":"https:\/\/www.europesays.com\/fr\/wp-json\/wp\/v2\/categories?post=641442"},{"taxonomy":"post_tag","embeddable":true,"href":"https:\/\/www.europesays.com\/fr\/wp-json\/wp\/v2\/tags?post=641442"}],"curies":[{"name":"wp","href":"https:\/\/api.w.org\/{rel}","templated":true}]}}