{"id":641444,"date":"2026-01-05T00:50:11","date_gmt":"2026-01-05T00:50:11","guid":{"rendered":"https:\/\/www.europesays.com\/fr\/641444\/"},"modified":"2026-01-05T00:50:11","modified_gmt":"2026-01-05T00:50:11","slug":"nuit-sanglante-a-marseille-une-nouvelle-fusillade-eclate-en-plein-centre-ville-un-mort","status":"publish","type":"post","link":"https:\/\/www.europesays.com\/fr\/641444\/","title":{"rendered":"Nuit sanglante \u00e0 Marseille. Une nouvelle fusillade \u00e9clate en plein centre-ville, un mort"},"content":{"rendered":"<p>                    Par<br \/>\n        <strong><br \/>\n            <a href=\"https:\/\/actu.fr\/auteur\/fabien-binacchi\" title=\"Consulter tous les articles de Fabien Binacchi\" target=\"_blank\" rel=\"noopener\">Fabien Binacchi<\/a><br \/>\n                    <\/strong><\/p>\n<p>        Publi\u00e9 le<\/p>\n<p>            4 janv. 2026 \u00e0 22h42        <\/p>\n<p>Une nouvelle mort violente \u00e0 <a href=\"https:\/\/actu.fr\/marseille\/\" target=\"_blank\" rel=\"noopener\">Marseille.<\/a> Ce dimanche 4\u00a0janvier, vers 21h30, un homme a \u00e9t\u00e9 <strong>abattu par balles <\/strong>dans le 1er arrondissement de la ville, apprend actu Marseille de source polici\u00e8re et aupr\u00e8s des marins-pompiers.<\/p>\n<p>\u00ab\u2009Plusieurs impacts de balle au thorax\u2009\u00bb<\/p>\n<p class=\" wall-content\">Les secours sont pr\u00e9venus \u00e0 21h37. Une fusillade vient d\u2019\u00e9clater dans le quartier <strong>Belsunce,<\/strong> en plein centre de Marseille, tout pr\u00e8s du Vieux-Port. Un homme est \u00e0 terre. Il pr\u00e9sente \u00ab\u2009plusieurs impacts de balle au thorax\u2009\u00bb, indique-t-on du c\u00f4t\u00e9 du bataillon.<\/p>\n<p>    <a href=\"https:\/\/www.google.com\/maps\/embed?pb=!1m18!1m12!1m3!1d5444.471019957622!2d5.371206516120983!3d43.29922773400236!2m3!1f0!2f0!3f0!3m2!1i1024!2i768!4f13.1!3m3!1m2!1s0x12c9c0971bc25161%3A0xec7c444fa5ec04ad!2sBelsunce%2C%20Marseille!5e1!3m2!1sfr!2sfr!4v1767562907838!5m2!1sfr!2sfr\" title=\"Ouvrie le lien\" target=\"_blank\" rel=\"noopener\">Cliquez ici pour visualiser le contenu<\/a><\/p>\n<p class=\" wall-content\">Les tentatives de r\u00e9animation sont vaines\u2009: la victime a \u00e9t\u00e9 \u00ab\u2009d\u00e9clar\u00e9e d\u00e9c\u00e9d\u00e9e par le m\u00e9decin\u2009\u00bb, pr\u00e9cisent \u00e9galement les marins-pompiers \u00e0 actu Marseille.<\/p>\n<p class=\" wall-content\">Une autre personne a \u00e9galement \u00e9t\u00e9 bless\u00e9e, selon une source polici\u00e8re.<\/p>\n<p>Des individus portant des armes longues<\/p>\n<p class=\" wall-content\">Selon nos informations, <strong>au moins trois personnes,<\/strong> portant des armes longues, auraient \u00e9t\u00e9 vues sur les lieux avant de prendre la fuite en voiture. La police est sur place.<\/p>\n<p class=\" wall-content\">S\u2019agit-il d\u2019un nouveau r\u00e8glement de compte li\u00e9 \u00e0 des affaires de stup\u00e9fiants\u2009? L\u2019identit\u00e9 de la victime et ses ant\u00e9c\u00e9dents n\u2019ont pas \u00e9t\u00e9 communiqu\u00e9s dans l\u2019imm\u00e9diat mais il appara\u00eet que la fusillade s\u2019est bien produite sur un point de deal, affirme Bruno Bartoccetti, secr\u00e9taire national du syndicat policier UN1T\u00c9 Zone Sud. Le quartier Belsunce fait face \u00e0 <strong>une v\u00e9ritable explosion des trafics<\/strong> ces derniers mois.<\/p>\n<p>Votre r\u00e9gion, votre actu !<\/p>\n<p>Recevez chaque jour les infos qui comptent pour vous.<\/p>\n<p>\t<a href=\"https:\/\/actu.fr\/newsletter\" class=\"ac-btn ac-btn--corner ac-btn--medium ac-btn--blue800\" target=\"_blank\" rel=\"noopener\">S&rsquo;incrire<\/a><\/p>\n<p class=\" wall-content\">\n<p class=\" wall-content\">Selon un d\u00e9compte de l\u2019AFP, 19\u00a0personnes ont perdu la vie dans des narchomicides en 2025 dans le d\u00e9partement des Bouches-du-Rh\u00f4ne, la grande majorit\u00e9 \u00e0 Marseille.<\/p>\n<p class=\" wall-content\">Personnalisez votre actualit\u00e9 en ajoutant vos villes et m\u00e9dias en favori avec <a href=\"https:\/\/moncompte.actu.fr\" title=\"D\u00e9couvez Mon Actu\" rel=\"nofollow noopener\" data-trk=\"{&quot;cta&quot;:{&quot;action&quot;:&quot;https:\\\/\\\/moncompte.actu.fr&quot;,&quot;category&quot;:&quot;mon compte&quot;,&quot;from&quot;:&quot;article footer&quot;,&quot;name&quot;:&quot;Mon actu&quot;,&quot;type&quot;:&quot;cta&quot;}}\" target=\"_blank\">Mon Actu<\/a>.<\/p>\n","protected":false},"excerpt":{"rendered":"Par Fabien Binacchi Publi\u00e9 le 4 janv. 2026 \u00e0 22h42 Une nouvelle mort violente \u00e0 Marseille. Ce dimanche&hellip;\n","protected":false},"author":2,"featured_media":623884,"comment_status":"","ping_status":"","sticky":false,"template":"","format":"standard","meta":{"footnotes":""},"categories":[2814],"tags":[1111,11,1777,674,118,1011,27,17289,884,12,1072,882,25],"class_list":{"0":"post-641444","1":"post","2":"type-post","3":"status-publish","4":"format-standard","5":"has-post-thumbnail","7":"category-marseille","8":"tag-actu","9":"tag-actualites","10":"tag-eu","11":"tag-europe","12":"tag-faits-divers","13":"tag-fr","14":"tag-france","15":"tag-marin-pompier","16":"tag-marseille","17":"tag-news","18":"tag-police","19":"tag-provence-alpes-cote-dazur","20":"tag-republique-francaise"},"share_on_mastodon":{"url":"https:\/\/pubeurope.com\/@fr\/115839750881442996","error":""},"_links":{"self":[{"href":"https:\/\/www.europesays.com\/fr\/wp-json\/wp\/v2\/posts\/641444","targetHints":{"allow":["GET"]}}],"collection":[{"href":"https:\/\/www.europesays.com\/fr\/wp-json\/wp\/v2\/posts"}],"about":[{"href":"https:\/\/www.europesays.com\/fr\/wp-json\/wp\/v2\/types\/post"}],"author":[{"embeddable":true,"href":"https:\/\/www.europesays.com\/fr\/wp-json\/wp\/v2\/users\/2"}],"replies":[{"embeddable":true,"href":"https:\/\/www.europesays.com\/fr\/wp-json\/wp\/v2\/comments?post=641444"}],"version-history":[{"count":0,"href":"https:\/\/www.europesays.com\/fr\/wp-json\/wp\/v2\/posts\/641444\/revisions"}],"wp:featuredmedia":[{"embeddable":true,"href":"https:\/\/www.europesays.com\/fr\/wp-json\/wp\/v2\/media\/623884"}],"wp:attachment":[{"href":"https:\/\/www.europesays.com\/fr\/wp-json\/wp\/v2\/media?parent=641444"}],"wp:term":[{"taxonomy":"category","embeddable":true,"href":"https:\/\/www.europesays.com\/fr\/wp-json\/wp\/v2\/categories?post=641444"},{"taxonomy":"post_tag","embeddable":true,"href":"https:\/\/www.europesays.com\/fr\/wp-json\/wp\/v2\/tags?post=641444"}],"curies":[{"name":"wp","href":"https:\/\/api.w.org\/{rel}","templated":true}]}}