{"id":641445,"date":"2026-01-05T00:51:10","date_gmt":"2026-01-05T00:51:10","guid":{"rendered":"https:\/\/www.europesays.com\/fr\/641445\/"},"modified":"2026-01-05T00:51:10","modified_gmt":"2026-01-05T00:51:10","slug":"si-la-juventus-insiste-marseille-pourrait-lacher-ce-cadre","status":"publish","type":"post","link":"https:\/\/www.europesays.com\/fr\/641445\/","title":{"rendered":"Si la Juventus insiste, Marseille pourrait l\u00e2cher ce cadre"},"content":{"rendered":"<p>Indiscutable depuis son arriv\u00e9e, Pierre-Emile Hojbjerg s\u2019est impos\u00e9 comme l\u2019un des hommes forts de l\u2019Olympique de Marseille. Leader naturel, m\u00e9tronome du milieu et relais de Roberto De Zerbi sur le terrain, le Danois est aujourd\u2019hui au c\u0153ur de toutes les convoitises\u2026 notamment en Italie.<\/p>\n<p>La Juventus pousse avec insistance et Luciano Spalletti en a fait une priorit\u00e9 pour renforcer son entrejeu. Mais \u00e0 Marseille, le message est limpide : Hojbjerg n\u2019est pas \u00e0 vendre cet hiver. La direction phoc\u00e9enne a ferm\u00e9 la porte, consciente de l\u2019importance strat\u00e9gique d\u2019un joueur d\u00e9j\u00e0 auteur de 21 apparitions cette saison.<\/p>\n<p>Une seule hypoth\u00e8se pourrait toutefois faire vaciller l\u2019OM : une offre totalement hors march\u00e9. \u00c0 Turin, on le sait. Reste \u00e0 savoir si la Juventus est pr\u00eate \u00e0 aller jusque-l\u00e0 pour arracher le patron du milieu marseillais.<\/p>\n","protected":false},"excerpt":{"rendered":"Indiscutable depuis son arriv\u00e9e, Pierre-Emile Hojbjerg s\u2019est impos\u00e9 comme l\u2019un des hommes forts de l\u2019Olympique de Marseille. Leader&hellip;\n","protected":false},"author":2,"featured_media":634101,"comment_status":"","ping_status":"","sticky":false,"template":"","format":"standard","meta":{"footnotes":""},"categories":[2814],"tags":[1111,11,1777,674,1011,27,884,12,882,25],"class_list":{"0":"post-641445","1":"post","2":"type-post","3":"status-publish","4":"format-standard","5":"has-post-thumbnail","7":"category-marseille","8":"tag-actu","9":"tag-actualites","10":"tag-eu","11":"tag-europe","12":"tag-fr","13":"tag-france","14":"tag-marseille","15":"tag-news","16":"tag-provence-alpes-cote-dazur","17":"tag-republique-francaise"},"share_on_mastodon":{"url":"https:\/\/pubeurope.com\/@fr\/115839755147605886","error":""},"_links":{"self":[{"href":"https:\/\/www.europesays.com\/fr\/wp-json\/wp\/v2\/posts\/641445","targetHints":{"allow":["GET"]}}],"collection":[{"href":"https:\/\/www.europesays.com\/fr\/wp-json\/wp\/v2\/posts"}],"about":[{"href":"https:\/\/www.europesays.com\/fr\/wp-json\/wp\/v2\/types\/post"}],"author":[{"embeddable":true,"href":"https:\/\/www.europesays.com\/fr\/wp-json\/wp\/v2\/users\/2"}],"replies":[{"embeddable":true,"href":"https:\/\/www.europesays.com\/fr\/wp-json\/wp\/v2\/comments?post=641445"}],"version-history":[{"count":0,"href":"https:\/\/www.europesays.com\/fr\/wp-json\/wp\/v2\/posts\/641445\/revisions"}],"wp:featuredmedia":[{"embeddable":true,"href":"https:\/\/www.europesays.com\/fr\/wp-json\/wp\/v2\/media\/634101"}],"wp:attachment":[{"href":"https:\/\/www.europesays.com\/fr\/wp-json\/wp\/v2\/media?parent=641445"}],"wp:term":[{"taxonomy":"category","embeddable":true,"href":"https:\/\/www.europesays.com\/fr\/wp-json\/wp\/v2\/categories?post=641445"},{"taxonomy":"post_tag","embeddable":true,"href":"https:\/\/www.europesays.com\/fr\/wp-json\/wp\/v2\/tags?post=641445"}],"curies":[{"name":"wp","href":"https:\/\/api.w.org\/{rel}","templated":true}]}}