{"id":641450,"date":"2026-01-05T00:55:10","date_gmt":"2026-01-05T00:55:10","guid":{"rendered":"https:\/\/www.europesays.com\/fr\/641450\/"},"modified":"2026-01-05T00:55:10","modified_gmt":"2026-01-05T00:55:10","slug":"jusqua-4-degres-en-journee-lile-de-france-placee-en-vigilance-jaune-grand-froid-ce-lundi","status":"publish","type":"post","link":"https:\/\/www.europesays.com\/fr\/641450\/","title":{"rendered":"Jusqu\u2019\u00e0 -4 degr\u00e9s en journ\u00e9e\u00a0: l\u2019\u00cele-de-France plac\u00e9e en vigilance jaune \u00ab\u00a0grand froid\u00a0\u00bb ce lundi"},"content":{"rendered":"<p class=\"\">Vigilance dans la capitale. Paris et le reste de l\u2019\u00cele-de-France vont passer, d\u00e8s la nuit de dimanche \u00e0 lundi, en vigilance jaune <a href=\"https:\/\/www.leparisien.fr\/meteo\/le-froid-sinstalle-en-france-les-temperatures-legerement-sous-les-normales-de-saison-jusqua-debut-janvier-26-12-2025-N324G5HVA5E6TLMAKBGCFC6UZA.php\" target=\"_blank\" rel=\"noreferrer noopener\">\u00ab grand froid \u00bb<\/a>, avertit la pr\u00e9fecture de la r\u00e9gion d\u2019\u00cele-de-France ce dimanche soir.<\/p>\n<blockquote class=\"twitter-tweet\">\n<p lang=\"fr\" dir=\"ltr\">\u26a0\ufe0f <a href=\"https:\/\/twitter.com\/hashtag\/GrandFroid?src=hash&amp;ref_src=twsrc%5Etfw\" target=\"_blank\" rel=\"noopener\">#GrandFroid<\/a> | Le d\u00e9partement de <a href=\"https:\/\/twitter.com\/hashtag\/Paris?src=hash&amp;ref_src=twsrc%5Etfw\" target=\"_blank\" rel=\"noopener\">#Paris<\/a> passera en vigilance jaune Grand froid d\u00e8s cette nuit \ud83d\udfe1<\/p>\n<p>\u2705 Adoptez les les bons r\u00e9flexes : <br \/>&#8211; Limitez au maximum les activit\u00e9s ext\u00e9rieures <br \/>&#8211; Limitez les efforts physiques <br \/>&#8211; Veillez \u00e0 vous couvrir suffisamment en prot\u00e9geant les\u2026 <a href=\"https:\/\/t.co\/KBXXFcrEEh\">pic.twitter.com\/KBXXFcrEEh<\/a><\/p>\n<p>\u2014 Pr\u00e9fecture de la r\u00e9gion d\u2019\u00cele-de-France (@Prefet75_IDF) <a href=\"https:\/\/twitter.com\/Prefet75_IDF\/status\/2007909670543818942?ref_src=twsrc%5Etfw\" target=\"_blank\" rel=\"noopener\">January 4, 2026<\/a><\/p><\/blockquote>\n<p class=\"\">En cause, un \u00e9pisode de froid persistant sur une partie du pays, dont la r\u00e9gion parisienne. Des temp\u00e9ratures entre -1 et -4 degr\u00e9s sont attendues dans la matin\u00e9e dans la r\u00e9gion. Le thermom\u00e8tre ne d\u00e9passera pas 1 degr\u00e9 dans l\u2019apr\u00e8s-midi, avant de redescendre \u00e0 -4 voire -5 degr\u00e9s dans la nuit.<\/p>\n<p class=\"\">\u00ab Une perturbation neigeuse faiblement active \u00bb doit circuler \u00ab sur la r\u00e9gion entre la matin\u00e9e et la soir\u00e9e \u00bb, d\u00e9veloppe M\u00e9t\u00e9o France dans son bulletin de dimanche.<\/p>\n<p>Gare aux efforts physiques<\/p>\n<p class=\"\">\u00ab La neige tient au sol, occasionnant une couche allant d\u2019un saupoudrage \u00e0 2 cm d\u2019\u00e9paisseur par endroits. Une aggravation du niveau de vigilance reste possible compte tenu des incertitudes sur les quantit\u00e9s de neige attendues \u00bb, avertit encore l\u2019institut m\u00e9t\u00e9orologique.<\/p>\n<p class=\"\">En cons\u00e9quence, la pr\u00e9fecture de la r\u00e9gion appelle les habitants \u00e0 la vigilance. \u00ab Adoptez les bons r\u00e9flexes : limitez au maximum les activit\u00e9s ext\u00e9rieures, limitez les efforts physiques, veillez \u00e0 vous couvrir suffisamment en prot\u00e9geant les extr\u00e9mit\u00e9s, et \u00e9vitez la consommation d\u2019alcool \u00bb, \u00e9crit-elle.<\/p>\n<p class=\"\">\u00ab Si vous \u00eates dans une situation difficile ou si vous remarquez une personne sans abri en difficult\u00e9, contactez le 115 \u00bb, poursuit la pr\u00e9fecture, qui conseille \u00e9galement d\u2019appeler les pompiers au 18 ou les urgences m\u00e9dicales au 15 en cas \u00ab d\u2019urgence sanitaire \u00bb.<\/p>\n<p class=\"\">En parall\u00e8le, sept d\u00e9partements <a href=\"https:\/\/www.leparisien.fr\/meteo\/neige-et-verglas-sept-departements-places-en-vigilance-orange-04-01-2026-GA6SLQKZBRB2BJIR5WKGELXLNE.php\" target=\"_self\" rel=\"noopener\">ont \u00e9t\u00e9 plac\u00e9s par M\u00e9t\u00e9o France en vigilance orange neige\/verglas ce lundi<\/a> : le Finist\u00e8re, les C\u00f4tes-d\u2019Armor, l\u2019Ille-et-Vilaine, la Manche, le Calvados, l\u2019Eure et la Seine-Maritime.<\/p>\n<p><script async src=\"https:\/\/platform.twitter.com\/widgets.js\" charset=\"utf-8\"><\/script><\/p>\n","protected":false},"excerpt":{"rendered":"Vigilance dans la capitale. Paris et le reste de l\u2019\u00cele-de-France vont passer, d\u00e8s la nuit de dimanche \u00e0&hellip;\n","protected":false},"author":2,"featured_media":641451,"comment_status":"","ping_status":"","sticky":false,"template":"","format":"standard","meta":{"footnotes":""},"categories":[1592],"tags":[1111,11,1777,674,1011,27,662,2487,12,626,25],"class_list":{"0":"post-641450","1":"post","2":"type-post","3":"status-publish","4":"format-standard","5":"has-post-thumbnail","7":"category-ile-de-france","8":"tag-actu","9":"tag-actualites","10":"tag-eu","11":"tag-europe","12":"tag-fr","13":"tag-france","14":"tag-ile-de-france","15":"tag-meteo","16":"tag-news","17":"tag-paris","18":"tag-republique-francaise"},"share_on_mastodon":{"url":"https:\/\/pubeurope.com\/@fr\/115839770527153645","error":""},"_links":{"self":[{"href":"https:\/\/www.europesays.com\/fr\/wp-json\/wp\/v2\/posts\/641450","targetHints":{"allow":["GET"]}}],"collection":[{"href":"https:\/\/www.europesays.com\/fr\/wp-json\/wp\/v2\/posts"}],"about":[{"href":"https:\/\/www.europesays.com\/fr\/wp-json\/wp\/v2\/types\/post"}],"author":[{"embeddable":true,"href":"https:\/\/www.europesays.com\/fr\/wp-json\/wp\/v2\/users\/2"}],"replies":[{"embeddable":true,"href":"https:\/\/www.europesays.com\/fr\/wp-json\/wp\/v2\/comments?post=641450"}],"version-history":[{"count":0,"href":"https:\/\/www.europesays.com\/fr\/wp-json\/wp\/v2\/posts\/641450\/revisions"}],"wp:featuredmedia":[{"embeddable":true,"href":"https:\/\/www.europesays.com\/fr\/wp-json\/wp\/v2\/media\/641451"}],"wp:attachment":[{"href":"https:\/\/www.europesays.com\/fr\/wp-json\/wp\/v2\/media?parent=641450"}],"wp:term":[{"taxonomy":"category","embeddable":true,"href":"https:\/\/www.europesays.com\/fr\/wp-json\/wp\/v2\/categories?post=641450"},{"taxonomy":"post_tag","embeddable":true,"href":"https:\/\/www.europesays.com\/fr\/wp-json\/wp\/v2\/tags?post=641450"}],"curies":[{"name":"wp","href":"https:\/\/api.w.org\/{rel}","templated":true}]}}