{"id":641452,"date":"2026-01-05T00:56:13","date_gmt":"2026-01-05T00:56:13","guid":{"rendered":"https:\/\/www.europesays.com\/fr\/641452\/"},"modified":"2026-01-05T00:56:13","modified_gmt":"2026-01-05T00:56:13","slug":"un-vol-beyrouth-paris-deroute-a-munich-a-cause-dune-odeur-de-brule","status":"publish","type":"post","link":"https:\/\/www.europesays.com\/fr\/641452\/","title":{"rendered":"Un vol Beyrouth-Paris d\u00e9rout\u00e9 \u00e0 Munich \u00e0 cause d\u2019une odeur de br\u00fbl\u00e9"},"content":{"rendered":"\n<p class=\"c-chapo \">\n  L&rsquo;avion s&rsquo;est pos\u00e9 normalement, dimanche, et les clients ont \u00e9t\u00e9 pris en charge, indique Air France.\n<\/p>\n<p>      lire plus tard<\/p>\n<p id=\"dialog__title\" class=\"dialog__title\">Pour sauvegarder cet article, connectez-vous ou cr\u00e9ez un compte franceinfo<\/p>\n<p class=\"dialog__description\">Sans paiement. Sans abonnement.<\/p>\n<p>        Fermer la fen\u00eatre d\u2019activation des notifications France Info<\/p>\n<p>      cr\u00e9er votre compte<\/p>\n<p>      se connecter<\/p>\n<p>      :<\/p>\n<p>        Fermer la fen\u00eatre de pr\u00e9sentation<\/p>\n<p>    <img loading=\"lazy\" decoding=\"async\" class=\"signature__image lazyload\" width=\"100\" height=\"100\" data- alt=\"\" src=\"https:\/\/www.europesays.com\/fr\/wp-content\/uploads\/2025\/05\/64a7df4c5fe71_placeholder-36b69ec8.png\"\/><\/p>\n<p>    Publi\u00e9 le 04\/01\/2026 23:10<\/p>\n<p>        Temps de lecture : 1min<\/p>\n<p>    <img decoding=\"async\"  alt=\"Un Airbus A320 d'Air France. Photo d'illustration. (FRANCOIS PERROT \/ MAXPPP)\" width=\"432\" height=\"243\" src=\"https:\/\/www.europesays.com\/fr\/wp-content\/uploads\/2025\/12\/maxnewsworldsix649829-69479e8b22281952968059.jpg\" fetchpriority=\"high\"\/><\/p>\n<p>      Un Airbus A320 d&rsquo;Air France. Photo d&rsquo;illustration. (FRANCOIS PERROT \/ MAXPPP)<\/p>\n<p>Un vol de la compagnie Air France reliant Beyrouth, au Liban, \u00e0 l&rsquo;a\u00e9roport Paris-Charles de Gaulle a \u00e9t\u00e9 d\u00e9rout\u00e9, dimanche\u00a04 janvier dans la soir\u00e9e, en direction de Munich en Allemagne, \u00e0 cause d&rsquo;une \u00ab\u00a0odeur de chaud ressentie en cabine\u00a0\u00bb, a appris franceinfo aupr\u00e8s de la compagnie fran\u00e7aise.<\/p>\n<p>Selon l&rsquo;outil de suivi du trafic des vols en direct FlightRadar24, cet avion devait atterrir \u00e0 Paris vers 20h, avant d&rsquo;\u00eatre d\u00e9rout\u00e9 vers Munich. Contact\u00e9, Air France a ensuite confirm\u00e9 que \u00ab\u00a0l&rsquo;\u00e9quipage du vol [&#8230;] a d\u00e9cid\u00e9 de se d\u00e9router vers l\u2019a\u00e9roport de Munich suite \u00e0 l\u2019apparition d\u2019une odeur de chaud ressentie en cabine\u00a0\u00bb. \u00ab\u00a0L&rsquo;avion s\u2019est pos\u00e9 normalement \u00e0 Munich \u00e0 20h18, heure locale\u00a0\u00bb, ajoute Air France.<\/p>\n<p>\u00ab\u00a0La limite de temps de travail r\u00e9glementaire pour les personnels navigants ayant \u00e9t\u00e9 atteinte, la suite du vol est annul\u00e9e. Les \u00e9quipes sur place ont pris en charge les clients et des solutions d\u2019h\u00e9bergement et de report leur seront propos\u00e9es dans les meilleurs d\u00e9lais\u00a0\u00bb, poursuit la compagnie.<\/p>\n","protected":false},"excerpt":{"rendered":"L&rsquo;avion s&rsquo;est pos\u00e9 normalement, dimanche, et les clients ont \u00e9t\u00e9 pris en charge, indique Air France. lire plus&hellip;\n","protected":false},"author":2,"featured_media":613402,"comment_status":"","ping_status":"","sticky":false,"template":"","format":"standard","meta":{"footnotes":""},"categories":[1888],"tags":[1111,1928,11,1927,1777,674,1011,27,12,1926,626,1925,25],"class_list":{"0":"post-641452","1":"post","2":"type-post","3":"status-publish","4":"format-standard","5":"has-post-thumbnail","7":"category-paris","8":"tag-actu","9":"tag-actu-paris","10":"tag-actualites","11":"tag-actualites-paris","12":"tag-eu","13":"tag-europe","14":"tag-fr","15":"tag-france","16":"tag-news","17":"tag-news-paris","18":"tag-paris","19":"tag-paris-news","20":"tag-republique-francaise"},"share_on_mastodon":{"url":"https:\/\/pubeurope.com\/@fr\/115839774590743820","error":""},"_links":{"self":[{"href":"https:\/\/www.europesays.com\/fr\/wp-json\/wp\/v2\/posts\/641452","targetHints":{"allow":["GET"]}}],"collection":[{"href":"https:\/\/www.europesays.com\/fr\/wp-json\/wp\/v2\/posts"}],"about":[{"href":"https:\/\/www.europesays.com\/fr\/wp-json\/wp\/v2\/types\/post"}],"author":[{"embeddable":true,"href":"https:\/\/www.europesays.com\/fr\/wp-json\/wp\/v2\/users\/2"}],"replies":[{"embeddable":true,"href":"https:\/\/www.europesays.com\/fr\/wp-json\/wp\/v2\/comments?post=641452"}],"version-history":[{"count":0,"href":"https:\/\/www.europesays.com\/fr\/wp-json\/wp\/v2\/posts\/641452\/revisions"}],"wp:featuredmedia":[{"embeddable":true,"href":"https:\/\/www.europesays.com\/fr\/wp-json\/wp\/v2\/media\/613402"}],"wp:attachment":[{"href":"https:\/\/www.europesays.com\/fr\/wp-json\/wp\/v2\/media?parent=641452"}],"wp:term":[{"taxonomy":"category","embeddable":true,"href":"https:\/\/www.europesays.com\/fr\/wp-json\/wp\/v2\/categories?post=641452"},{"taxonomy":"post_tag","embeddable":true,"href":"https:\/\/www.europesays.com\/fr\/wp-json\/wp\/v2\/tags?post=641452"}],"curies":[{"name":"wp","href":"https:\/\/api.w.org\/{rel}","templated":true}]}}