{"id":641453,"date":"2026-01-05T00:57:15","date_gmt":"2026-01-05T00:57:15","guid":{"rendered":"https:\/\/www.europesays.com\/fr\/641453\/"},"modified":"2026-01-05T00:57:15","modified_gmt":"2026-01-05T00:57:15","slug":"le-paris-fc-pas-mecontent-du-derby-mais-conscient-de-ses-limites","status":"publish","type":"post","link":"https:\/\/www.europesays.com\/fr\/641453\/","title":{"rendered":"le Paris FC pas m\u00e9content du derby mais conscient de ses limites"},"content":{"rendered":"<p>\n    Le coach du promu, St\u00e9phane Gilli, a fait le bilan apr\u00e8s la d\u00e9faite face au PSG dimanche soir (2-1) en cl\u00f4ture de la 17e journ\u00e9e de Ligue 1.<\/p>\n<p class=\"fig-paragraph\"><strong>Son bilan\u00a0<\/strong><a href=\"http:\/\/www.lefigaro.fr\/sports\/football\/ligue-1\/ligue-1-sans-trembler-le-psg-s-offre-le-derby-face-au-paris-fc-20260104\" target=\"_blank\" data-fig-type=\"NewsFlash\" rel=\"noopener\" data-gtm-custom-categorie=\"navigation\" data-gtm-custom-action=\"crossclick\" data-gtm-custom-label=\"Contextuel\" data-gtm-event=\"customEventSPE\" data-fig-domain=\"LEFIGARO\"><strong>du match<\/strong>\u00a0<\/a><br \/>\u00abJe retiens de la fiert\u00e9 de ce qu\u2019a montr\u00e9 mon \u00e9quipe, mon groupe. On a fait bonne figure car il nous manquait du monde. Je ne vais pas \u00eatre original pour dire que l\u2019on a jou\u00e9 une \u00e9quipe tr\u00e8s forte. Je suis fier de ce groupe, de ce qu\u2019il a montr\u00e9, avec les qualit\u00e9s qu\u2019il avait. On n\u2019avait pas d\u2019arri\u00e8re droit et plus le match avan\u00e7ait on a montr\u00e9 qu\u2019on \u00e9tait capable de jouer. Il manque de la constance, je le dis depuis six mois. On doit s\u2019am\u00e9liorer l\u00e0-dessus. Personne ne s\u2019est cach\u00e9, on a respect\u00e9 le plan de jeu. La soir\u00e9e, sur ce qu\u2019on a voulu faire, \u00e9tait pas mal. Apr\u00e8s, je ne peux pas me satisfaire d\u2019une d\u00e9faite.\u00bb<\/p>\n<p class=\"fig-paragraph\"><strong>Rendement des trois attaquants<\/strong>\u00a0<br \/>\u00abJe suis tr\u00e8s satisfait des courses qu\u2019ils ont faites, de leur rendement. Apr\u00e8s, quand on vient au PSG, on ne pense pas avoir 25 situations et 10 occasions nettes. Je ne suis pas d\u2019accord sur le mot \u00ab faible\u00a0\u00bb que vous employez. On a eu des situations, mais ce n\u2019est pas facile face \u00e0 une \u00e9quipe championne d\u2019Europe. Il faut \u00eatre juste.\u00bb<\/p>\n<p class=\"fig-body-link\">\n            \u00c0 lire aussi<br \/>\n        <a class=\"fig-body-link__link fig-premium-mark\" href=\"http:\/\/www.lefigaro.fr\/sports\/football\/ligue-1\/les-notes-de-psg-paris-fc-dembele-doue-de-retour-ikone-fantomatique-et-geubbels-en-trompe-l-oeil-20260104\" target=\"_blank\" data-fig-type=\"NewsFlash\" rel=\"noopener\" data-gtm-custom-categorie=\"navigation\" data-gtm-custom-action=\"crossclick\" data-gtm-custom-label=\"Contextuel\" data-gtm-event=\"customEventSPE\" data-fig-domain=\"LEFIGARO\"><\/p>\n<p>        Les notes de PSG-Paris FC\u00a0: Demb\u00e9l\u00e9-Dou\u00e9 de retour, Ikon\u00e9 fantomatique et Geubbels en trompe-l\u2019\u0153il<br \/>\n    <\/a>\n<\/p>\n<p>                                            <a class=\"fig-a11y-skip\" href=\"#fig-a11y-skip-main-inarticle\" data-module=\"a11y-skip\" data-context=\"was @visible\"><br \/>\n    Passer la publicit\u00e9<br \/>\n<\/a>            <\/p>\n<p class=\"fig-paragraph\"><strong>Nouveau derby face au PSG en Coupe de France<\/strong><br \/>\u00abOn va d\u00e9j\u00e0 finir ce match, l\u2019analyser, voir les blessures du groupe avant de se projeter (lundi 12 au Parc des Princes, 16e de finale Coupe de France). On aura le temps de se pencher dans ce match la semaine prochaine. Ce n\u2019est pas le tirage que l\u2019on aurait souhait\u00e9, l\u2019avantage c\u2019est que l\u2019on a vu ce qu\u2019on \u00e9tait capable de faire. Il faut travailler ce qui a moins fonctionn\u00e9.\u00bb<\/p>\n<p class=\"fig-paragraph\"><strong>La pression de Nantes au classement<\/strong><br \/>\u00abIls ont fait une tr\u00e8s belle prestation en gagnant \u00e0 Marseille. Le championnat est tr\u00e8s compliqu\u00e9, on le sait, on le voit. Est-ce qu\u2019on aura des retours de joueurs\u00a0? Des recrues\u00a0? On verra pour notre animation, il y a encore des jours de travail.\u00bb<\/p>\n<p class=\"fig-paragraph\"><strong>Le mercato et des recrues au Paris FC<\/strong><br \/>\u00abJ\u2019esp\u00e8re qu\u2019il y en aura. On a cibl\u00e9 des profils, des joueurs, j\u2019esp\u00e8re qu\u2019il y aura une ou deux arriv\u00e9es dans la semaine. On a bon espoir. Je ne vais pas souhaiter l\u2019\u00e9limination de mes joueurs \u00e0 la CAN, m\u00eame si cela peut nous desservir.\u00bb<\/p>\n","protected":false},"excerpt":{"rendered":"Le coach du promu, St\u00e9phane Gilli, a fait le bilan apr\u00e8s la d\u00e9faite face au PSG dimanche soir&hellip;\n","protected":false},"author":2,"featured_media":641454,"comment_status":"","ping_status":"","sticky":false,"template":"","format":"standard","meta":{"footnotes":""},"categories":[1888],"tags":[1111,1928,11,1927,1777,674,1011,27,12,1926,2334,626,445,1925,93,25],"class_list":{"0":"post-641453","1":"post","2":"type-post","3":"status-publish","4":"format-standard","5":"has-post-thumbnail","7":"category-paris","8":"tag-actu","9":"tag-actu-paris","10":"tag-actualites","11":"tag-actualites-paris","12":"tag-eu","13":"tag-europe","14":"tag-fr","15":"tag-france","16":"tag-news","17":"tag-news-paris","18":"tag-parc-des-princes","19":"tag-paris","20":"tag-paris-fc","21":"tag-paris-news","22":"tag-psg","23":"tag-republique-francaise"},"share_on_mastodon":{"url":"https:\/\/pubeurope.com\/@fr\/115839780124310355","error":""},"_links":{"self":[{"href":"https:\/\/www.europesays.com\/fr\/wp-json\/wp\/v2\/posts\/641453","targetHints":{"allow":["GET"]}}],"collection":[{"href":"https:\/\/www.europesays.com\/fr\/wp-json\/wp\/v2\/posts"}],"about":[{"href":"https:\/\/www.europesays.com\/fr\/wp-json\/wp\/v2\/types\/post"}],"author":[{"embeddable":true,"href":"https:\/\/www.europesays.com\/fr\/wp-json\/wp\/v2\/users\/2"}],"replies":[{"embeddable":true,"href":"https:\/\/www.europesays.com\/fr\/wp-json\/wp\/v2\/comments?post=641453"}],"version-history":[{"count":0,"href":"https:\/\/www.europesays.com\/fr\/wp-json\/wp\/v2\/posts\/641453\/revisions"}],"wp:featuredmedia":[{"embeddable":true,"href":"https:\/\/www.europesays.com\/fr\/wp-json\/wp\/v2\/media\/641454"}],"wp:attachment":[{"href":"https:\/\/www.europesays.com\/fr\/wp-json\/wp\/v2\/media?parent=641453"}],"wp:term":[{"taxonomy":"category","embeddable":true,"href":"https:\/\/www.europesays.com\/fr\/wp-json\/wp\/v2\/categories?post=641453"},{"taxonomy":"post_tag","embeddable":true,"href":"https:\/\/www.europesays.com\/fr\/wp-json\/wp\/v2\/tags?post=641453"}],"curies":[{"name":"wp","href":"https:\/\/api.w.org\/{rel}","templated":true}]}}