{"id":641455,"date":"2026-01-05T00:58:12","date_gmt":"2026-01-05T00:58:12","guid":{"rendered":"https:\/\/www.europesays.com\/fr\/641455\/"},"modified":"2026-01-05T00:58:12","modified_gmt":"2026-01-05T00:58:12","slug":"nicolas-ghesquiere-et-ralph-toledano-figurent-dans-la-promotion-du-nouvel-an-de-la-legion-dhonneur","status":"publish","type":"post","link":"https:\/\/www.europesays.com\/fr\/641455\/","title":{"rendered":"Nicolas Ghesqui\u00e8re et Ralph Toledano figurent dans la promotion du Nouvel An de la L\u00e9gion d&rsquo;honneur"},"content":{"rendered":"<p>\n                                        <b>Traduit par<\/b><br \/>\n                                        <br \/>Cecile Herrero\n                                    <\/p>\n<p>\n                                    <b>Publi\u00e9 le<\/b><br \/>\n                                    <\/p>\n<p>                                        4 janvier 2026<\/p>\n<p class=\"article-content col-md-8 offset-md-1\">\n                                <a class=\"fnwAddLinks\" href=\"https:\/\/fr.fashionnetwork.com\/tags-nicolas-ghesquiere\" title=\"Nicolas Ghesqui\u00e8re\" target=\"_blank\" rel=\"noopener\">Nicolas Ghesqui\u00e8re<\/a> et <a class=\"fnwAddLinks\" href=\"https:\/\/fr.fashionnetwork.com\/tags-ralph-toledano\" title=\"Ralph Toledano\" target=\"_blank\" rel=\"noopener\">Ralph Toledano<\/a> comptent parmi les personnalit\u00e9s de premier plan de la mode fran\u00e7aise distingu\u00e9es dans la liste annuelle des distinctions du Nouvel An.<\/p>\n<p><img decoding=\"async\" class=\"news-image\" style=\"width:100%;max-width:644px;\" src=\"https:\/\/www.europesays.com\/fr\/wp-content\/uploads\/2026\/01\/f72d.jpg\" alt=\"Nicolas Ghesqui\u00e8re est directeur de la cr\u00e9ation f\u00e9minine chez Louis Vuitton depuis 2013.\" loading=\"lazy\"\/>Nicolas Ghesqui\u00e8re est directeur de la cr\u00e9ation f\u00e9minine chez Louis Vuitton depuis 2013. <\/p>\n<p class=\"col-md-8 offset-md-1 article-content--texte\">Nicolas Ghesqui\u00e8re, directeur de la cr\u00e9ation f\u00e9minine de <a class=\"fnwAddLinks\" href=\"https:\/\/fr.fashionnetwork.com\/tags-louis-vuitton\" title=\"Louis Vuitton\" target=\"_blank\" rel=\"noopener\">Louis Vuitton<\/a>, a \u00e9t\u00e9 fait chevalier de la L\u00e9gion d&rsquo;honneur, haute distinction en France, selon la liste officielle publi\u00e9e jeudi dernier.<\/p>\n<p>De son c\u00f4t\u00e9, M. Toledano, ancien pr\u00e9sident de la F\u00e9d\u00e9ration de la haute couture et de la mode (FHCM), a \u00e9t\u00e9 promu au grade d&rsquo;officier de la L\u00e9gion d&rsquo;honneur. Il avait d\u00e9j\u00e0 \u00e9t\u00e9 fait chevalier en 2003.<\/p>\n<p class=\"col-md-8 offset-md-1 article-content--texte\">R\u00e9agissant \u00e0 la nouvelle, M. Toledano a d\u00e9clar\u00e9 \u00e0 <a class=\"fnwAddLinks\" href=\"https:\/\/fr.fashionnetwork.com\/tags-fashionnetwork-com\" title=\"FashionNetwork.com\" target=\"_blank\" rel=\"noopener\">FashionNetwork.com<\/a> : \u00ab Cette promotion est une nouvelle preuve du soutien exceptionnel de l&rsquo;administration <a class=\"fnwAddLinks\" href=\"https:\/\/fr.fashionnetwork.com\/tags-macron\" title=\"Macron\" target=\"_blank\" rel=\"noopener\">Macron<\/a> \u00e0 la mode fran\u00e7aise \u00bb.<\/p>\n<p><img decoding=\"async\" class=\"news-image\" style=\"width:100%;\" src=\"https:\/\/www.europesays.com\/fr\/wp-content\/uploads\/2026\/01\/34b1.jpeg\" alt=\"Ralph Toledano\" loading=\"lazy\"\/>Ralph Toledano &#8211; DR<\/p>\n<p class=\"col-md-8 offset-md-1 article-content--texte\">\u00ab La mode est ma passion, et cette r\u00e9compense vient saluer les accomplissements r\u00e9alis\u00e9s avec des marques et des cr\u00e9ateurs d&rsquo;exception. Je consid\u00e8re que la cr\u00e9ativit\u00e9 doit toujours \u00eatre au premier plan, port\u00e9e par des \u00e9quipes exceptionnelles, \u00e0 qui je dois tout \u00bb, a ajout\u00e9 M. Toledano qui, au cours d&rsquo;une illustre carri\u00e8re, a \u00e9t\u00e9 pr\u00e9sident de la maison <a class=\"fnwAddLinks\" href=\"https:\/\/fr.fashionnetwork.com\/tags-karl-lagerfeld\" title=\"Karl Lagerfeld\" target=\"_blank\" rel=\"noopener\">Karl Lagerfeld<\/a> ; PDG de <a class=\"fnwAddLinks\" href=\"https:\/\/fr.fashionnetwork.com\/tags-guy-laroche\" title=\"Guy Laroche\" target=\"_blank\" rel=\"noopener\">Guy Laroche<\/a>, o\u00f9 il a nomm\u00e9 <a class=\"fnwAddLinks\" href=\"https:\/\/fr.fashionnetwork.com\/tags-alber-elbaz\" title=\"Alber Elbaz\" target=\"_blank\" rel=\"noopener\">Alber Elbaz<\/a> directeur artistique ; et \u00e0 la t\u00eate de <a class=\"fnwAddLinks\" href=\"https:\/\/fr.fashionnetwork.com\/tags-chloe\" title=\"Chlo\u00e9\" target=\"_blank\" rel=\"noopener\">Chlo\u00e9<\/a> durant les plus belles ann\u00e9es d&rsquo;invention de <a class=\"fnwAddLinks\" href=\"https:\/\/fr.fashionnetwork.com\/tags-phoebe-philo\" title=\"Phoebe Philo\" target=\"_blank\" rel=\"noopener\">Phoebe Philo<\/a>.<\/p>\n<p>\u00ab Je pense qu&rsquo;elle r\u00e9compense \u00e9galement les r\u00e9alisations de mon mandat de pr\u00e9sident de la F\u00e9d\u00e9ration de la haute couture et de la mode, et notamment la fusion entre l&rsquo;IFM et l&rsquo;\u00c9cole de la Chambre syndicale de la couture parisienne (pr\u00e9d\u00e9cesseur de la FHCM) au sein de l&rsquo;Institut fran\u00e7ais de la mode. Paris a enfin \u00e9t\u00e9 dot\u00e9e de la grande \u00e9cole de mode qui lui manquait !\u00a0\u00bb, a conclu M. Toledano, actuellement pr\u00e9sident du conseil d&rsquo;administration de <a class=\"fnwAddLinks\" href=\"https:\/\/fr.fashionnetwork.com\/tags-victoria-beckham\" title=\"Victoria Beckham\" target=\"_blank\" rel=\"noopener\">Victoria Beckham<\/a>.<\/p>\n<p>La liste r\u00e9v\u00e8le \u00e9galement que trois personnalit\u00e9s f\u00e9minines du luxe fran\u00e7ais ont \u00e9t\u00e9 promues au grade de chevalier : <a class=\"fnwAddLinks\" href=\"https:\/\/fr.fashionnetwork.com\/tags-celine\" title=\"C\u00e9line\" target=\"_blank\" rel=\"noopener\">C\u00e9line<\/a> Brucker, directrice g\u00e9n\u00e9rale de <a class=\"fnwAddLinks\" href=\"https:\/\/fr.fashionnetwork.com\/tags-l-oreal\" title=\"L&#039;Or\u00e9al\" target=\"_blank\" rel=\"noopener\">L&rsquo;Or\u00e9al<\/a> France ; Nathalie C\u00e9lia-Kock-Chevalier, directrice g\u00e9n\u00e9rale de Bucherer France ; et Diana Widmaier Picasso, cofondatrice et directrice artistique de la maison de joaillerie Men\u0113.\n                            <\/p>\n<p>\n                                Cet article est une traduction automatique.<br \/>\n                                    <a href=\"https:\/\/ww.fashionnetwork.com\/news\/Nicolas-ghesquiere-and-ralph-toledano-named-in-french-new-year-s-honours-list,1794820.html\" target=\"_blank\" rel=\"noopener\">Cliquez ici<\/a> pour consulter l&rsquo;article d&rsquo;origine.\n                            <\/p>\n<p>\n                                Tous droits de reproduction et de repr\u00e9sentation r\u00e9serv\u00e9s.<br \/>\u00a9 2026 FashionNetwork.com\n                            <\/p>\n","protected":false},"excerpt":{"rendered":"Traduit par Cecile Herrero Publi\u00e9 le 4 janvier 2026 Nicolas Ghesqui\u00e8re et Ralph Toledano comptent parmi les personnalit\u00e9s&hellip;\n","protected":false},"author":2,"featured_media":641456,"comment_status":"","ping_status":"","sticky":false,"template":"","format":"standard","meta":{"footnotes":""},"categories":[1888],"tags":[11,74813,2424,6859,23138,537,2423,1777,674,18448,24457,1011,27,74814,24444,74815,35057,32584,3797,2425,11514,985,12,74816,2298,626,74817,2426,2427,74818,25,2421,2422,6482],"class_list":{"0":"post-641455","1":"post","2":"type-post","3":"status-publish","4":"format-standard","5":"has-post-thumbnail","7":"category-paris","8":"tag-actualites","9":"tag-alber-elbaz","10":"tag-beaute","11":"tag-celine","12":"tag-chloe","13":"tag-contact","14":"tag-cosmetiques","15":"tag-eu","16":"tag-europe","17":"tag-fashionnetwork-com","18":"tag-federation-de-la-haute-couture-et-de-la-mode","19":"tag-fr","20":"tag-france","21":"tag-guy-laroche","22":"tag-institut-francais-de-la-mode","23":"tag-jean-louis-scherrer","24":"tag-karl-lagerfeld","25":"tag-loreal","26":"tag-louis-vuitton","27":"tag-luxe","28":"tag-macron","29":"tag-mode","30":"tag-news","31":"tag-nicolas-ghesquiere","32":"tag-parfum","33":"tag-paris","34":"tag-phoebe-philo","35":"tag-professionnel","36":"tag-professionnels","37":"tag-ralph-toledano","38":"tag-republique-francaise","39":"tag-reseau","40":"tag-textile","41":"tag-victoria-beckham"},"share_on_mastodon":{"url":"","error":"Validation failed: Text character limit of 500 exceeded"},"_links":{"self":[{"href":"https:\/\/www.europesays.com\/fr\/wp-json\/wp\/v2\/posts\/641455","targetHints":{"allow":["GET"]}}],"collection":[{"href":"https:\/\/www.europesays.com\/fr\/wp-json\/wp\/v2\/posts"}],"about":[{"href":"https:\/\/www.europesays.com\/fr\/wp-json\/wp\/v2\/types\/post"}],"author":[{"embeddable":true,"href":"https:\/\/www.europesays.com\/fr\/wp-json\/wp\/v2\/users\/2"}],"replies":[{"embeddable":true,"href":"https:\/\/www.europesays.com\/fr\/wp-json\/wp\/v2\/comments?post=641455"}],"version-history":[{"count":0,"href":"https:\/\/www.europesays.com\/fr\/wp-json\/wp\/v2\/posts\/641455\/revisions"}],"wp:featuredmedia":[{"embeddable":true,"href":"https:\/\/www.europesays.com\/fr\/wp-json\/wp\/v2\/media\/641456"}],"wp:attachment":[{"href":"https:\/\/www.europesays.com\/fr\/wp-json\/wp\/v2\/media?parent=641455"}],"wp:term":[{"taxonomy":"category","embeddable":true,"href":"https:\/\/www.europesays.com\/fr\/wp-json\/wp\/v2\/categories?post=641455"},{"taxonomy":"post_tag","embeddable":true,"href":"https:\/\/www.europesays.com\/fr\/wp-json\/wp\/v2\/tags?post=641455"}],"curies":[{"name":"wp","href":"https:\/\/api.w.org\/{rel}","templated":true}]}}