{"id":641457,"date":"2026-01-05T00:59:16","date_gmt":"2026-01-05T00:59:16","guid":{"rendered":"https:\/\/www.europesays.com\/fr\/641457\/"},"modified":"2026-01-05T00:59:16","modified_gmt":"2026-01-05T00:59:16","slug":"il-a-recupere-son-niveau-avec-psg-paris-fc-ousmane-dembele-a-livre-son-meilleur-match-selon-luis-enrique","status":"publish","type":"post","link":"https:\/\/www.europesays.com\/fr\/641457\/","title":{"rendered":"\u00ab\u00a0Il a r\u00e9cup\u00e9r\u00e9 son niveau\u00a0\u00bb: avec PSG-Paris FC, Ousmane Demb\u00e9l\u00e9 a livr\u00e9 \u00ab\u00a0son meilleur match\u00a0\u00bb selon Luis Enrique"},"content":{"rendered":"<p class=\"mb-4 text-lg md:leading-8 break-words\">Le Ballon d&rsquo;or est-il de retour \u00e0 son meilleur niveau? \u00ab\u00a0C&rsquo;\u00e9tait le meilleur match d&rsquo;<a href=\"https:\/\/rmcsport.bfmtv.com\/football\/ousmane-dembele_DN-202210100814.html\" rel=\"nofollow noopener\" target=\"_blank\" data-ylk=\"slk:Ousmane Demb\u00e9l\u00e9;elm:context_link;itc:0;sec:content-canvas\" class=\"link \">Ousmane Demb\u00e9l\u00e9<\/a> ce soir\u00a0\u00bb depuis son retour de blessure, a estim\u00e9 son entra\u00eeneur Luis Enrique apr\u00e8s la <a href=\"https:\/\/rmcsport.bfmtv.com\/football\/ligue-1\/direct-psg-paris-fc-suivez-le-derby-de-paris-en-live_LS-202601040269.html\" rel=\"nofollow noopener\" target=\"_blank\" data-ylk=\"slk:victoire du PSG en Ligue 1 contre son voisin le Paris FC;elm:context_link;itc:0;sec:content-canvas\" class=\"link \">victoire du PSG en Ligue 1 contre son voisin le Paris FC<\/a>, au Parc des Princes dimanche (2-1).<\/p>\n<p class=\"mb-4 text-lg md:leading-8 break-words\">Qu&rsquo;il retrouve son niveau de Ballon d&rsquo;Or apr\u00e8s ses blessures et maladies, \u00ab\u00a0c&rsquo;est ce que nous attendons\u00a0\u00bb, a-t-il dit \u00e0 la presse. \u00ab\u00a0Je pense que c&rsquo;est le meilleur match (de la saison) d&rsquo;Ousmane ce soir, il a r\u00e9cup\u00e9r\u00e9 son niveau\u00a0\u00bb, a ajout\u00e9 <a href=\"https:\/\/rmcsport.bfmtv.com\/football\/clubs\/paris-saint-germain\/luis-enrique_DN-202308300457.html\" rel=\"nofollow noopener\" target=\"_blank\" data-ylk=\"slk:Luis Enrique;elm:context_link;itc:0;sec:content-canvas\" class=\"link \">Luis Enrique<\/a>, faisant r\u00e9f\u00e9rence notamment \u00e0 son but. \u00ab\u00a0C&rsquo;est important de g\u00e9rer son temps de jeu. Dans quatre jours il joue une finale (le Troph\u00e9e des champions contre Marseille, NDLR), c&rsquo;est pour \u00e7a qu&rsquo;on l&rsquo;a fait sortir\u00a0\u00bb.<\/p>\n<p>Des retrouvailles tr\u00e8s rapides avec le PFC<\/p>\n<p class=\"mb-4 text-lg md:leading-8 break-words\">Globalement, \u00ab\u00a0\u00e7a a \u00e9t\u00e9 un match difficile, mais on a fait une bonne premi\u00e8re mi-temps, avec beaucoup d&rsquo;occasions. En deuxi\u00e8me mi-temps on a fait des erreurs\u00a0\u00bb, <a href=\"https:\/\/rmcsport.bfmtv.com\/football\/ligue-1\/video-psg-2-1-pfc-avoir-les-joueurs-de-retour-c-est-vital-reconnait-luis-enrique_VN-202601040349.html\" rel=\"nofollow noopener\" target=\"_blank\" data-ylk=\"slk:a regrett\u00e9 l&#039;Espagnol;elm:context_link;itc:0;sec:content-canvas\" class=\"link \">a regrett\u00e9 l&rsquo;Espagnol<\/a>. \u00ab\u00a0Quand tu ne fais pas un bon pressing, toute \u00e9quipe peut te poser des probl\u00e8mes\u00a0\u00bb, a-t-il not\u00e9. \u00ab\u00a0Je sais que \u00e7a ne peut pas fonctionner \u00e0 tous les instants, mais je suis tr\u00e8s exigeant avec mes joueurs\u00a0\u00bb.<\/p>\n<p class=\"mb-4 text-lg md:leading-8 break-words\">\u00ab\u00a0C&rsquo;est vital d&rsquo;avoir des joueurs de retour, apr\u00e8s \u00e7a il faudra qu&rsquo;ils r\u00e9cup\u00e8rent le niveau physique et technique pour am\u00e9liorer encore notre jeu\u00a0\u00bb, a aussi dit Luis Enrique. Prochain \u00e9tape: le d\u00e9part pour le Koweit, o\u00f9 se jouera le Troph\u00e9e des champions jeudi contre l&rsquo;OM&#8230; avant de retrouver le Paris FC, cette fois en 16e de finale de Coupe de France.<\/p>\n<p class=\"mb-4 text-lg md:leading-8 break-words\"><a href=\"https:\/\/rmcsport.bfmtv.com\/football\/clubs\/paris-saint-germain\/il-a-recupere-son-niveau-avec-psg-paris-fc-ousmane-dembele-a-livre-son-meilleur-match-selon-luis-enrique_AV-202601040355.html#xtor=AL-68\" rel=\"nofollow noopener\" target=\"_blank\" data-ylk=\"slk:Article original publi\u00e9 sur RMC Sport;elm:context_link;itc:0;sec:content-canvas\" class=\"link \">Article original publi\u00e9 sur RMC Sport<\/a><\/p>\n","protected":false},"excerpt":{"rendered":"Le Ballon d&rsquo;or est-il de retour \u00e0 son meilleur niveau? \u00ab\u00a0C&rsquo;\u00e9tait le meilleur match d&rsquo;Ousmane Demb\u00e9l\u00e9 ce soir\u00a0\u00bb&hellip;\n","protected":false},"author":2,"featured_media":641458,"comment_status":"","ping_status":"","sticky":false,"template":"","format":"standard","meta":{"footnotes":""},"categories":[1888],"tags":[11,1777,674,21184,1011,27,921,955,12,4072,626,445,93,25,38586],"class_list":{"0":"post-641457","1":"post","2":"type-post","3":"status-publish","4":"format-standard","5":"has-post-thumbnail","7":"category-paris","8":"tag-actualites","9":"tag-eu","10":"tag-europe","11":"tag-finale-de-coupe-de-france","12":"tag-fr","13":"tag-france","14":"tag-luis-enrique","15":"tag-match","16":"tag-news","17":"tag-niveau","18":"tag-paris","19":"tag-paris-fc","20":"tag-psg","21":"tag-republique-francaise","22":"tag-trophee-des-champions"},"share_on_mastodon":{"url":"","error":""},"_links":{"self":[{"href":"https:\/\/www.europesays.com\/fr\/wp-json\/wp\/v2\/posts\/641457","targetHints":{"allow":["GET"]}}],"collection":[{"href":"https:\/\/www.europesays.com\/fr\/wp-json\/wp\/v2\/posts"}],"about":[{"href":"https:\/\/www.europesays.com\/fr\/wp-json\/wp\/v2\/types\/post"}],"author":[{"embeddable":true,"href":"https:\/\/www.europesays.com\/fr\/wp-json\/wp\/v2\/users\/2"}],"replies":[{"embeddable":true,"href":"https:\/\/www.europesays.com\/fr\/wp-json\/wp\/v2\/comments?post=641457"}],"version-history":[{"count":0,"href":"https:\/\/www.europesays.com\/fr\/wp-json\/wp\/v2\/posts\/641457\/revisions"}],"wp:featuredmedia":[{"embeddable":true,"href":"https:\/\/www.europesays.com\/fr\/wp-json\/wp\/v2\/media\/641458"}],"wp:attachment":[{"href":"https:\/\/www.europesays.com\/fr\/wp-json\/wp\/v2\/media?parent=641457"}],"wp:term":[{"taxonomy":"category","embeddable":true,"href":"https:\/\/www.europesays.com\/fr\/wp-json\/wp\/v2\/categories?post=641457"},{"taxonomy":"post_tag","embeddable":true,"href":"https:\/\/www.europesays.com\/fr\/wp-json\/wp\/v2\/tags?post=641457"}],"curies":[{"name":"wp","href":"https:\/\/api.w.org\/{rel}","templated":true}]}}