{"id":641459,"date":"2026-01-05T01:00:17","date_gmt":"2026-01-05T01:00:17","guid":{"rendered":"https:\/\/www.europesays.com\/fr\/641459\/"},"modified":"2026-01-05T01:00:17","modified_gmt":"2026-01-05T01:00:17","slug":"ce-que-moscou-perd-et-pourrait-gagner-apres-lattaque-americaine-au-venezuela","status":"publish","type":"post","link":"https:\/\/www.europesays.com\/fr\/641459\/","title":{"rendered":"Ce que Moscou perd (et pourrait gagner) apr\u00e8s l\u2019attaque am\u00e9ricaine au Venezuela"},"content":{"rendered":"<p class=\"sc-jbo7hw-7 bDkRIk\">La Russie est en train de perdre, les uns apr\u00e8s les autres, des alli\u00e9s de taille dans diff\u00e9rents coins du monde au profit des \u00c9tats-Unis.<\/p>\n<p class=\"sc-jbo7hw-7 bDkRIk\">En un peu plus d\u2019un an, Moscou a vu sa zone d\u2019influence se r\u00e9tr\u00e9cir \u00e0 la fois au Moyen-Orient, avec la chute du r\u00e9gime de Bachar Al-Assad en Syrie, et en Am\u00e9rique latine, avec <a tabindex=\"0\" class=\"border-b border-solid transition-colors text-blue600 hover:text-blue600 light:text-blue600 light:hover:text-blue600 dark:text-blue400 dark:hover:text-blue400 border-gray900\/25 light:border-gray900\/25 dark:border-gray100\/25 hover:border-linkDefault hover:bg-gray999\/10 light:hover:bg-gray999\/10 dark:hover:bg-gray0\/10\" href=\"https:\/\/ici.radio-canada.ca\/nouvelle\/2217671\/maduro-capture-operation-preparation-deroulement\" target=\"_blank\" rel=\"noopener\">la capture du pr\u00e9sident v\u00e9n\u00e9zu\u00e9lien Nicolas Maduro par les forces am\u00e9ricaines<\/a>.<\/p>\n<p class=\"sc-jbo7hw-7 bDkRIk\">Dans les deux cas, la chute de ces deux dirigeants s\u2019est faite en un temps \u00e9clair\u00a0: <a tabindex=\"0\" class=\"border-b border-solid transition-colors text-blue600 hover:text-blue600 light:text-blue600 light:hover:text-blue600 dark:text-blue400 dark:hover:text-blue400 border-gray900\/25 light:border-gray900\/25 dark:border-gray100\/25 hover:border-linkDefault hover:bg-gray999\/10 light:hover:bg-gray999\/10 dark:hover:bg-gray0\/10\" href=\"https:\/\/ici.radio-canada.ca\/nouvelle\/2125499\/chute-regime-assad-syrie-rebelles\" target=\"_blank\" rel=\"noopener\">M.\u00a0Assad a fui Damas dans la nuit du 7 au 8\u00a0d\u00e9cembre\u00a02024<\/a> apr\u00e8s une offensive des rebelles, soutenus par la Turquie et les \u00c9tats-Unis, pour se r\u00e9fugier avec sa famille \u00e0 Moscou; M.\u00a0Maduro, quant \u00e0 lui, a connu un sort plus dramatique, ayant \u00e9t\u00e9 enlev\u00e9 en plein sommeil par des forces d\u2019\u00e9lite am\u00e9ricaines, samedi, avant d\u2019\u00eatre emmen\u00e9 \u00e0 New York pour y \u00eatre jug\u00e9 pour narcoterrorisme, entre autres accusations graves.<\/p>\n<p class=\"sc-jbo7hw-7 bDkRIk\">L\u2019Iran, un autre grand alli\u00e9 de la Russie, est lui aussi sur la sellette. En juin dernier, <a tabindex=\"0\" class=\"border-b border-solid transition-colors text-blue600 hover:text-blue600 light:text-blue600 light:hover:text-blue600 dark:text-blue400 dark:hover:text-blue400 border-gray900\/25 light:border-gray900\/25 dark:border-gray100\/25 hover:border-linkDefault hover:bg-gray999\/10 light:hover:bg-gray999\/10 dark:hover:bg-gray0\/10\" href=\"https:\/\/ici.radio-canada.ca\/nouvelle\/2174501\/etats-unis-frappe-sites-nucleaires-iran-bombe\" target=\"_blank\" rel=\"noopener\">les \u00c9tats-Unis et Isra\u00ebl ont men\u00e9 des frappes a\u00e9riennes sans pr\u00e9c\u00e9dent contre ce pays<\/a>, visant des centaines de sites militaires et nucl\u00e9aires et tuant plusieurs hauts grad\u00e9s et scientifiques de l\u2019atome.<\/p>\n<p class=\"sc-jbo7hw-7 bDkRIk\">Le r\u00e9gime de T\u00e9h\u00e9ran n\u2019est toujours pas sorti du bois. Depuis quelques semaines, <a tabindex=\"0\" class=\"border-b border-solid transition-colors text-blue600 hover:text-blue600 light:text-blue600 light:hover:text-blue600 dark:text-blue400 dark:hover:text-blue400 border-gray900\/25 light:border-gray900\/25 dark:border-gray100\/25 hover:border-linkDefault hover:bg-gray999\/10 light:hover:bg-gray999\/10 dark:hover:bg-gray0\/10\" href=\"https:\/\/ici.radio-canada.ca\/nouvelle\/2217716\/iran-manifestations-quatre-morts-economie\" target=\"_blank\" rel=\"noopener\">un mouvement de contestation d\u00e9non\u00e7ant la d\u00e9gradation de la situation \u00e9conomique<\/a> dans le pays prend de l\u2019ampleur au sein de la population.<\/p>\n<p class=\"sc-jbo7hw-7 bDkRIk\">Les autorit\u00e9s iraniennes, qui affirment que les demandes des protestataires sont l\u00e9gitimes, soulignent toutefois qu\u2019elles n&rsquo;h\u00e9siteront pas \u00e0 agir avec fermet\u00e9 si les manifestations sont instrumentalis\u00e9es \u00e0 des fins de d\u00e9stabilisation. T\u00e9h\u00e9ran a \u00e9galement mis Washington en garde contre toute ing\u00e9rence dans ses affaires int\u00e9rieures, tandis que le pr\u00e9sident Donald Trump dit ouvertement qu\u2019il est pr\u00eat \u00e0 intervenir si les protestations sont r\u00e9prim\u00e9es.<\/p>\n<p><img decoding=\"async\" alt=\"Massoud Pezeshkian et Vladimir Poutine posent pour les journalistes avec les trait\u00e9s en main.\" class=\"absolute left-0 top-0 size-full object-cover transition-opacity ease-out print:relative html-dark:brightness-[.8]\" loading=\"lazy\" src=\"https:\/\/www.europesays.com\/fr\/wp-content\/uploads\/2026\/01\/poutine-pezeshkian-traite-russie-iran.jpg\"\/>Ouvrir en mode plein \u00e9cran<\/p>\n<p class=\"mb-0 text-3 leading-6\">Le pr\u00e9sident iranien Massoud Pezeshkian (gauche) et le pr\u00e9sident russe Vladimir Poutine (droite) ont paraph\u00e9, le 17 janvier 2025, un accord de partenariat strat\u00e9gique lors d&rsquo;une c\u00e9r\u00e9monie au Kremlin. (Photo d&rsquo;archives)<\/p>\n<p class=\"text-gray600 light:text-gray600 dark:text-gray400 mb-0 text-small uppercase leading-6\">Photo : AP \/ Vyacheslav Prokofyev<\/p>\n<p class=\"sc-jbo7hw-7 bDkRIk\">Moscou, pour le moment, se tient \u00e0 l\u2019\u00e9cart. La Russie, qui est pourtant une alli\u00e9e de longue date de T\u00e9h\u00e9ran, de Damas et de Caracas, s\u2019est content\u00e9e de d\u00e9noncer les agressions am\u00e9ricaines, pr\u00e9f\u00e9rant ainsi \u00e9viter tout affrontement direct avec les \u00c9tats-Unis.<\/p>\n<p class=\"sc-jbo7hw-7 bDkRIk\">Cette approche, aux yeux de plusieurs observateurs, met en lumi\u00e8re le pragmatisme du Kremlin et la priorit\u00e9 qu\u2019il accorde \u00e0 ses propres int\u00e9r\u00eats.<\/p>\n<p class=\"sc-jbo7hw-7 bDkRIk\">Cela d\u00e9montre \u00e9galement que plusieurs alli\u00e9s de la Russie s\u2019appuient sur elle par manque d\u2019options dans un contexte de sanctions et d\u2019isolement sur la sc\u00e8ne internationale.<\/p>\n<p class=\"sc-jbo7hw-7 bDkRIk\">Cela s\u2019applique aussi bien pour les vieux alli\u00e9s de Moscou, comme T\u00e9h\u00e9ran, que pour les plus nouveaux, comme le Burkina Faso, le Mali et le Niger, en Afrique, qui ont tous les trois r\u00e9cemment rompu leurs liens avec leurs anciennes puissances coloniales occidentales pour se rapprocher de la Russie.<\/p>\n<p><img decoding=\"async\" alt=\"Un homme brandit une pancarte \u00ab \u00c0 bas Emmanuel Macron, vive la Russie \u00bb.\" class=\"absolute left-0 top-0 size-full object-cover transition-opacity ease-out print:relative html-dark:brightness-[.8]\" loading=\"lazy\" src=\"https:\/\/www.europesays.com\/fr\/wp-content\/uploads\/2026\/01\/dezo-manifestation-contre-france-bamako-mali.jpg\"\/>Ouvrir en mode plein \u00e9cran<\/p>\n<p class=\"mb-0 text-3 leading-6\">Un homme brandit une pancarte lors d&rsquo;une manifestation de masse \u00e0 Bamako, en janvier 2022, pour protester contre les sanctions impos\u00e9es au Mali et \u00e0 la junte par la Communaut\u00e9 \u00e9conomique des \u00c9tats d&rsquo;Afrique de l&rsquo;Ouest (CEDEAO). (Photo d&rsquo;archives)<\/p>\n<p class=\"text-gray600 light:text-gray600 dark:text-gray400 mb-0 text-small uppercase leading-6\">Photo : afp via getty images \/ FLORENT VERGNES<\/p>\n<p class=\"sc-jbo7hw-7 bDkRIk\">En 2021, Moscou avait d\u00e9ploy\u00e9 dans ces trois pays du Sahel des paramilitaires du groupe Wagner dans le but affich\u00e9 de combattre la menace des djihadistes islamistes dans la r\u00e9gion.<\/p>\n<p class=\"sc-jbo7hw-7 bDkRIk\">Plus r\u00e9cemment, en novembre, le Kremlin a tent\u00e9 un rapprochement avec le Nigeria, offrant son aide dans la lutte contre le terrorisme, mais les \u00c9tats-Unis semblent avoir \u00e9t\u00e9 plus rapides \u00e0 agir. Le 25\u00a0d\u00e9cembre, jour de No\u00ebl, l\u2019arm\u00e9e am\u00e9ricaine a men\u00e9 des <a tabindex=\"0\" class=\"border-b border-solid transition-colors text-blue600 hover:text-blue600 light:text-blue600 light:hover:text-blue600 dark:text-blue400 dark:hover:text-blue400 border-gray900\/25 light:border-gray900\/25 dark:border-gray100\/25 hover:border-linkDefault hover:bg-gray999\/10 light:hover:bg-gray999\/10 dark:hover:bg-gray0\/10\" href=\"https:\/\/ici.radio-canada.ca\/nouvelle\/2216381\/frappes-americaines-nigeria-etat-islamique\" target=\"_blank\" rel=\"noopener\">frappes a\u00e9riennes contre des militants du groupe arm\u00e9 \u00c9tat islamique<\/a> dans le nord-ouest du Nigeria, faisant un nombre ind\u00e9termin\u00e9 de victimes.<\/p>\n<p class=\"sc-jbo7hw-7 bDkRIk\">La relation entre le Nigeria et l\u2019administration Trump \u00e9tait pourtant au plus bas \u00e0 l\u2019automne, le pr\u00e9sident am\u00e9ricain ayant accus\u00e9 Abuja d\u2019encourager le g\u00e9nocide des chr\u00e9tiens aux mains des djihadistes. Des accusations jug\u00e9es infond\u00e9es par les autorit\u00e9s nig\u00e9rianes.<\/p>\n<p class=\"sc-jbo7hw-7 bDkRIk\">Maintenant, la question qui se pose est\u00a0: que compte faire la Russie, qui est d\u00e9j\u00e0 prise dans un bras de fer avec Washington et ses alli\u00e9s de l\u2019OTAN depuis son invasion de l\u2019Ukraine il y a pr\u00e8s de quatre ans?<\/p>\n<p><img decoding=\"async\" alt=\"Friedrich Merz, Keir Starmer, Volodymyr Zelensky et Emmanuel Macron sont assis c\u00f4te \u00e0 c\u00f4te devant leurs drapeaux respectifs dans une salle.\" class=\"absolute left-0 top-0 size-full object-cover transition-opacity ease-out print:relative html-dark:brightness-[.8]\" loading=\"lazy\" src=\"https:\/\/www.europesays.com\/fr\/wp-content\/uploads\/2026\/01\/zelensky-ukraine-macron-starmer.jpg\"\/>Ouvrir en mode plein \u00e9cran<\/p>\n<p class=\"mb-0 text-3 leading-6\">Le chancelier allemand, Friedrich Merz, le premier ministre britannique, Keir Starmer, le pr\u00e9sident ukrainien, Volodymyr Zelensky, et le pr\u00e9sident fran\u00e7ais, Emmanuel Macron, au 10 Downing Street \u00e0 Londres, le 8 d\u00e9cembre dernier, lors du sommet sur la progression des pourparlers de paix. (Photo d&rsquo;archives)<\/p>\n<p class=\"text-gray600 light:text-gray600 dark:text-gray400 mb-0 text-small uppercase leading-6\">Photo : Getty Images \/ WPA Pool<\/p>\n<p class=\"sc-jbo7hw-7 bDkRIk\">Les Am\u00e9ricains ont d\u00e9j\u00e0 pr\u00e9sent\u00e9 <a tabindex=\"0\" class=\"border-b border-solid transition-colors text-blue600 hover:text-blue600 light:text-blue600 light:hover:text-blue600 dark:text-blue400 dark:hover:text-blue400 border-gray900\/25 light:border-gray900\/25 dark:border-gray100\/25 hover:border-linkDefault hover:bg-gray999\/10 light:hover:bg-gray999\/10 dark:hover:bg-gray0\/10\" href=\"https:\/\/ici.radio-canada.ca\/nouvelle\/2216057\/ukraine-washington-gel-front-otan\" target=\"_blank\" rel=\"noopener\">plusieurs plans pour r\u00e9gler ce conflit<\/a>, dont une proposition pour geler les combats, mais les Russes se montrent jusque-l\u00e0 inflexibles, exigeant des Ukrainiens qu\u2019ils renoncent aux territoires d\u00e9j\u00e0 conquis.<\/p>\n<p class=\"sc-jbo7hw-7 bDkRIk\">L\u2019attaque militaire am\u00e9ricaine contre le Venezuela et l\u2019enl\u00e8vement de Nicolas Maduro risquent \u00e0 pr\u00e9sent de m\u00ealer les cartes.<\/p>\n<p class=\"sc-jbo7hw-7 bDkRIk\">Pour justifier son op\u00e9ration, Donald Trump a \u00e9voqu\u00e9 la doctrine Monroe, une politique am\u00e9ricaine mise en place il y a un pr\u00e8s d\u2019un si\u00e8cle, qui consid\u00e8re que l&rsquo;Am\u00e9rique latine est la chasse gard\u00e9e des \u00c9tats-Unis.<\/p>\n<p class=\"sc-jbo7hw-7 bDkRIk\">Dans le cadre de notre nouvelle strat\u00e9gie de s\u00e9curit\u00e9 nationale, la domination am\u00e9ricaine dans l&rsquo;h\u00e9misph\u00e8re occidental ne sera plus jamais remise en question, a-t-il dit samedi lors d\u2019une conf\u00e9rence de presse \u00e0 l\u2019issue de la capture du pr\u00e9sident v\u00e9n\u00e9zu\u00e9lien.<\/p>\n<p class=\"sc-jbo7hw-7 bDkRIk\">Au cours de cette m\u00eame conf\u00e9rence, il a annonc\u00e9 que les \u00c9tats-Unis allaient d\u00e9sormais diriger le Venezuela le temps qu\u2019un gouvernement de transition soit mis en place, sans fournir de d\u00e9tails sur les modalit\u00e9s de cette nouvelle gouvernance. Il a \u00e9galement ouvertement affirm\u00e9 que Washington compte ouvrir le secteur p\u00e9trolier du Venezuela aux compagnies am\u00e9ricaines afin qu&rsquo;elles exploitent les r\u00e9serves de brut du pays \u2013\u00a0les plus importantes dans le monde.<\/p>\n<p><img decoding=\"async\" alt=\"Donald Trump prononce un discours derri\u00e8re un lutrin portant le sceau pr\u00e9sidentiel. Il est accompagn\u00e9 de Marco Rubio, de Pete Hegseth et de Stephen Miller.\" class=\"absolute left-0 top-0 size-full object-cover transition-opacity ease-out print:relative html-dark:brightness-[.8]\" loading=\"lazy\" src=\"https:\/\/www.europesays.com\/fr\/wp-content\/uploads\/2026\/01\/trump-venezuela-maduro-hegseth-rubio.jpg\"\/>Ouvrir en mode plein \u00e9cran<\/p>\n<p class=\"mb-0 text-3 leading-6\">Le pr\u00e9sident am\u00e9ricain, Donald Trump, a commenc\u00e9 sa conf\u00e9rence de presse du 3 janvier 2026 \u00e0 Mar-a-Lago en affirmant que les \u00c9tats-Unis allaient diriger le Venezuela.<\/p>\n<p class=\"text-gray600 light:text-gray600 dark:text-gray400 mb-0 text-small uppercase leading-6\">Photo : Getty Images \/ AFP \/ JIM WATSON<\/p>\n<p class=\"sc-jbo7hw-7 bDkRIk\">Comme le soulignent plusieurs analystes, cette posture agressive et <a tabindex=\"0\" class=\"border-b border-solid transition-colors text-blue600 hover:text-blue600 light:text-blue600 light:hover:text-blue600 dark:text-blue400 dark:hover:text-blue400 border-gray900\/25 light:border-gray900\/25 dark:border-gray100\/25 hover:border-linkDefault hover:bg-gray999\/10 light:hover:bg-gray999\/10 dark:hover:bg-gray0\/10\" href=\"https:\/\/ici.radio-canada.ca\/nouvelle\/2217637\/etats-unis-venezuela-maduro-droit\" target=\"_blank\" rel=\"noopener\">non conforme au droit international<\/a> pourrait encourager la Russie et d\u2019autres rivaux, comme la Chine, \u00e0 adopter une attitude similaire dans leur propre zone d&rsquo;influence, en particulier vis-\u00e0-vis respectivement de l&rsquo;Ukraine et de Ta\u00efwan.<\/p>\n<p class=\"sc-jbo7hw-7 bDkRIk\">Il y a quelques jours \u00e0 peine, la Chine, qui revendique Ta\u00efwan comme partie int\u00e9grante de son territoire, a men\u00e9 des <a tabindex=\"0\" class=\"border-b border-solid transition-colors text-blue600 hover:text-blue600 light:text-blue600 light:hover:text-blue600 dark:text-blue400 dark:hover:text-blue400 border-gray900\/25 light:border-gray900\/25 dark:border-gray100\/25 hover:border-linkDefault hover:bg-gray999\/10 light:hover:bg-gray999\/10 dark:hover:bg-gray0\/10\" href=\"https:\/\/ici.radio-canada.ca\/nouvelle\/2216513\/chine-exercices-militaires-simulation-blocus-ports-taiwan\" target=\"_blank\" rel=\"noopener\">man\u0153uvres a\u00e9riennes et navales sans pr\u00e9c\u00e9dent autour de l&rsquo;\u00eele<\/a>, simulant un blocus et des attaques contre des cibles maritimes strat\u00e9giques.<\/p>\n<p class=\"sc-jbo7hw-7 bDkRIk\">En ce qui concerne Moscou, Vladimir Poutine pourrait s\u2019inspirer de Donald Trump pour \u00e9largir son op\u00e9ration militaire au-del\u00e0 m\u00eame de l\u2019Ukraine. Nostalgique de l\u2019empire sovi\u00e9tique, le chef du Kremlin pourrait chercher \u00e0 renforcer son emprise sur d\u2019autres pays d\u2019Europe de l\u2019Est.<\/p>\n<p class=\"sc-jbo7hw-7 bDkRIk\">Les Europ\u00e9ens en sont conscients. Le secr\u00e9taire g\u00e9n\u00e9ral de l\u2019OTAN, Mark Rutte, a d\u2019ailleurs d\u00e9j\u00e0 d\u00e9clar\u00e9 que la Russie pourrait \u00eatre pr\u00eate \u00e0 utiliser la force militaire contre les pays membres d\u2019ici\u00a02030. Nous sommes la prochaine cible de la Russie, a-t-il r\u00e9p\u00e9t\u00e9 le 11\u00a0d\u00e9cembre.<\/p>\n<p><img decoding=\"async\" alt=\"Mark Rutte debout devant les drapeaux de l'OTAN et de l'Ukraine.\" class=\"absolute left-0 top-0 size-full object-cover transition-opacity ease-out print:relative html-dark:brightness-[.8]\" loading=\"lazy\" src=\"https:\/\/www.europesays.com\/fr\/wp-content\/uploads\/2025\/09\/mark-rutte-ukraine-otan.jpg\"\/>Ouvrir en mode plein \u00e9cran<\/p>\n<p class=\"mb-0 text-3 leading-6\">Le secr\u00e9taire g\u00e9n\u00e9ral de l&rsquo;OTAN, Mark Rutte (Photo d&rsquo;archives)<\/p>\n<p class=\"text-gray600 light:text-gray600 dark:text-gray400 mb-0 text-small uppercase leading-6\">Photo : Reuters \/ Thomas Peter<\/p>\n<p class=\"sc-jbo7hw-7 bDkRIk\">Si les \u00c9tats-Unis peuvent proclamer qu&rsquo;un dirigeant est ill\u00e9gitime, le destituer et gouverner le pays, pourquoi d&rsquo;autres ne pourraient-ils pas en faire autant? se demande ainsi Jennifer Kavanagh, du groupe de r\u00e9flexion am\u00e9ricain Defense Priorities, cit\u00e9e par l\u2019AFP.<\/p>\n<p class=\"sc-jbo7hw-7 bDkRIk\">Justin Massie, directeur du D\u00e9partement de science politique de l&rsquo;Universit\u00e9 du Qu\u00e9bec \u00e0 Montr\u00e9al, fait la m\u00eame r\u00e9flexion. Dans une entrevue accord\u00e9e \u00e0 Radio-Canada, il d\u00e9clare que l\u2019op\u00e9ration au Venezuela cautionne la strat\u00e9gie des sph\u00e8res d\u2019influence des grandes puissances qui veulent le contr\u00f4le des \u00c9tats p\u00e9riph\u00e9riques.<\/p>\n<p class=\"sc-jbo7hw-7 bDkRIk\">La Russie veut l\u2019Ukraine, la Chine veut Ta\u00efwan et les \u00c9tats-Unis disent ouvertement qu\u2019ils veulent le Venezuela parce que c\u2019est dans leur cour arri\u00e8re, ajoute-t-il. \u00c7a divise le monde en trois.<\/p>\n<p class=\"sc-jbo7hw-7 bDkRIk\">C\u2019est donc avec ces lunettes qu\u2019il convient d\u2019analyser le message du secr\u00e9taire g\u00e9n\u00e9ral de l&rsquo;ONU, Antonio Guterres, qui s\u2019est dit inquiet du dangereux pr\u00e9c\u00e9dent que repr\u00e9sente l\u2019intervention am\u00e9ricaine \u00e0 Caracas.<\/p>\n<p class=\"sc-jbo7hw-7 bDkRIk\">Entre-temps, ces trois grandes puissances devront se parler lundi dans le cadre d\u2019une r\u00e9union d\u2019urgence du Conseil de s\u00e9curit\u00e9 de l\u2019ONU, l\u2019un des rares forums qui accueillent \u00e0 la fois la Chine, la Russie et les \u00c9tats-Unis.<\/p>\n","protected":false},"excerpt":{"rendered":"La Russie est en train de perdre, les uns apr\u00e8s les autres, des alli\u00e9s de taille dans diff\u00e9rents&hellip;\n","protected":false},"author":2,"featured_media":641460,"comment_status":"","ping_status":"","sticky":false,"template":"","format":"standard","meta":{"footnotes":""},"categories":[1591],"tags":[11,1887,12,1885,1886,132],"class_list":{"0":"post-641459","1":"post","2":"type-post","3":"status-publish","4":"format-standard","5":"has-post-thumbnail","7":"category-russie","8":"tag-actualites","9":"tag-federation-de-russie","10":"tag-news","11":"tag-russia","12":"tag-russian-federation","13":"tag-russie"},"share_on_mastodon":{"url":"https:\/\/pubeurope.com\/@fr\/115839791007298910","error":""},"_links":{"self":[{"href":"https:\/\/www.europesays.com\/fr\/wp-json\/wp\/v2\/posts\/641459","targetHints":{"allow":["GET"]}}],"collection":[{"href":"https:\/\/www.europesays.com\/fr\/wp-json\/wp\/v2\/posts"}],"about":[{"href":"https:\/\/www.europesays.com\/fr\/wp-json\/wp\/v2\/types\/post"}],"author":[{"embeddable":true,"href":"https:\/\/www.europesays.com\/fr\/wp-json\/wp\/v2\/users\/2"}],"replies":[{"embeddable":true,"href":"https:\/\/www.europesays.com\/fr\/wp-json\/wp\/v2\/comments?post=641459"}],"version-history":[{"count":0,"href":"https:\/\/www.europesays.com\/fr\/wp-json\/wp\/v2\/posts\/641459\/revisions"}],"wp:featuredmedia":[{"embeddable":true,"href":"https:\/\/www.europesays.com\/fr\/wp-json\/wp\/v2\/media\/641460"}],"wp:attachment":[{"href":"https:\/\/www.europesays.com\/fr\/wp-json\/wp\/v2\/media?parent=641459"}],"wp:term":[{"taxonomy":"category","embeddable":true,"href":"https:\/\/www.europesays.com\/fr\/wp-json\/wp\/v2\/categories?post=641459"},{"taxonomy":"post_tag","embeddable":true,"href":"https:\/\/www.europesays.com\/fr\/wp-json\/wp\/v2\/tags?post=641459"}],"curies":[{"name":"wp","href":"https:\/\/api.w.org\/{rel}","templated":true}]}}