{"id":641463,"date":"2026-01-05T01:02:13","date_gmt":"2026-01-05T01:02:13","guid":{"rendered":"https:\/\/www.europesays.com\/fr\/641463\/"},"modified":"2026-01-05T01:02:13","modified_gmt":"2026-01-05T01:02:13","slug":"apres-loperation-menee-par-les-etats-unis-au-venezuela-les-cours-du-petrole-commencent-a-baisser","status":"publish","type":"post","link":"https:\/\/www.europesays.com\/fr\/641463\/","title":{"rendered":"Apr\u00e8s l\u2019op\u00e9ration men\u00e9e par les \u00c9tats-Unis au Venezuela, les cours du p\u00e9trole commencent \u00e0 baisser"},"content":{"rendered":"<p class=\"paragraph text_align_left lp-f-body-02\">Les cours du p\u00e9trole ont recul\u00e9 de plus de 1 % lundi en d\u00e9but d\u2019\u00e9changes asiatiques, apr\u00e8s l\u2019enl\u00e8vement du pr\u00e9sident du Venezuela <a href=\"https:\/\/www.leparisien.fr\/international\/etats-unis\/operation-americaine-au-venezuela-nicolas-maduro-comparaitra-des-ce-lundi-devant-un-juge-de-new-york-04-01-2026-JWCLYDMD25HM7CVPKLLQKH65LE.php\" target=\"_blank\" rel=\"noreferrer noopener\">Nicol\u00e1s Maduro<\/a> lors d\u2019une op\u00e9ration militaire <a href=\"https:\/\/www.leparisien.fr\/international\/etats-unis\/\" target=\"_blank\" rel=\"noreferrer noopener\">am\u00e9ricaine<\/a>, et face \u00e0 l\u2019intention de Washington d\u2019exploiter les gigantesques r\u00e9serves de brut du pays.<\/p>\n<p class=\"\">Vers 8 heures du matin \u00e0 Tokyo, le prix du baril de WTI am\u00e9ricain est descendu \u00e0 56,56 dollars et celui du baril de Brent de la mer du Nord \u00e0 60 dollars, avant de limiter leurs pertes les minutes suivantes.<\/p>\n<p class=\"title-embed-dailymotion lp-color-text lp-f-subtitle-04\">Vid\u00e9oPourquoi Trump assure que le V\u00e9n\u00e9zuela a \u00ab\u00a0vol\u00e9\u00a0\u00bb le p\u00e9trole am\u00e9ricain<\/p>\n<p class=\"\">Apr\u00e8s des mois de frappes sur des embarcations accus\u00e9es de trafiquer de la drogue, les \u00c9tats-Unis ont men\u00e9 samedi une spectaculaire op\u00e9ration d\u2019enl\u00e8vement de Nicol\u00e1s Maduro. Donald Trump a d\u00e9clar\u00e9 samedi que les \u00c9tats-Unis allaient d\u00e9sormais \u00ab diriger \u00bb le pays. La vice-pr\u00e9sidente Delcy Rodriguez a \u00e9t\u00e9 ordonn\u00e9e pr\u00e9sidente par int\u00e9rim.<\/p>\n<p class=\"\">L\u2019administration <a href=\"https:\/\/www.leparisien.fr\/international\/etats-unis\/donald-trump\/\" target=\"_blank\" rel=\"noreferrer noopener\">Trump<\/a> n\u2019a pas fait myst\u00e8re de son d\u00e9sir de mettre la main sur les r\u00e9serves de p\u00e9trole du Venezuela, les plus importantes de la plan\u00e8te. Le r\u00e9gime de Nicol\u00e1s Maduro, qui faisait face \u00e0 des sanctions et \u00e0 un embargo am\u00e9ricain, n\u2019en vendait qu\u2019une petite partie sur le march\u00e9.<\/p>\n<p class=\"\">Les \u00c9tats-Unis, qui vont d\u00e9sormais essayer d\u2019avoir la main sur la production, veulent que les entreprises am\u00e9ricaines puissent profiter de cette manne. Une augmentation de la production aurait des cons\u00e9quences sur les prix, qui seraient tir\u00e9s \u00e0 la baisse. Les investisseurs ont semble-t-il d\u00e9j\u00e0 anticip\u00e9 cette tendance.<\/p>\n<p>Les compagnies am\u00e9ricaines en p\u00f4le<\/p>\n<p class=\"\">Apr\u00e8s les bombardements a\u00e9riens et la capture de Nicol\u00e1s Maduro et de la Premi\u00e8re dame Cilia Flores, le pr\u00e9sident am\u00e9ricain Donald Trump a en effet affirm\u00e9 samedi qu\u2019il autoriserait les compagnies p\u00e9troli\u00e8res des \u00c9tats-Unis \u00e0 exploiter les ressources p\u00e9troli\u00e8res du Venezuela. Il a aussi affirm\u00e9 que les \u00c9tats-Unis allaient \u00ab diriger le pays jusqu\u2019\u00e0 ce que nous puissions proc\u00e9der \u00e0 une transition s\u00fbre, appropri\u00e9e et judicieuse \u00bb.<\/p>\n<p class=\"\">Caracas dispose certes des plus grandes r\u00e9serves prouv\u00e9es du monde avec 303 221 millions de barils, selon l\u2019Organisation des pays exportateurs de p\u00e9trole (Opep), dont le Venezuela est membre, devant l\u2019Arabie saoudite (267 200 millions) et l\u2019Iran. Mais la production est tr\u00e8s faible, estim\u00e9e \u00e0 environ 1 million de barils\/jour (mbj) avant la r\u00e9cente mont\u00e9e des tensions avec Washington, contre environ 3,5 mbj \u00e0 l\u2019arriv\u00e9e au pouvoir d\u2019Hugo Chavez, le pr\u00e9d\u00e9cesseur de Nicol\u00e1s Maduro, en 1999.<\/p>\n<p class=\"\">Et dans un march\u00e9 mondial d\u00e9j\u00e0 bien approvisionn\u00e9, d\u2019\u00e9ventuelles perturbations sur les faibles approvisionnements v\u00e9n\u00e9zu\u00e9liens (environ 1 % de la production plan\u00e9taire de p\u00e9trole brut) devraient avoir un impact limit\u00e9, jugent nombre d\u2019analystes. \u00ab La situation du march\u00e9 mondial du p\u00e9trole reste inchang\u00e9e, avec des cours sous pression en raison d\u2019une offre exc\u00e9dentaire \u00bb, tranche Rob Thummel, du cabinet Tortoise Capital Management.<\/p>\n<p class=\"\">\u00ab Les \u00e9v\u00e9nements actuels au Venezuela ne modifient pas cette dynamique \u00bb d\u2019autant qu\u2019il semble que dans l\u2019imm\u00e9diat \u00ab les infrastructures v\u00e9n\u00e9zu\u00e9liennes soient toujours op\u00e9rationnelles et permettent d\u2019exporter du p\u00e9trole vers les march\u00e9s mondiaux \u00bb, explique-t-il, tout en n\u2019excluant pas une hausse ult\u00e9rieure des cours en cas de r\u00e9duction \u00ab temporaire \u00bb de l\u2019offre du pays.<\/p>\n<p>\u00ab Ce processus sera long \u00bb<\/p>\n<p class=\"\">\u00ab \u00c0 court terme, l\u2019instabilit\u00e9 au Venezuela peut faire craindre des perturbations de l\u2019approvisionnement, ce qui pourrait faire grimper les prix \u00bb, reconna\u00eet Kyle Rodda, analyste en Australie du courtier Capital.com. Du fait des sanctions, les importateurs du p\u00e9trole v\u00e9n\u00e9zu\u00e9lien sont peu nombreux : on estime que la Chine en ach\u00e8te 80 %, via la Malaisie.<\/p>\n<p class=\"\">Cependant, \u00ab \u00e0 plus long terme, cette initiative am\u00e9ricaine vise \u00e0 exploiter les vastes r\u00e9serves du Venezuela, ce qui pourrait in fine peser sur les prix \u00bb, ajoute Kyle Rodda, mais \u00ab ce processus sera long, car l\u2019industrie est \u00e0 l\u2019arr\u00eat, les infrastructures sont v\u00e9tustes, ressources humaines et capitaux font d\u00e9faut, cette offre ne sera pas disponible avant plusieurs ann\u00e9es \u00bb.<\/p>\n<p class=\"\">Et investir aujourd\u2019hui est peu int\u00e9ressant : les cours de l\u2019or noir sont plomb\u00e9s par un surplus d\u2019offre et ils ont recul\u00e9 en 2025 malgr\u00e9 les nombreux d\u00e9veloppements g\u00e9opolitiques (Ukraine, droits de douane\u2026) qui ont limit\u00e9 cette baisse. \u00ab La production v\u00e9n\u00e9zu\u00e9lienne est en baisse depuis de nombreuses ann\u00e9es, et des investissements importants seront n\u00e9cessaires pour inverser cette tendance : cela prendra des ann\u00e9es, et non des jours ou des mois \u00bb, abonde Rob Thummel.<\/p>\n","protected":false},"excerpt":{"rendered":"Les cours du p\u00e9trole ont recul\u00e9 de plus de 1 % lundi en d\u00e9but d\u2019\u00e9changes asiatiques, apr\u00e8s l\u2019enl\u00e8vement&hellip;\n","protected":false},"author":2,"featured_media":641464,"comment_status":"","ping_status":"","sticky":false,"template":"","format":"standard","meta":{"footnotes":""},"categories":[1589],"tags":[11,33,73,1866,14,12,1864,1865,1863,308],"class_list":{"0":"post-641463","1":"post","2":"type-post","3":"status-publish","4":"format-standard","5":"has-post-thumbnail","7":"category-etats-unis","8":"tag-actualites","9":"tag-economie","10":"tag-etats-unis","11":"tag-etats-unis-damerique","12":"tag-international","13":"tag-news","14":"tag-united-states","15":"tag-united-states-of-america","16":"tag-us","17":"tag-usa"},"share_on_mastodon":{"url":"https:\/\/pubeurope.com\/@fr\/115839798217016525","error":""},"_links":{"self":[{"href":"https:\/\/www.europesays.com\/fr\/wp-json\/wp\/v2\/posts\/641463","targetHints":{"allow":["GET"]}}],"collection":[{"href":"https:\/\/www.europesays.com\/fr\/wp-json\/wp\/v2\/posts"}],"about":[{"href":"https:\/\/www.europesays.com\/fr\/wp-json\/wp\/v2\/types\/post"}],"author":[{"embeddable":true,"href":"https:\/\/www.europesays.com\/fr\/wp-json\/wp\/v2\/users\/2"}],"replies":[{"embeddable":true,"href":"https:\/\/www.europesays.com\/fr\/wp-json\/wp\/v2\/comments?post=641463"}],"version-history":[{"count":0,"href":"https:\/\/www.europesays.com\/fr\/wp-json\/wp\/v2\/posts\/641463\/revisions"}],"wp:featuredmedia":[{"embeddable":true,"href":"https:\/\/www.europesays.com\/fr\/wp-json\/wp\/v2\/media\/641464"}],"wp:attachment":[{"href":"https:\/\/www.europesays.com\/fr\/wp-json\/wp\/v2\/media?parent=641463"}],"wp:term":[{"taxonomy":"category","embeddable":true,"href":"https:\/\/www.europesays.com\/fr\/wp-json\/wp\/v2\/categories?post=641463"},{"taxonomy":"post_tag","embeddable":true,"href":"https:\/\/www.europesays.com\/fr\/wp-json\/wp\/v2\/tags?post=641463"}],"curies":[{"name":"wp","href":"https:\/\/api.w.org\/{rel}","templated":true}]}}