{"id":641467,"date":"2026-01-05T01:04:11","date_gmt":"2026-01-05T01:04:11","guid":{"rendered":"https:\/\/www.europesays.com\/fr\/641467\/"},"modified":"2026-01-05T01:04:11","modified_gmt":"2026-01-05T01:04:11","slug":"lallemagne-la-france-et-leurope-un-equilibre-strategique-a-reconstruire-benoist-mallet-di-bento","status":"publish","type":"post","link":"https:\/\/www.europesays.com\/fr\/641467\/","title":{"rendered":"L\u2019Allemagne, la France et l\u2019Europe : un \u00e9quilibre strat\u00e9gique \u00e0 reconstruire [ [Benoist Mallet Di Bento] \u00a0"},"content":{"rendered":"<p class=\"p1\"><b>La guerre en Ukraine et la recomposition mondiale des puissances mettent l\u2019Europe face \u00e0 une v\u00e9rit\u00e9 incontournable : la puissance ne se d\u00e9cr\u00e8te pas, elle se structure et se d\u00e9fend. Comme le soulignait Pierre-Marie Gallois, pionnier de la r\u00e9flexion strat\u00e9gique fran\u00e7aise, la France ne peut se contenter de ressources militaires et diplomatiques : elles doivent \u00eatre traduites en vision et en action politique.<\/b><\/p>\n<p class=\"p1\">L\u2019Allemagne, avec son r\u00e9armement massif, sa souverainet\u00e9 industrielle et son r\u00f4le central dans l\u2019aide militaire et financi\u00e8re \u00e0 l\u2019Ukraine, s\u2019affirme comme le pivot de l\u2019Europe continentale. Sa position g\u00e9ographique, d\u00e9mographique et \u00e9conomique, associ\u00e9e \u00e0 une proximit\u00e9 strat\u00e9gique et culturelle avec les \u00c9tats-Unis d\u2019Am\u00e9rique, lui permet de combler le vide laiss\u00e9 par un Royaume-Uni sorti de l\u2019Union europ\u00e9enne et par une France dont l\u2019imp\u00e9ritie strat\u00e9gique et \u00e9conomique a laiss\u00e9 le pays d\u00e9sarm\u00e9 face aux enjeux du nouveau mill\u00e9naire, au risque d\u2019un jugement s\u00e9v\u00e8re de l\u2019histoire.<\/p>\n<p class=\"p1\">Cette centralit\u00e9 ne se limite pas au domaine militaire ou \u00e9conomique : elle repose sur la ma\u00eetrise industrielle, la capacit\u00e9 normative et la projection d\u2019influence, sans confrontation ouverte. L\u2019Europe, dans ce contexte, n\u2019est pas f\u00e9d\u00e9r\u00e9e par choix mais organis\u00e9e de fait autour de Berlin.<\/p>\n<p>La France face \u00e0 son propre effacement strat\u00e9gique<\/p>\n<p class=\"p1\">La France dispose d\u2019atouts consid\u00e9rables : dissuasion nucl\u00e9aire, si\u00e8ge permanent au Conseil de s\u00e9curit\u00e9 de l\u2019ONU, industrie de d\u00e9fense parmi les plus compl\u00e8tes du monde\u2026 Mais ces instruments de puissance ne prennent toute leur valeur que lorsqu\u2019ils sont traduits en strat\u00e9gie politique et leadership europ\u00e9en. Aujourd\u2019hui :<\/p>\n<p class=\"p1\">\u2022 Les d\u00e9cisions fran\u00e7aises restent souvent r\u00e9actives plut\u00f4t que structurantes ;<\/p>\n<p class=\"p1\">\u2022 Le r\u00f4le de la langue fran\u00e7aise, instrument historique de puissance, a \u00e9t\u00e9 supplant\u00e9 de fait par l\u2019anglais, cons\u00e9quence de l\u2019immobilisme et du d\u00e9sint\u00e9r\u00eat strat\u00e9gique des \u00e9lites fran\u00e7aises ;<\/p>\n<p class=\"p1\">\u2022 La diplomatie et la projection de puissance fran\u00e7aises peinent \u00e0 cr\u00e9er un \u00e9quilibre face \u00e0 l\u2019Allemagne et aux blocs internationaux.<\/p>\n<p class=\"p1\">L\u2019affirmation allemande intervient \u00e0 un moment o\u00f9 la France, faute de vision et de volont\u00e9 strat\u00e9gique, n\u2019exerce plus pleinement son r\u00f4le d\u2019\u00e9quilibrage. L\u2019Europe ne bascule pas vers Berlin par choix collectif, mais de fait.<\/p>\n<p class=\"p1\">La France doit encadrer la puissance allemande par des initiatives politiques, industrielles et diplomatiques, afin que sa centralit\u00e9 renforce l\u2019Europe plut\u00f4t que de la dicter.<\/p>\n<p>Une Europe \u00e0 l\u00e9gitimer<\/p>\n<p class=\"p1\">La puissance n\u2019est cr\u00e9dible que si elle est l\u00e9gitim\u00e9e et structur\u00e9e. Aujourd\u2019hui, l\u2019Union europ\u00e9enne est dirig\u00e9e par des institutions puissantes mais peu d\u00e9mocratiques, avec des normes et des usages favorisant la centralit\u00e9 allemande. Les autres grandes nations \u2014 Pologne, Italie, Espagne \u2014 ne sont pas assur\u00e9es d\u2019accepter durablement cette configuration. L\u2019Europe fait donc face \u00e0 un paradoxe :<\/p>\n<p class=\"p1\">\u2022 Une Allemagne forte est n\u00e9cessaire pour la coh\u00e9sion \u00e9conomique et militaire du continent ;<\/p>\n<p class=\"p1\">\u2022 Mais sa centralit\u00e9 ne sera durable que si elle est accompagn\u00e9e et r\u00e9gul\u00e9e par une direction collective europ\u00e9enne.<\/p>\n<p class=\"p1\">Sans ce cadre, l\u2019UE risque de devenir une forteresse continentale fragment\u00e9e et d\u00e9pendante, incapable de jouer un r\u00f4le autonome dans un monde multipolaire.<\/p>\n<p>Histoire et prospective<\/p>\n<p class=\"p1\">L\u2019histoire allemande montre que ses crises ne sont pas impos\u00e9es par l\u2019ext\u00e9rieur, mais naissent souvent de ses propres erreurs et de sa rigidit\u00e9 structurelle. La France, en revanche, a historiquement contribu\u00e9 \u00e0 la cr\u00e9ation de l\u2019Allemagne moderne \u2014 de la R\u00e9volution fran\u00e7aise \u00e0 l\u2019Empire allemand proclam\u00e9 \u00e0 Versailles \u2014 et pourrait aujourd\u2019hui \u00eatre la cl\u00e9 pour encadrer cette puissance plut\u00f4t que de la subir.<\/p>\n<p class=\"p1\">Dans un monde redevenu conflictuel, la France doit retrouver la clart\u00e9 strat\u00e9gique et la capacit\u00e9 d\u2019initiative pour transformer ses atouts par une pr\u00e9pond\u00e9rance cr\u00e9dible. Tant que ce r\u00e9\u00e9quilibrage ne se produit pas, l\u2019Europe restera structur\u00e9e de fait autour d\u2019une Allemagne centrale, tol\u00e9r\u00e9e mais non l\u00e9gitim\u00e9e.<\/p>\n<p>Conclusion<\/p>\n<p class=\"p1\">La puissance europ\u00e9enne ne se mesure pas seulement en capacit\u00e9s militaire ou \u00e9conomique, mais en capacit\u00e9 politique, vision et anticipation. L\u2019Europe d\u2019aujourd\u2019hui est \u00e0 la crois\u00e9e des chemins : une Allemagne forte est indispensable, mais la stabilit\u00e9 et la souverainet\u00e9 europ\u00e9ennes d\u00e9pendent de la France et de ses partenaires \u00e0 cr\u00e9er un \u00e9quilibre conscient et durable, et non de laisser le destin du continent se d\u00e9cider de fait.<\/p>\n<p class=\"p1\">Comme le rappelait Charles De Gaulle, la souverainet\u00e9 et la puissance d\u2019un pays ne se mesurent pas seulement \u00e0 ses discours ou alliances, mais \u00e0 sa capacit\u00e9 d\u2019anticiper et de d\u00e9cider. La France doit aujourd\u2019hui retrouver cette clart\u00e9 strat\u00e9gique pour encadrer l\u2019Europe et assurer un \u00e9quilibre durable face \u00e0 la centralit\u00e9 allemande.<\/p>\n<p class=\"p1\">Benoist Mallet Di Bento, Consultant strat\u00e9gie territoriale &amp; innovation g\u00e9opolitique | intelligence culturelle &amp; IA, cybers\u00e9curit\u00e9 <br \/>\u00a9 novembre-janvier 2026 \u2013 BMDB<\/p>\n<p> Par <strong><a href=\"https:\/\/afrimag.net\/author\/b-mdibento\/\" target=\"_blank\" rel=\"noopener\">Benoist Mallet Di Bento<\/a><\/strong>, Chroniqueur &#8211; France<\/p>\n","protected":false},"excerpt":{"rendered":"La guerre en Ukraine et la recomposition mondiale des puissances mettent l\u2019Europe face \u00e0 une v\u00e9rit\u00e9 incontournable :&hellip;\n","protected":false},"author":2,"featured_media":641468,"comment_status":"","ping_status":"","sticky":false,"template":"","format":"standard","meta":{"footnotes":""},"categories":[1587],"tags":[11,672,1804,1805,1803,1777,674,1801,12,1802],"class_list":{"0":"post-641467","1":"post","2":"type-post","3":"status-publish","4":"format-standard","5":"has-post-thumbnail","7":"category-allemagne","8":"tag-actualites","9":"tag-allemagne","10":"tag-bundesrepublik-deutschland","11":"tag-de","12":"tag-deutschland","13":"tag-eu","14":"tag-europe","15":"tag-germany","16":"tag-news","17":"tag-republique-federale-dallemagne"},"share_on_mastodon":{"url":"https:\/\/pubeurope.com\/@fr\/115839806052417382","error":""},"_links":{"self":[{"href":"https:\/\/www.europesays.com\/fr\/wp-json\/wp\/v2\/posts\/641467","targetHints":{"allow":["GET"]}}],"collection":[{"href":"https:\/\/www.europesays.com\/fr\/wp-json\/wp\/v2\/posts"}],"about":[{"href":"https:\/\/www.europesays.com\/fr\/wp-json\/wp\/v2\/types\/post"}],"author":[{"embeddable":true,"href":"https:\/\/www.europesays.com\/fr\/wp-json\/wp\/v2\/users\/2"}],"replies":[{"embeddable":true,"href":"https:\/\/www.europesays.com\/fr\/wp-json\/wp\/v2\/comments?post=641467"}],"version-history":[{"count":0,"href":"https:\/\/www.europesays.com\/fr\/wp-json\/wp\/v2\/posts\/641467\/revisions"}],"wp:featuredmedia":[{"embeddable":true,"href":"https:\/\/www.europesays.com\/fr\/wp-json\/wp\/v2\/media\/641468"}],"wp:attachment":[{"href":"https:\/\/www.europesays.com\/fr\/wp-json\/wp\/v2\/media?parent=641467"}],"wp:term":[{"taxonomy":"category","embeddable":true,"href":"https:\/\/www.europesays.com\/fr\/wp-json\/wp\/v2\/categories?post=641467"},{"taxonomy":"post_tag","embeddable":true,"href":"https:\/\/www.europesays.com\/fr\/wp-json\/wp\/v2\/tags?post=641467"}],"curies":[{"name":"wp","href":"https:\/\/api.w.org\/{rel}","templated":true}]}}