{"id":641469,"date":"2026-01-05T01:05:14","date_gmt":"2026-01-05T01:05:14","guid":{"rendered":"https:\/\/www.europesays.com\/fr\/641469\/"},"modified":"2026-01-05T01:05:14","modified_gmt":"2026-01-05T01:05:14","slug":"crans-montana-une-messe-pour-rendre-hommage-aux-victimes-de-lincendie-du-bar-le-constellation","status":"publish","type":"post","link":"https:\/\/www.europesays.com\/fr\/641469\/","title":{"rendered":"Crans-Montana : une messe pour rendre hommage aux victimes de l&rsquo;incendie du bar Le Constellation"},"content":{"rendered":"<p>            <img decoding=\"async\" alt=\"R\u00e9\u00e9coute Dimitri Pavlenko\" src=\"https:\/\/www.europesays.com\/fr\/wp-content\/uploads\/2025\/11\/dimitri-pavlenko-25-26.jpg\" width=\"161\" height=\"161\" loading=\"lazy\"\/><\/p>\n<p>                                    Soci\u00e9t\u00e9<\/p>\n<p class=\"card-media__description\">\n                Des journaux, des interviews, de l&rsquo;expertise, une revue de presse, de l&rsquo;humeur&#8230; Emmen\u00e9 par Jacques Serais, Europe 1 Matin, c&rsquo;est deux heures d&rsquo;informations, mais pas seulement. C&rsquo;est aussi du d\u00e9cryptage et de l&rsquo;analyse pour mieux comprendre le monde qui nous entoure et les enjeux derri\u00e8re les derni\u00e8res actualit\u00e9s. Politique, soci\u00e9t\u00e9, \u00e9conomie, faits divers, sport&#8230; Aucun sujet n&rsquo;\u00e9chappe \u00e0 la r\u00e9daction d&rsquo;Europe 1.\u00a0<br \/>&#13;<\/p>\n","protected":false},"excerpt":{"rendered":"Soci\u00e9t\u00e9 Des journaux, des interviews, de l&rsquo;expertise, une revue de presse, de l&rsquo;humeur&#8230; Emmen\u00e9 par Jacques Serais, Europe&hellip;\n","protected":false},"author":2,"featured_media":641470,"comment_status":"","ping_status":"","sticky":false,"template":"","format":"standard","meta":{"footnotes":""},"categories":[1586],"tags":[11,1777,674,1011,27,12,25],"class_list":{"0":"post-641469","1":"post","2":"type-post","3":"status-publish","4":"format-standard","5":"has-post-thumbnail","7":"category-europe","8":"tag-actualites","9":"tag-eu","10":"tag-europe","11":"tag-fr","12":"tag-france","13":"tag-news","14":"tag-republique-francaise"},"share_on_mastodon":{"url":"https:\/\/pubeurope.com\/@fr\/115839810089249814","error":""},"_links":{"self":[{"href":"https:\/\/www.europesays.com\/fr\/wp-json\/wp\/v2\/posts\/641469","targetHints":{"allow":["GET"]}}],"collection":[{"href":"https:\/\/www.europesays.com\/fr\/wp-json\/wp\/v2\/posts"}],"about":[{"href":"https:\/\/www.europesays.com\/fr\/wp-json\/wp\/v2\/types\/post"}],"author":[{"embeddable":true,"href":"https:\/\/www.europesays.com\/fr\/wp-json\/wp\/v2\/users\/2"}],"replies":[{"embeddable":true,"href":"https:\/\/www.europesays.com\/fr\/wp-json\/wp\/v2\/comments?post=641469"}],"version-history":[{"count":0,"href":"https:\/\/www.europesays.com\/fr\/wp-json\/wp\/v2\/posts\/641469\/revisions"}],"wp:featuredmedia":[{"embeddable":true,"href":"https:\/\/www.europesays.com\/fr\/wp-json\/wp\/v2\/media\/641470"}],"wp:attachment":[{"href":"https:\/\/www.europesays.com\/fr\/wp-json\/wp\/v2\/media?parent=641469"}],"wp:term":[{"taxonomy":"category","embeddable":true,"href":"https:\/\/www.europesays.com\/fr\/wp-json\/wp\/v2\/categories?post=641469"},{"taxonomy":"post_tag","embeddable":true,"href":"https:\/\/www.europesays.com\/fr\/wp-json\/wp\/v2\/tags?post=641469"}],"curies":[{"name":"wp","href":"https:\/\/api.w.org\/{rel}","templated":true}]}}