{"id":641481,"date":"2026-01-05T01:13:18","date_gmt":"2026-01-05T01:13:18","guid":{"rendered":"https:\/\/www.europesays.com\/fr\/641481\/"},"modified":"2026-01-05T01:13:18","modified_gmt":"2026-01-05T01:13:18","slug":"la-convivialite-en-prime-avec-le-club-de-tennis-les-villettes-saint-maurice-de-lignon","status":"publish","type":"post","link":"https:\/\/www.europesays.com\/fr\/641481\/","title":{"rendered":"La convivialit\u00e9 en prime avec le club de tennis Les Villettes\/Saint-Maurice-de-Lignon"},"content":{"rendered":"<p>\t\t\t\t\t\t\t\t\t\t\t\t\t\t\t\t\t\t\t\t\t\t\t\t\t\t\t\t\t\t\t\t\t\t\t\t\t\t\t\t\t\t\t\t\t\t\t\t\t\t\t\t\t\t\t\t\t\t\t\t\t\t\t<a href=\"https:\/\/www.lacommere43.fr\/component\/banners\/click\/1869.html\" target=\"_blank\" title=\"Saint-Romain-Lachalm Durieux Fermetures d\u00e9cembre 2025\" rel=\"noopener\"><br \/>\n\t\t\t\t\t\t\t<img decoding=\"async\" loading=\"lazy\" src=\"https:\/\/www.europesays.com\/fr\/wp-content\/uploads\/2025\/12\/La-Commre-43---du-20-12-25-au-09-01-2026.gif\" alt=\"Saint-Romain-Lachalm Durieux Fermetures d\u00e9cembre 2025\"\/><br \/>\n\t\t\t\t\t\t<\/a><\/p>\n<p>Les membres du club de tennis des Villettes\/Saint-Maurice-de-Lignon se sont retrouv\u00e9s pendant les vacances de No\u00ebl pour partager uu moment de convivialit\u00e9 au R\u2019Padel, dans une ambiance chaleureuse et d\u00e9tendue.<\/p>\n<p>Au cours de la soir\u00e9e, les participants ont profit\u00e9 des installations \u00e0 travers un tournoi americano avec un changement de partenaire \u00e0 chaque match. Il s\u2019agit d\u2019un format de jeu dynamique et accessible \u00e0 tous les niveaux.<\/p>\n<p>La rencontre s\u2019est poursuivie autour d\u2019un repas partag\u00e9, favorisant les \u00e9changes et renfor\u00e7ant les liens entre les membres du club.<\/p>\n","protected":false},"excerpt":{"rendered":"Les membres du club de tennis des Villettes\/Saint-Maurice-de-Lignon se sont retrouv\u00e9s pendant les vacances de No\u00ebl pour partager&hellip;\n","protected":false},"author":2,"featured_media":641482,"comment_status":"","ping_status":"","sticky":false,"template":"","format":"standard","meta":{"footnotes":""},"categories":[1415],"tags":[2281,2282,1011,27,2280,2284,2285,2283,60,1467],"class_list":{"0":"post-641481","1":"post","2":"type-post","3":"status-publish","4":"format-standard","5":"has-post-thumbnail","7":"category-tennis","8":"tag-actualite-43","9":"tag-faits-divers-auvergne","10":"tag-fr","11":"tag-france","12":"tag-information-haute-loire","13":"tag-infos-43","14":"tag-journal-haute-loire","15":"tag-la-commere-43","16":"tag-sports","17":"tag-tennis"},"share_on_mastodon":{"url":"https:\/\/pubeurope.com\/@fr\/115839841321787867","error":""},"_links":{"self":[{"href":"https:\/\/www.europesays.com\/fr\/wp-json\/wp\/v2\/posts\/641481","targetHints":{"allow":["GET"]}}],"collection":[{"href":"https:\/\/www.europesays.com\/fr\/wp-json\/wp\/v2\/posts"}],"about":[{"href":"https:\/\/www.europesays.com\/fr\/wp-json\/wp\/v2\/types\/post"}],"author":[{"embeddable":true,"href":"https:\/\/www.europesays.com\/fr\/wp-json\/wp\/v2\/users\/2"}],"replies":[{"embeddable":true,"href":"https:\/\/www.europesays.com\/fr\/wp-json\/wp\/v2\/comments?post=641481"}],"version-history":[{"count":0,"href":"https:\/\/www.europesays.com\/fr\/wp-json\/wp\/v2\/posts\/641481\/revisions"}],"wp:featuredmedia":[{"embeddable":true,"href":"https:\/\/www.europesays.com\/fr\/wp-json\/wp\/v2\/media\/641482"}],"wp:attachment":[{"href":"https:\/\/www.europesays.com\/fr\/wp-json\/wp\/v2\/media?parent=641481"}],"wp:term":[{"taxonomy":"category","embeddable":true,"href":"https:\/\/www.europesays.com\/fr\/wp-json\/wp\/v2\/categories?post=641481"},{"taxonomy":"post_tag","embeddable":true,"href":"https:\/\/www.europesays.com\/fr\/wp-json\/wp\/v2\/tags?post=641481"}],"curies":[{"name":"wp","href":"https:\/\/api.w.org\/{rel}","templated":true}]}}