{"id":641483,"date":"2026-01-05T01:17:24","date_gmt":"2026-01-05T01:17:24","guid":{"rendered":"https:\/\/www.europesays.com\/fr\/641483\/"},"modified":"2026-01-05T01:17:24","modified_gmt":"2026-01-05T01:17:24","slug":"cyclisme-paris-nice-du-classique-un-mini-tour-le-parcours-de-paris-nice-debut-mars","status":"publish","type":"post","link":"https:\/\/www.europesays.com\/fr\/641483\/","title":{"rendered":"Cyclisme. Paris-Nice &#8211; Du classique, un mini-Tour&#8230; le parcours de Paris-Nice, d\u00e9but mars"},"content":{"rendered":"<p> Lire la suite de l&rsquo;article&#13;<\/p>\n<p>\u00a0<\/p>\n<p>&#13;<br \/>\nLe parcours de Paris-Nice 2026&#13;<\/p>\n<blockquote class=\"twitter-tweet\" style=\"width:100%!important;max-width:550px!important;min-width:250px;height:500px;\"><p>&#13;<\/p>\n<p dir=\"ltr\" lang=\"fr\">\u2600 Direction la Riviera ! Voici le parcours de\u00a0<a href=\"https:\/\/twitter.com\/hashtag\/ParisNice?src=hash&amp;ref_src=twsrc%5Etfw\" target=\"_blank\" rel=\"noopener\">#ParisNice<\/a>\u00a02026.<\/p>\n<p>\u2600 Direction Riviera! Here is the route of\u00a0<a href=\"https:\/\/twitter.com\/hashtag\/ParisNice?src=hash&amp;ref_src=twsrc%5Etfw\" target=\"_blank\" rel=\"noopener\">#ParisNice<\/a>\u00a02026.\u00a0<a href=\"https:\/\/t.co\/VSOuRO72dp\">pic.twitter.com\/VSOuRO72dp<\/a><\/p>\n<p>&#13;<br \/>\n\u2014 Paris-Nice (@ParisNice)\u00a0<a href=\"https:\/\/twitter.com\/ParisNice\/status\/2001237666235605143?ref_src=twsrc%5Etfw\" target=\"_blank\" rel=\"noopener\">December 17, 2025<\/a><\/p><\/blockquote>\n<p>&#13;<br \/>\n&#13;<\/p>\n<p>\u00a0<\/p>\n<p>&#13;<\/p>\n<p><strong>Etape 1\u00a0<\/strong>: Ach\u00e8res &#8211;\u00a0Carri\u00e8res-sous-Poissy,\u00a0171,2 km<\/p>\n<p>&#13;<\/p>\n<p><strong>Etape 2<\/strong>\u00a0: \u00c9p\u00f4ne &#8211; Montargis, 187 km<\/p>\n<p>&#13;<\/p>\n<p><strong>Etape 3<\/strong>\u00a0: Cosne-Cours-sur-Loire &#8211; Pouilly-sur-Loire, 23,5 km (CLM)<\/p>\n<p>&#13;<\/p>\n<p><strong>Etape 4<\/strong>\u00a0: Bourges\u00a0&#8211; Uchon, 195km<\/p>\n<p>&#13;<\/p>\n<p><strong>Etape 5<\/strong>\u00a0: Cormoranche-sur-Sa\u00f4ne &#8211; Colombier-le-Vieux, 205,4 km<\/p>\n<p>&#13;<\/p>\n<p><strong>Etape 6<\/strong>\u00a0: Barbentane &#8211; Apt, 179,3 km\u00a0<\/p>\n<p>&#13;<\/p>\n<p><strong>Etape 7<\/strong>\u00a0: Nice\u00a0 &#8211; Auron, 138,7 km\u00a0<\/p>\n<p>&#13;<\/p>\n<p><strong>Etape 8<\/strong>\u00a0: Nice &#8211; Nice, 145 km<\/p>\n<p>&#13;<\/p>\n<p>\u00a0<\/p>\n<p>&#13;<\/p>\n<blockquote class=\"twitter-tweet\" style=\"width:100%!important;max-width:550px!important;min-width:250px;height:500px;\"><p>&#13;<\/p>\n<p dir=\"ltr\" lang=\"fr\"><a href=\"https:\/\/twitter.com\/hashtag\/CyclismActu?src=hash&amp;ref_src=twsrc%5Etfw\" target=\"_blank\" rel=\"noopener\">#CyclismActu<\/a> : Christian Prudhomme prudent quant \u00e0 l\u2019avenir des jeunes Paul : Paul Seixas et Paul Magnier.<\/p>\n<p>\u00ab Le v\u00e9lo, partout &amp; toujours ici \u00bb, sur <a href=\"https:\/\/t.co\/ezYOVuxnQg\">https:\/\/t.co\/ezYOVuxnQg<\/a>?\u200d\u2642\ufe0f<a href=\"https:\/\/twitter.com\/hashtag\/Prudhomme?src=hash&amp;ref_src=twsrc%5Etfw\" target=\"_blank\" rel=\"noopener\">#Prudhomme<\/a> <a href=\"https:\/\/twitter.com\/hashtag\/ChristianPrudhomme?src=hash&amp;ref_src=twsrc%5Etfw\" target=\"_blank\" rel=\"noopener\">#ChristianPrudhomme<\/a> <a href=\"https:\/\/twitter.com\/hashtag\/Seixas?src=hash&amp;ref_src=twsrc%5Etfw\" target=\"_blank\" rel=\"noopener\">#Seixas<\/a> <a href=\"https:\/\/twitter.com\/hashtag\/Magnier?src=hash&amp;ref_src=twsrc%5Etfw\" target=\"_blank\" rel=\"noopener\">#Magnier<\/a> <a href=\"https:\/\/twitter.com\/hashtag\/ASO?src=hash&amp;ref_src=twsrc%5Etfw\" target=\"_blank\" rel=\"noopener\">#ASO<\/a> <a href=\"https:\/\/twitter.com\/hashtag\/tourdefrance?src=hash&amp;ref_src=twsrc%5Etfw\" target=\"_blank\" rel=\"noopener\">#tourdefrance<\/a> <a href=\"https:\/\/twitter.com\/hashtag\/Pogacar?src=hash&amp;ref_src=twsrc%5Etfw\" target=\"_blank\" rel=\"noopener\">#Pogacar<\/a> <a href=\"https:\/\/twitter.com\/hashtag\/Cycling?src=hash&amp;ref_src=twsrc%5Etfw\" target=\"_blank\" rel=\"noopener\">#Cycling<\/a> <a href=\"https:\/\/twitter.com\/hashtag\/Cyclisme?src=hash&amp;ref_src=twsrc%5Etfw\" target=\"_blank\" rel=\"noopener\">#Cyclisme<\/a> <a href=\"https:\/\/t.co\/up7QWA8Jvf\">pic.twitter.com\/up7QWA8Jvf<\/a><\/p>\n<p>&#13;<br \/>\n\u2014 Cyclism&rsquo;Actu (@cyclismactu) <a href=\"https:\/\/twitter.com\/cyclismactu\/status\/2005693202435609017?ref_src=twsrc%5Etfw\" target=\"_blank\" rel=\"noopener\">December 29, 2025<\/a><\/p><\/blockquote>\n<p>&#13;<br \/>\n&#13;<\/p>\n<p>\u00a0<\/p>\n<p>&#13;<\/p>\n<p>Un nouveau d\u00e9cor sera mis en place pour couronner le successeur de\u00a0<strong>Matteo Jorgensen<\/strong>\u00a0: ce sera le Stade Riviera et non plus la Promenade des Anglais \u00e0 cause des \u00e9lections municipales. Cette nouvelle \u00e9dition de la\u00a0Course au Soleil\u00a0n&rsquo;\u00e9pargnera par les participants et ce d\u00e8s la premi\u00e8re \u00e9tape, avec la pr\u00e9sence dans le final, de la C\u00f4te de Chanteloup-les-Vignes. La seconde sera proprice au vent donc aux bordures&#8230; La 3e \u00e9tape, un chrono par \u00e9quipes, en guise de r\u00e9p\u00e9tition du\u00a0<strong>Tour de France<\/strong>. La deuxi\u00e8me partie de la course sera consacr\u00e9e aux grimpeurs&#8230; La 5e \u00e9tape sera la plus longue et offrira le plus de d\u00e9nivel\u00e9s aux coureurs. La veille, la mont\u00e9e d&rsquo;Uchon sera d\u00e9terminante pour remporter cette 4e \u00e9tape et pourrait permettre un changement de leader. La mont\u00e9e finale de la 6e \u00e9tape annonce un final explosif. La course se conclura autour de Nice, l\u00e0 o\u00f9\u00a0<strong>Michael Storer\u00a0<\/strong>avait livr\u00e9 une performance remarquable au printemps dernier.<\/p>\n<p><script async src=\"https:\/\/platform.twitter.com\/widgets.js\" charset=\"utf-8\"><\/script><\/p>\n","protected":false},"excerpt":{"rendered":"Lire la suite de l&rsquo;article&#13; \u00a0 &#13; Le parcours de Paris-Nice 2026&#13; &#13; \u2600 Direction la Riviera !&hellip;\n","protected":false},"author":2,"featured_media":641484,"comment_status":"","ping_status":"","sticky":false,"template":"","format":"standard","meta":{"footnotes":""},"categories":[1411],"tags":[1154,207,211,1011,27,24772,209,60,210,212,208,213],"class_list":{"0":"post-641483","1":"post","2":"type-post","3":"status-publish","4":"format-standard","5":"has-post-thumbnail","7":"category-cyclisme","8":"tag-cycling","9":"tag-cyclisme","10":"tag-ffc","11":"tag-fr","12":"tag-france","13":"tag-paris-nice","14":"tag-route","15":"tag-sports","16":"tag-tour-de-france","17":"tag-uci","18":"tag-velo","19":"tag-world-tour"},"share_on_mastodon":{"url":"https:\/\/pubeurope.com\/@fr\/115839857153477557","error":""},"_links":{"self":[{"href":"https:\/\/www.europesays.com\/fr\/wp-json\/wp\/v2\/posts\/641483","targetHints":{"allow":["GET"]}}],"collection":[{"href":"https:\/\/www.europesays.com\/fr\/wp-json\/wp\/v2\/posts"}],"about":[{"href":"https:\/\/www.europesays.com\/fr\/wp-json\/wp\/v2\/types\/post"}],"author":[{"embeddable":true,"href":"https:\/\/www.europesays.com\/fr\/wp-json\/wp\/v2\/users\/2"}],"replies":[{"embeddable":true,"href":"https:\/\/www.europesays.com\/fr\/wp-json\/wp\/v2\/comments?post=641483"}],"version-history":[{"count":0,"href":"https:\/\/www.europesays.com\/fr\/wp-json\/wp\/v2\/posts\/641483\/revisions"}],"wp:featuredmedia":[{"embeddable":true,"href":"https:\/\/www.europesays.com\/fr\/wp-json\/wp\/v2\/media\/641484"}],"wp:attachment":[{"href":"https:\/\/www.europesays.com\/fr\/wp-json\/wp\/v2\/media?parent=641483"}],"wp:term":[{"taxonomy":"category","embeddable":true,"href":"https:\/\/www.europesays.com\/fr\/wp-json\/wp\/v2\/categories?post=641483"},{"taxonomy":"post_tag","embeddable":true,"href":"https:\/\/www.europesays.com\/fr\/wp-json\/wp\/v2\/tags?post=641483"}],"curies":[{"name":"wp","href":"https:\/\/api.w.org\/{rel}","templated":true}]}}