{"id":641489,"date":"2026-01-05T01:20:12","date_gmt":"2026-01-05T01:20:12","guid":{"rendered":"https:\/\/www.europesays.com\/fr\/641489\/"},"modified":"2026-01-05T01:20:12","modified_gmt":"2026-01-05T01:20:12","slug":"photographe-de-rue-dans-le-monde-entier","status":"publish","type":"post","link":"https:\/\/www.europesays.com\/fr\/641489\/","title":{"rendered":"photographe de rue dans le monde entier"},"content":{"rendered":"<p>                    Par<br \/>\n        <strong><br \/>\n            <a href=\"https:\/\/actu.fr\/auteur\/redaction-republicainlangon\" title=\"Consulter tous les articles de R\u00e9daction Le R\u00e9publicain Langon\" target=\"_blank\" rel=\"noopener\">R\u00e9daction Le R\u00e9publicain Langon<\/a><br \/>\n                    <\/strong><\/p>\n<p>        Publi\u00e9 le<\/p>\n<p>            4 janv. 2026 \u00e0 12h00        <\/p>\n<p>Il n\u2019est pas rare de croiser Daniel Olivier, silhouette tranquille et regard en \u00e9veil, appareil photo \u00e0 port\u00e9e de main du c\u00f4t\u00e9 de <a href=\"https:\/\/actu.fr\/nouvelle-aquitaine\/monsegur_33289\" target=\"_blank\" rel=\"noopener\">Mons\u00e9gur<\/a> en <a href=\"https:\/\/actu.fr\/nouvelle-aquitaine\/gironde_33\" target=\"_blank\" rel=\"noopener\">Gironde<\/a>. Il se d\u00e9finit comme <b>photographe de rue<\/b>, h\u00e9ritier de la grande tradition fran\u00e7aise de l\u2019apr\u00e8s-guerre, celle des Doisneau, Cartier-Bresson ou Ronis.<\/p>\n<p>\u00ab\u2009J\u2019essaie toujours de raconter une histoire\u2009\u00bb<\/p>\n<p class=\" wall-content\">\u00ab\u2009C\u2019est un peu mon \u00e9poque\u2009\u00bb, confie-t-il. La passion lui vient de son p\u00e8re, mais c\u2019est \u00e0 la retraite qu\u2019il s\u2019y adonne pleinement. \u00ab\u2009Et comme j\u2019aime bien faire les choses, je me suis plong\u00e9 dans les albums des grands photographes humanistes.\u2009\u00bb Tous, observe-t-il, furent des \u00ab\u2009reporters illustrateurs\u2009\u00bb\u2009: <b>t\u00e9moins du quotidien<\/b>, guetteurs d\u2019instants vrais.<\/p>\n<p class=\" wall-content\">Pour Daniel, photographier la rue revient \u00e0 faire de la<b> politique sans slogans<\/b>, par le seul regard pos\u00e9 sur la condition des hommes. \u00ab\u2009Beaucoup de gens font des photos, mais moi j\u2019essaie toujours de raconter une histoire. Il faut qu\u2019il s\u2019en d\u00e9gage quelque chose\u2009: un r\u00e9cit, m\u00eame implicite.\u2009\u00bb Toutes ses images sont vol\u00e9es \u2013 non par effraction, mais par furtive tendresse.<\/p>\n<p>Un contemplateur de notre soci\u00e9t\u00e9<\/p>\n<p class=\" wall-content\">Les poses l\u2019ennuient, comme tout ce qui pr\u00e9tend \u00eatre parfait. Il distingue<b> trois figures du photographe de rue<\/b>\u2009: le cueilleur, le chasseur et le graphiste. Lui se sent cueilleur-chasseur, arpentant Paris, avant tout, mais aussi Tokyo ou New York. <br \/>\u00ab\u2009Ces villes sont de v\u00e9ritables terrains de jeu. On y trouve l\u2019humanit\u00e9 \u00e0 nu.\u2009\u00bb Il regrette toutefois une certaine mutation du monde\u2009: \u00ab\u2009Les villes ont chang\u00e9, les gens aussi. Ils ne se regardent plus. Apr\u00e8s-guerre, il y avait une joie simple dans la rue\u2009; aujourd\u2019hui, chacun est absorb\u00e9 par un \u00e9cran. M\u00eame ailleurs, tout se ressemble. L\u2019uniformisation a gagn\u00e9 du terrain.\u2009\u00bb<\/p>\n<p>Vid\u00e9os : en ce moment sur Actu<\/p>\n<p class=\" wall-content\">De cette m\u00e9lancolie lucide est n\u00e9 <b>son dernier album<\/b>, \u00ab\u2009Bonjour, je t\u2019aime,\u2009\u00bb consacr\u00e9 \u00e0 l\u2019amour sous toutes ses formes \u2013 celui qui se devine dans la rue, souvent \u00e0 son insu. Un geste, une ombre, un visage tourn\u00e9 vers l\u2019autre\u2009: fragments d\u2019\u00e9motion pris sur le vif, sans appr\u00eat ni artifice. Un travail d\u2019une grande d\u00e9licatesse, disponible sur commande aupr\u00e8s de l\u2019auteur (<a href=\"https:\/\/actu.fr\/cdn-cgi\/l\/email-protection\" class=\"__cf_email__\" data-cfemail=\"6e0a0f00070b024001020718070b1c5d5d2e011c0f00090b40081c\" target=\"_blank\" rel=\"noopener\">[email\u00a0protected]<\/a>).<\/p>\n<p class=\" wall-content\">Personnalisez votre actualit\u00e9 en ajoutant vos villes et m\u00e9dias en favori avec <a href=\"https:\/\/moncompte.actu.fr\" title=\"D\u00e9couvez Mon Actu\" rel=\"nofollow noopener\" data-trk=\"{&quot;cta&quot;:{&quot;action&quot;:&quot;https:\\\/\\\/moncompte.actu.fr&quot;,&quot;category&quot;:&quot;mon compte&quot;,&quot;from&quot;:&quot;article footer&quot;,&quot;name&quot;:&quot;Mon actu&quot;,&quot;type&quot;:&quot;cta&quot;}}\" target=\"_blank\">Mon Actu<\/a>.<\/p>\n","protected":false},"excerpt":{"rendered":"Par R\u00e9daction Le R\u00e9publicain Langon Publi\u00e9 le 4 janv. 2026 \u00e0 12h00 Il n\u2019est pas rare de croiser&hellip;\n","protected":false},"author":2,"featured_media":641490,"comment_status":"","ping_status":"","sticky":false,"template":"","format":"standard","meta":{"footnotes":""},"categories":[1358],"tags":[1348,1384,1385,1386,58,59,1011,27,1756,9026,104],"class_list":{"0":"post-641489","1":"post","2":"type-post","3":"status-publish","4":"format-standard","5":"has-post-thumbnail","7":"category-arts-et-design","8":"tag-arts","9":"tag-arts-and-design","10":"tag-arts-et-design","11":"tag-design","12":"tag-divertissement","13":"tag-entertainment","14":"tag-fr","15":"tag-france","16":"tag-photographie","17":"tag-portrait","18":"tag-societe"},"share_on_mastodon":{"url":"https:\/\/pubeurope.com\/@fr\/115839868741813809","error":""},"_links":{"self":[{"href":"https:\/\/www.europesays.com\/fr\/wp-json\/wp\/v2\/posts\/641489","targetHints":{"allow":["GET"]}}],"collection":[{"href":"https:\/\/www.europesays.com\/fr\/wp-json\/wp\/v2\/posts"}],"about":[{"href":"https:\/\/www.europesays.com\/fr\/wp-json\/wp\/v2\/types\/post"}],"author":[{"embeddable":true,"href":"https:\/\/www.europesays.com\/fr\/wp-json\/wp\/v2\/users\/2"}],"replies":[{"embeddable":true,"href":"https:\/\/www.europesays.com\/fr\/wp-json\/wp\/v2\/comments?post=641489"}],"version-history":[{"count":0,"href":"https:\/\/www.europesays.com\/fr\/wp-json\/wp\/v2\/posts\/641489\/revisions"}],"wp:featuredmedia":[{"embeddable":true,"href":"https:\/\/www.europesays.com\/fr\/wp-json\/wp\/v2\/media\/641490"}],"wp:attachment":[{"href":"https:\/\/www.europesays.com\/fr\/wp-json\/wp\/v2\/media?parent=641489"}],"wp:term":[{"taxonomy":"category","embeddable":true,"href":"https:\/\/www.europesays.com\/fr\/wp-json\/wp\/v2\/categories?post=641489"},{"taxonomy":"post_tag","embeddable":true,"href":"https:\/\/www.europesays.com\/fr\/wp-json\/wp\/v2\/tags?post=641489"}],"curies":[{"name":"wp","href":"https:\/\/api.w.org\/{rel}","templated":true}]}}