{"id":641510,"date":"2026-01-05T01:34:13","date_gmt":"2026-01-05T01:34:13","guid":{"rendered":"https:\/\/www.europesays.com\/fr\/641510\/"},"modified":"2026-01-05T01:34:13","modified_gmt":"2026-01-05T01:34:13","slug":"saint-etienne-prete-yvann-macon-en-grece-off","status":"publish","type":"post","link":"https:\/\/www.europesays.com\/fr\/641510\/","title":{"rendered":"Saint-\u00c9tienne pr\u00eate Yvann Ma\u00e7on en Gr\u00e8ce (off)"},"content":{"rendered":"<p>Le mercato hivernal de l&rsquo;AS Saint-\u00c9tienne s&rsquo;active dans le sens des d\u00e9parts. Peu utilis\u00e9 par Eirik Horneland avec seulement quatre apparitions depuis le d\u00e9but de la saison, Yvann Ma\u00e7on quitte momentan\u00e9ment le Forez pour tenter de gagner du temps de jeu en Gr\u00e8ce. Le d\u00e9fenseur lat\u00e9ral s&rsquo;est engag\u00e9 pour un pr\u00eat de six mois avec l&rsquo;AE Larissa, club actuellement en difficult\u00e9 \u00e0 l&rsquo;avant-derni\u00e8re place de la premi\u00e8re division grecque. Pour rappel, le joueur reste li\u00e9 contractuellement aux Verts jusqu&rsquo;au 30 juin 2027.<\/p>\n<\/p>\n<p><strong>Un amical \u00e0 huis clos avant le choc face \u00e0 Clermont<\/strong><\/p>\n<p>Sur le plan sportif, les St\u00e9phanois pr\u00e9parent activement leur retour \u00e0 la comp\u00e9tition. Avant de recevoir le Clermont Foot 63 le samedi 17 janvier \u00e0 20h55, dans le cadre de <a href=\"https:\/\/www.foot-national.com\/data\/calendrier-ligue2-19.html\" target=\"_blank\" rel=\"noopener\">la dix-neuvi\u00e8me journ\u00e9e<\/a> de Ligue 2, l&rsquo;ASSE s&rsquo;offrira un test important. Le samedi 10 janvier, les hommes d&rsquo;Eirik Horneland affronteront l&rsquo;AJ Auxerre (Ligue 1) lors d&rsquo;une rencontre amicale. Ce match de r\u00e9glage se d\u00e9roulera sur la pelouse du stade Geoffroy-Guichard, mais il sera disput\u00e9 \u00e0 huis clos afin de peaufiner les derniers automatismes loin des regards.<\/p>\n<p>Partagez cette info avec vos amis et vos proches en cliquant ici<br \/>Pour r\u00e9sumer<\/p>\n<p>Le mercato hivernal de l&rsquo;AS Saint-\u00c9tienne s&rsquo;active dans le sens des d\u00e9parts. Peu utilis\u00e9 par Eirik Horneland avec seulement quatre apparitions depuis le d\u00e9but de la saison, Yvann Ma\u00e7on quitte momentan\u00e9ment le Forez pour tenter de gagner du temps de jeu en Gr\u00e8ce.<\/p>\n<p> <img decoding=\"async\" width=\"76\" height=\"76\" loading=\"lazy\" src=\"https:\/\/static.wui.fr\/images_v3\/avatar-footnational.png\" alt=\"Aris Djennadi\"\/><\/p>\n","protected":false},"excerpt":{"rendered":"Le mercato hivernal de l&rsquo;AS Saint-\u00c9tienne s&rsquo;active dans le sens des d\u00e9parts. Peu utilis\u00e9 par Eirik Horneland avec&hellip;\n","protected":false},"author":2,"featured_media":641511,"comment_status":"","ping_status":"","sticky":false,"template":"","format":"standard","meta":{"footnotes":""},"categories":[9653],"tags":[1111,11,2430,1777,674,1011,27,59995,71739,12,25,4001],"class_list":{"0":"post-641510","1":"post","2":"type-post","3":"status-publish","4":"format-standard","5":"has-post-thumbnail","7":"category-saint-etienne","8":"tag-actu","9":"tag-actualites","10":"tag-auvergne-rhone-alpes","11":"tag-eu","12":"tag-europe","13":"tag-fr","14":"tag-france","15":"tag-ligue-2-actus","16":"tag-ligue-2-mercato","17":"tag-news","18":"tag-republique-francaise","19":"tag-saint-etienne"},"share_on_mastodon":{"url":"https:\/\/pubeurope.com\/@fr\/115839923894807732","error":""},"_links":{"self":[{"href":"https:\/\/www.europesays.com\/fr\/wp-json\/wp\/v2\/posts\/641510","targetHints":{"allow":["GET"]}}],"collection":[{"href":"https:\/\/www.europesays.com\/fr\/wp-json\/wp\/v2\/posts"}],"about":[{"href":"https:\/\/www.europesays.com\/fr\/wp-json\/wp\/v2\/types\/post"}],"author":[{"embeddable":true,"href":"https:\/\/www.europesays.com\/fr\/wp-json\/wp\/v2\/users\/2"}],"replies":[{"embeddable":true,"href":"https:\/\/www.europesays.com\/fr\/wp-json\/wp\/v2\/comments?post=641510"}],"version-history":[{"count":0,"href":"https:\/\/www.europesays.com\/fr\/wp-json\/wp\/v2\/posts\/641510\/revisions"}],"wp:featuredmedia":[{"embeddable":true,"href":"https:\/\/www.europesays.com\/fr\/wp-json\/wp\/v2\/media\/641511"}],"wp:attachment":[{"href":"https:\/\/www.europesays.com\/fr\/wp-json\/wp\/v2\/media?parent=641510"}],"wp:term":[{"taxonomy":"category","embeddable":true,"href":"https:\/\/www.europesays.com\/fr\/wp-json\/wp\/v2\/categories?post=641510"},{"taxonomy":"post_tag","embeddable":true,"href":"https:\/\/www.europesays.com\/fr\/wp-json\/wp\/v2\/tags?post=641510"}],"curies":[{"name":"wp","href":"https:\/\/api.w.org\/{rel}","templated":true}]}}