{"id":641514,"date":"2026-01-05T01:38:25","date_gmt":"2026-01-05T01:38:25","guid":{"rendered":"https:\/\/www.europesays.com\/fr\/641514\/"},"modified":"2026-01-05T01:38:25","modified_gmt":"2026-01-05T01:38:25","slug":"fete-de-la-soupe-a-ollioules-24-01-2026-ollioules","status":"publish","type":"post","link":"https:\/\/www.europesays.com\/fr\/641514\/","title":{"rendered":"F\u00eate de la soupe \u00e0 Ollioules &#8211; 24\/01\/2026 &#8211; Ollioules"},"content":{"rendered":"<p>Le 24 janvier 2026, Ollioules c\u00e9l\u00e9brera la 10\u1d49 \u00e9dition de la F\u00eate de la Soupe, un rendez-vous gourmand et convivial devenu incontournable.<\/p>\n<p>&#13;<\/p>\n<p>D\u00e8s 17h, ouverture de la vente des bols collectors (8 \u20ac), accompagn\u00e9e d\u2019animations musicales et d\u2019animations gratuites pour les enfants, pour lancer la soir\u00e9e dans une ambiance chaleureuse et familiale.<\/p>\n<p>&#13;<\/p>\n<p>\u00c0 19h, place aux saveurs avec l\u2019ouverture des stands de soupe, o\u00f9 le public pourra d\u00e9guster les soupes pr\u00e9par\u00e9es par les associations de la ville. Une belle occasion de d\u00e9couvrir des recettes vari\u00e9es et de partager un moment de convivialit\u00e9\u2026 sans oublier sa cuill\u00e8re !<\/p>\n<p>&#13;<br \/>\nLe principe est simple\u00a0&#13;<\/p>\n<p>1. Achetez un bol collector\u00a0<br \/>2. Apportez votre cuill\u00e8re.<br \/>3. Faites le tour des stands des associations d\u2019Ollioules pour d\u00e9guster une vari\u00e9t\u00e9 de soupes d\u00e9licieuses !<\/p>\n<p>&#13;<\/p>\n<p><strong>Pour faciliter l\u2019acc\u00e8s \u00e0 la manifestation, une navette gratuite sera mise en place de 16h \u00e0 21h depuis l\u2019espace Orlandi 2.<\/strong><\/p>\n<p>&#13;<br \/>\n\u00a0&#13;<\/p>\n<p>\u00a0<\/p>\n","protected":false},"excerpt":{"rendered":"Le 24 janvier 2026, Ollioules c\u00e9l\u00e9brera la 10\u1d49 \u00e9dition de la F\u00eate de la Soupe, un rendez-vous gourmand&hellip;\n","protected":false},"author":2,"featured_media":641515,"comment_status":"","ping_status":"","sticky":false,"template":"","format":"standard","meta":{"footnotes":""},"categories":[9619],"tags":[1111,11,1777,674,1011,27,12,882,25,2310],"class_list":{"0":"post-641514","1":"post","2":"type-post","3":"status-publish","4":"format-standard","5":"has-post-thumbnail","7":"category-toulon","8":"tag-actu","9":"tag-actualites","10":"tag-eu","11":"tag-europe","12":"tag-fr","13":"tag-france","14":"tag-news","15":"tag-provence-alpes-cote-dazur","16":"tag-republique-francaise","17":"tag-toulon"},"share_on_mastodon":{"url":"https:\/\/pubeurope.com\/@fr\/115839939587249366","error":""},"_links":{"self":[{"href":"https:\/\/www.europesays.com\/fr\/wp-json\/wp\/v2\/posts\/641514","targetHints":{"allow":["GET"]}}],"collection":[{"href":"https:\/\/www.europesays.com\/fr\/wp-json\/wp\/v2\/posts"}],"about":[{"href":"https:\/\/www.europesays.com\/fr\/wp-json\/wp\/v2\/types\/post"}],"author":[{"embeddable":true,"href":"https:\/\/www.europesays.com\/fr\/wp-json\/wp\/v2\/users\/2"}],"replies":[{"embeddable":true,"href":"https:\/\/www.europesays.com\/fr\/wp-json\/wp\/v2\/comments?post=641514"}],"version-history":[{"count":0,"href":"https:\/\/www.europesays.com\/fr\/wp-json\/wp\/v2\/posts\/641514\/revisions"}],"wp:featuredmedia":[{"embeddable":true,"href":"https:\/\/www.europesays.com\/fr\/wp-json\/wp\/v2\/media\/641515"}],"wp:attachment":[{"href":"https:\/\/www.europesays.com\/fr\/wp-json\/wp\/v2\/media?parent=641514"}],"wp:term":[{"taxonomy":"category","embeddable":true,"href":"https:\/\/www.europesays.com\/fr\/wp-json\/wp\/v2\/categories?post=641514"},{"taxonomy":"post_tag","embeddable":true,"href":"https:\/\/www.europesays.com\/fr\/wp-json\/wp\/v2\/tags?post=641514"}],"curies":[{"name":"wp","href":"https:\/\/api.w.org\/{rel}","templated":true}]}}