{"id":641528,"date":"2026-01-05T01:52:21","date_gmt":"2026-01-05T01:52:21","guid":{"rendered":"https:\/\/www.europesays.com\/fr\/641528\/"},"modified":"2026-01-05T01:52:21","modified_gmt":"2026-01-05T01:52:21","slug":"entorse-au-genou-pour-lukas-hradecky-blessure-a-lischio-pour-christian-mawissa","status":"publish","type":"post","link":"https:\/\/www.europesays.com\/fr\/641528\/","title":{"rendered":"entorse au genou pour Lukas Hradecky, blessure \u00e0 l\u2019ischio pour Christian Mawissa"},"content":{"rendered":"<p class=\"fs-5 \">Et deux bless\u00e9s de plus pour venir garnir l\u2019infirmerie de l\u2019AS Monaco ! Samedi apr\u00e8s-midi face \u00e0 Lyon (d\u00e9faite 3-1), S\u00e9bastien Pocognoli a perdu deux nouveaux joueurs sur blessure : le gardien Lukas Hradecky et le d\u00e9fenseur Christian Mawissa.<\/p>\n<p>        <img src=\"https:\/\/www.europesays.com\/fr\/wp-content\/uploads\/2026\/01\/c1d5904_upload-1-tl05o4cjaate-zefrefrf.PNG\"   loading=\"lazy\" decoding=\"async\" alt=\"Mamadou Coulibaly a inscrit son deuxi\u00e8me but de la saison, ce samedi face \u00e0 Lyon, avant d\u2019\u00eatre exclu en seconde p\u00e9riode.\u00a0\" class=\"img-fluid position-absolute w-100 object-fit-cover rounded-2\" width=\"600\" height=\"400\"\/><\/p>\n<p class=\"fs-5 \">Sorti \u00e0 la 12e minute apr\u00e8s un choc au genou, le portier finlandais a essay\u00e9 de poursuivre son match mais a d\u00fb se r\u00e9soudre \u00e0 quitter la pelouse, apr\u00e8s avoir effectu\u00e9 plusieurs tests avec le Docteur Alexandre Creuz\u00e9.<\/p>\n<p>                                                                                <strong>Plusieurs semaines d\u2019absences pour Hradecky ?<\/strong><\/p>\n<p class=\"fs-5 \">Selon nos informations, l\u2019ancien du Bayer Leverkusen est victime d\u2019une entorse au genou\u2026 comme en d\u00e9but de saison.<\/p>\n<p class=\"fs-5 \">Sauf que cette fois-ci, il ne s\u2019agit pas du genou gauche mais du genou droit.<\/p>\n<p class=\"fs-5 \">Si la dur\u00e9e de son indisponibilit\u00e9 n\u2019a pas filtr\u00e9, elle pourrait s\u2019\u00e9tendre sur quelques semaines voire pluseiurs mois, puisque cette m\u00eame blessure avait tenu Hradecky \u00e9loign\u00e9 des terrains du mois d\u2019ao\u00fbt jusqu\u2019\u00e0 mi-novembre\u2026<\/p>\n<p class=\"fs-5 \">Sorti \u00e0 la 36e minute, Christian Mawissa est quant \u00e0 lui touch\u00e9 \u00e0 l\u2019ischio-jambier de la jambe droite.<\/p>\n<p class=\"fs-5 \">S\u2019agit-il d\u2019une rechute ? Ce qui est s\u00fbr, c\u2019est que le d\u00e9fenseur de 20 ans a d\u00e9j\u00e0 manqu\u00e9 plusieurs matchs depuis le d\u00e9but de saison en raison d\u2019une blessure identique \u00e0 la m\u00eame jambe.<\/p>\n<p>                                                                                <strong>Longue absence pr\u00e9vue pour le jeune Pape Cabral<\/strong><\/p>\n<p class=\"fs-5 \">Lui aussi bless\u00e9 \u00e0 l\u2019ischio-jambier dans la semaine, le jeune Pape Cabral ne reviendra pas de sit\u00f4t puisqu\u2019il pourrait manquer environ deux mois de comp\u00e9tition, toujours selon nos informations.<\/p>\n<p class=\"fs-5 \">Un sacr\u00e9 coup dur, pour un joueur qui aurait pu continuer \u00e0 grignoter quelques minutes avec les pros au vu des diff\u00e9rentes absences du moment.<\/p>\n<p class=\"fs-5 \">Surtout, Cabral aurait d\u00fb participer aux 8es de finale de la Youth League avec les jeunes de l\u2019ASM, le 3 f\u00e9vrier face au Club Bruges. La guigne jusqu\u2019au bout\u2026<\/p>\n","protected":false},"excerpt":{"rendered":"Et deux bless\u00e9s de plus pour venir garnir l\u2019infirmerie de l\u2019AS Monaco ! Samedi apr\u00e8s-midi face \u00e0 Lyon&hellip;\n","protected":false},"author":2,"featured_media":641529,"comment_status":"","ping_status":"","sticky":false,"template":"","format":"standard","meta":{"footnotes":""},"categories":[2819],"tags":[1111,11,2266,1777,674,1011,27,12,2401,882,25],"class_list":{"0":"post-641528","1":"post","2":"type-post","3":"status-publish","4":"format-standard","5":"has-post-thumbnail","7":"category-nice","8":"tag-actu","9":"tag-actualites","10":"tag-as-monaco","11":"tag-eu","12":"tag-europe","13":"tag-fr","14":"tag-france","15":"tag-news","16":"tag-nice","17":"tag-provence-alpes-cote-dazur","18":"tag-republique-francaise"},"share_on_mastodon":{"url":"https:\/\/pubeurope.com\/@fr\/115839994668409133","error":""},"_links":{"self":[{"href":"https:\/\/www.europesays.com\/fr\/wp-json\/wp\/v2\/posts\/641528","targetHints":{"allow":["GET"]}}],"collection":[{"href":"https:\/\/www.europesays.com\/fr\/wp-json\/wp\/v2\/posts"}],"about":[{"href":"https:\/\/www.europesays.com\/fr\/wp-json\/wp\/v2\/types\/post"}],"author":[{"embeddable":true,"href":"https:\/\/www.europesays.com\/fr\/wp-json\/wp\/v2\/users\/2"}],"replies":[{"embeddable":true,"href":"https:\/\/www.europesays.com\/fr\/wp-json\/wp\/v2\/comments?post=641528"}],"version-history":[{"count":0,"href":"https:\/\/www.europesays.com\/fr\/wp-json\/wp\/v2\/posts\/641528\/revisions"}],"wp:featuredmedia":[{"embeddable":true,"href":"https:\/\/www.europesays.com\/fr\/wp-json\/wp\/v2\/media\/641529"}],"wp:attachment":[{"href":"https:\/\/www.europesays.com\/fr\/wp-json\/wp\/v2\/media?parent=641528"}],"wp:term":[{"taxonomy":"category","embeddable":true,"href":"https:\/\/www.europesays.com\/fr\/wp-json\/wp\/v2\/categories?post=641528"},{"taxonomy":"post_tag","embeddable":true,"href":"https:\/\/www.europesays.com\/fr\/wp-json\/wp\/v2\/tags?post=641528"}],"curies":[{"name":"wp","href":"https:\/\/api.w.org\/{rel}","templated":true}]}}