{"id":641530,"date":"2026-01-05T01:54:18","date_gmt":"2026-01-05T01:54:18","guid":{"rendered":"https:\/\/www.europesays.com\/fr\/641530\/"},"modified":"2026-01-05T01:54:18","modified_gmt":"2026-01-05T01:54:18","slug":"nantes-aubameyang-manque-limmanquable-et-senfonce-apres-le-fiasco-de-la-can","status":"publish","type":"post","link":"https:\/\/www.europesays.com\/fr\/641530\/","title":{"rendered":"Nantes : Aubameyang manque l&rsquo;immanquable et s&rsquo;enfonce apr\u00e8s le fiasco de la CAN"},"content":{"rendered":"<p>Chass\u00e9 par les Panth\u00e8res, moqu\u00e9 par les Canaris&#8230; Rude semaine pour \u00ab\u00a0Auba\u00a0\u00bb, le pr\u00e9dateur \u00e0 sang-froid. Le renard des surfaces en a vu d&rsquo;autres, s&rsquo;en rel\u00e8vera sans (trop) de peine, mais au moment de narrer sa fructueuse carri\u00e8re, il passera volontiers sur ce tout d\u00e9but d&rsquo;ann\u00e9e 2026. <a href=\"https:\/\/www.laprovence.com\/article\/om\/2085185378625515\/om-marseille-unie-et-fiere-les-voeux-de-pablo-longoria-pour-2026\" target=\"_blank\" rel=\"noopener\">Alors que la plan\u00e8te envoyait ses v\u0153ux bienveillants, en ce jour de l&rsquo;An<\/a>, lui a re\u00e7u un message sal\u00e9. Un violent coup de r\u00e8gle sur le bout des doigts, une missive officielle pour le banni, lui l&rsquo;idole (d\u00e9chue) du peuple gabonais. Trois jours plus tard, alors qu&rsquo;il s&rsquo;imaginait se refaire la cerise loin du pays, de l&rsquo;autre c\u00f4t\u00e9 de la M\u00e9diterran\u00e9e, Pierre-Emerick Aubameyang a pris un second coup de massue sur le casque. Une d\u00e9faite honteuse devant 64780 supporters et un pi\u00e8tre \u00e9l\u00e8ve de notre Ligue 1. Un revers dont il a \u00e9t\u00e9 l&rsquo;un des pires artisans.<\/p>\n<p>Redevable envers son goleador, qui lui a d\u00e9j\u00e0 rendu de fiers services depuis son retour en Provence, Roberto De Zerbi avait vol\u00e9 \u00e0 son secours \u00e0 l&rsquo;aube du week-end. \u00ab\u00a0Auba\u00a0\u00bb venait de refermer une coupe d&rsquo;Afrique des nations d\u00e9sastreuse (peut-\u00eatre sa derni\u00e8re \u00e0 36 ans !), m\u00ealant trois mis\u00e9rables d\u00e9faites, une \u00e9limination pr\u00e9coce, <a href=\"https:\/\/www.laprovence.com\/article\/om\/22121360501957\/om-de-zerbi-prend-la-defense-daubameyang-critique-apres-lelimination-du-gabon-a-la-can\" target=\"_blank\" rel=\"noopener\">un imbroglio autour de sa blessure <\/a>&#8230;<\/p>\n","protected":false},"excerpt":{"rendered":"Chass\u00e9 par les Panth\u00e8res, moqu\u00e9 par les Canaris&#8230; Rude semaine pour \u00ab\u00a0Auba\u00a0\u00bb, le pr\u00e9dateur \u00e0 sang-froid. Le renard&hellip;\n","protected":false},"author":2,"featured_media":641531,"comment_status":"","ping_status":"","sticky":false,"template":"","format":"standard","meta":{"footnotes":""},"categories":[2818],"tags":[5734,1111,11,150,39855,1777,674,1011,27,74820,3027,766,12,149,2636,25,74821],"class_list":{"0":"post-641530","1":"post","2":"type-post","3":"status-publish","4":"format-standard","5":"has-post-thumbnail","7":"category-nantes","8":"tag-5734","9":"tag-actu","10":"tag-actualites","11":"tag-apres","12":"tag-aubameyang","13":"tag-eu","14":"tag-europe","15":"tag-fr","16":"tag-france","17":"tag-limmanquable","18":"tag-manque","19":"tag-nantes","20":"tag-news","21":"tag-om","22":"tag-pays-de-la-loire","23":"tag-republique-francaise","24":"tag-senfonce"},"share_on_mastodon":{"url":"https:\/\/pubeurope.com\/@fr\/115840002465674904","error":""},"_links":{"self":[{"href":"https:\/\/www.europesays.com\/fr\/wp-json\/wp\/v2\/posts\/641530","targetHints":{"allow":["GET"]}}],"collection":[{"href":"https:\/\/www.europesays.com\/fr\/wp-json\/wp\/v2\/posts"}],"about":[{"href":"https:\/\/www.europesays.com\/fr\/wp-json\/wp\/v2\/types\/post"}],"author":[{"embeddable":true,"href":"https:\/\/www.europesays.com\/fr\/wp-json\/wp\/v2\/users\/2"}],"replies":[{"embeddable":true,"href":"https:\/\/www.europesays.com\/fr\/wp-json\/wp\/v2\/comments?post=641530"}],"version-history":[{"count":0,"href":"https:\/\/www.europesays.com\/fr\/wp-json\/wp\/v2\/posts\/641530\/revisions"}],"wp:featuredmedia":[{"embeddable":true,"href":"https:\/\/www.europesays.com\/fr\/wp-json\/wp\/v2\/media\/641531"}],"wp:attachment":[{"href":"https:\/\/www.europesays.com\/fr\/wp-json\/wp\/v2\/media?parent=641530"}],"wp:term":[{"taxonomy":"category","embeddable":true,"href":"https:\/\/www.europesays.com\/fr\/wp-json\/wp\/v2\/categories?post=641530"},{"taxonomy":"post_tag","embeddable":true,"href":"https:\/\/www.europesays.com\/fr\/wp-json\/wp\/v2\/tags?post=641530"}],"curies":[{"name":"wp","href":"https:\/\/api.w.org\/{rel}","templated":true}]}}