{"id":641537,"date":"2026-01-05T02:01:14","date_gmt":"2026-01-05T02:01:14","guid":{"rendered":"https:\/\/www.europesays.com\/fr\/641537\/"},"modified":"2026-01-05T02:01:14","modified_gmt":"2026-01-05T02:01:14","slug":"cest-une-honte-cest-un-scandale-le-coup-de-gueule-de-letang-envers-larbitre-a-la-mi-temps-apres-un-carton-rouge-litigieux","status":"publish","type":"post","link":"https:\/\/www.europesays.com\/fr\/641537\/","title":{"rendered":"\u00ab\u00a0C&rsquo;est une honte! C&rsquo;est un scandale!\u00a0\u00bb, le coup de gueule de L\u00e9tang envers l&rsquo;arbitre \u00e0 la mi-temps apr\u00e8s un carton rouge litigieux"},"content":{"rendered":"<p>Pour son premier match de l&rsquo;ann\u00e9e 2026, le LOSC s&rsquo;est retrouv\u00e9 r\u00e9duit \u00e0 10 avant m\u00eame le quart d&rsquo;heure de jeu, contre Rennes ce samedi, apr\u00e8s l&rsquo;expulsion d&rsquo;Alexsandro. Un carton rouge qui a fait sortir Olivier L\u00e9tang de ses gonds \u00e0 la pause.<\/p>\n<p>D\u00e9j\u00e0 une pol\u00e9mique d&rsquo;arbitrage en ce d\u00e9but d&rsquo;ann\u00e9e 2026? D\u00e8s la 14e minute de jeu, le LOSC s&rsquo;est retrouv\u00e9 en inf\u00e9riorit\u00e9 num\u00e9rique apr\u00e8s l&rsquo;expulsion d&rsquo;<a href=\"https:\/\/rmcsport.bfmtv.com\/football\/ligue-1\/video-losc-revenir-le-plus-vite-possible-genesio-evoque-le-cas-alexsandro-actuellement-en-soin-au-qatar_VN-202511210776.html\" title=\"LOSC : &quot;Revenir le plus vite possible&quot; , Genesio \u00e9voque le cas Alexsandro, actuellement en soin au Qatar\" class=\"internal_link\" target=\"_blank\" rel=\"noopener\">Alexsandro<\/a>. Alors qu&rsquo;il avait rat\u00e9 son contr\u00f4le sur un ballon anodin, le d\u00e9fenseur br\u00e9silien a vu Breel Embolo lui passer devant et se diriger vers le but. Il a alors crochet\u00e9 son adversaire, une faute sanctionn\u00e9e d&rsquo;un carton rouge par Eric Wattelier.<\/p>\n<p><a href=\"https:\/\/rmcsport.bfmtv.com\/football\/ligue-1\/direct-lille-rennes-suivez-le-match-de-la-17e-journee-de-ligue-1_LS-202601030242.html\" title=\"Lille-Rennes: gros coup du Stade Rennais, qui remporte le choc des outsiders\" class=\"internal_link\" target=\"_blank\" rel=\"noopener\">&gt;&gt; Suivez Lille-Rennes en direct<\/a><\/p>\n<p>De quoi d\u00e9plaire au stade Pierre-Mauroy, qui a ensuite l\u00e2ch\u00e9 des chants insultants \u00e0 l&rsquo;encontre de l&rsquo;arbitre de la rencontre pendant de nombreuses minutes. A la mi-temps, c&rsquo;\u00e9tait \u00e0 <a href=\"https:\/\/rmcsport.bfmtv.com\/football\/coupe-de-france\/lille-comment-genesio-prepare-le-match-de-coupe-de-france-face-aux-amateurs-de-st-maur-lusitanos_AV-202512180702.html\" title=\"Lille: comment Genesio pr\u00e9pare le match de Coupe de France face aux amateurs de St-Maur Lusitanos\" class=\"internal_link\" target=\"_blank\" rel=\"noopener\">Bruno Genesio<\/a> et <a href=\"https:\/\/rmcsport.bfmtv.com\/football\/clubs\/losc-lille\/une-nouvelle-sanction-pour-olivier-letang-l-uefa-ouvre-un-cas-disciplinaire-apres-les-critiques-du-president-lillois-sur-l-arbitrage_AV-202510280867.html\" title=\"Une nouvelle sanction pour Olivier L\u00e9tang? L\u2019UEFA ouvre un &quot;cas disciplinaire&quot; apr\u00e8s les critiques du pr\u00e9sident lillois sur l\u2019arbitrage\" class=\"internal_link\" target=\"_blank\" rel=\"noopener\">Olivier L\u00e9tang<\/a> de faire part de leur m\u00e9contement.<\/p>\n<p>\u00ab\u00a0Vous savez ce que vous avez fait!\u00a0\u00bb<\/p>\n<p>Alors que les deux \u00e9quipes s&rsquo;appr\u00eataient \u00e0 retourner aux vestiaires sur un score vierge, l&rsquo;entra\u00eeneur des Dogues est entr\u00e9 comme une furie sur le terrain. Il a d\u00fb \u00eatre maintenu par plusieurs joueurs, dont <a href=\"https:\/\/rmcsport.bfmtv.com\/football\/coupe-d-afrique-des-nations\/can-2025-j-ai-plus-de-garanties-avec-ceux-que-j-ai-convoques-petkovic-cash-sur-les-absences-de-bentaleb-et-abdelli-dans-la-liste-de-l-algerie_AV-202512130290.html\" title=\"CAN 2025: &quot;J&#039;ai plus de garanties avec ceux que j\u2019ai convoqu\u00e9s&quot;, Petkovic cash sur les absences de Bentaleb et Abdelli dans la liste de l&#039;Alg\u00e9rie\" class=\"internal_link\" target=\"_blank\" rel=\"noopener\">Nabil Bentaleb<\/a>.<\/p>\n<p>Le pr\u00e9sident du club lillois, quant \u00e0 lui, s&rsquo;en est pris \u00e0 l&rsquo;arbitre dans les couloirs \u00e0 la mi-temps. Olivier L\u00e9tang s&rsquo;en est pris \u00e0 l&rsquo;arbitre dans les couloirs \u00e0 la mi-temps. \u00ab\u00a0Vous savez ce que vous avez fait!\u00a0\u00bb, a-t-il lanc\u00e9 \u00e0 Eric Wattellier trois fois de suite, comme le montrent les images capt\u00e9es par Ligue 1+. \u00ab\u00a0C&rsquo;est une honte! C&rsquo;est un scandale! J&rsquo;en reviens pas! Vous n&rsquo;\u00eates m\u00eame pas capable de parler calmement!\u00a0\u00bb<\/p>\n<p>Ce n&rsquo;est pas la premi\u00e8re fois que le dirigeant se montre \u00e9nerv\u00e9 envers le corps arbitral. Il a notamment \u00e9t\u00e9 sanctionn\u00e9 d&rsquo;une <a href=\"https:\/\/rmcsport.bfmtv.com\/football\/clubs\/losc-lille\/la-sanction-est-tombee-pour-olivier-letang-l-uefa-inflige-10-000-euros-d-amende-au-president-de-lille_AV-202511180946.html\" title=\"La sanction est tomb\u00e9e pour Olivier L\u00e9tang: l&#039;UEFA inflige 10.000 euros d&#039;amende au pr\u00e9sident de Lille\" class=\"internal_link\" target=\"_blank\" rel=\"noopener\">amende de 10.000 euros<\/a> de la part de l&rsquo;UEFA en novembre, pour violation des \u00ab\u00a0principes g\u00e9n\u00e9raux de conduite\u00a0\u00bb, pour avoir critiqu\u00e9 l&rsquo;arbitrage lors de Lille-PAOK le 23 octobre dernier. Il a \u00e9galement pass\u00e9 un <a href=\"https:\/\/rmcsport.bfmtv.com\/football\/ligue-1\/on-a-un-vrai-probleme-de-fond-avec-l-arbitrage-en-france-l-enorme-coup-de-gueule-de-letang-apres-lille-lyon_AP-202509280315.html\" title=\"&quot;On a un vrai probl\u00e8me de fond avec l&#039;arbitrage en France&quot;: l&#039;\u00e9norme coup de gueule de L\u00e9tang apr\u00e8s Lille-Lyon\" class=\"internal_link\" target=\"_blank\" rel=\"noopener\">\u00e9norme coup de gueule<\/a> apr\u00e8s le match perdu contre Lyon (0-1) fin septembre, d\u00e9plorant \u00ab\u00a0un vrai probl\u00e8me de fond avec l&rsquo;arbitrage en France\u00a0\u00bb.<\/p>\n<p>Apr\u00e8s avoir tenu pendant les 45 premi\u00e8res minutes, se procurant m\u00eame quelques occasions, le LOSC a fini par plier en deuxi\u00e8me mi-temps. Przemyslaw Frankowski a ouvert le score sur une t\u00eate (48e) avant que l&rsquo;ancien Nantais Quentin Merlin permette aux Rennais de faire le break (57e), servi par Breel Embolo.<\/p>\n","protected":false},"excerpt":{"rendered":"Pour son premier match de l&rsquo;ann\u00e9e 2026, le LOSC s&rsquo;est retrouv\u00e9 r\u00e9duit \u00e0 10 avant m\u00eame le quart&hellip;\n","protected":false},"author":2,"featured_media":641538,"comment_status":"","ping_status":"","sticky":false,"template":"","format":"standard","meta":{"footnotes":""},"categories":[2815],"tags":[1111,11,1777,674,1011,27,811,1307,12,25],"class_list":{"0":"post-641537","1":"post","2":"type-post","3":"status-publish","4":"format-standard","5":"has-post-thumbnail","7":"category-lille","8":"tag-actu","9":"tag-actualites","10":"tag-eu","11":"tag-europe","12":"tag-fr","13":"tag-france","14":"tag-hauts-de-france","15":"tag-lille","16":"tag-news","17":"tag-republique-francaise"},"share_on_mastodon":{"url":"https:\/\/pubeurope.com\/@fr\/115840029978486914","error":""},"_links":{"self":[{"href":"https:\/\/www.europesays.com\/fr\/wp-json\/wp\/v2\/posts\/641537","targetHints":{"allow":["GET"]}}],"collection":[{"href":"https:\/\/www.europesays.com\/fr\/wp-json\/wp\/v2\/posts"}],"about":[{"href":"https:\/\/www.europesays.com\/fr\/wp-json\/wp\/v2\/types\/post"}],"author":[{"embeddable":true,"href":"https:\/\/www.europesays.com\/fr\/wp-json\/wp\/v2\/users\/2"}],"replies":[{"embeddable":true,"href":"https:\/\/www.europesays.com\/fr\/wp-json\/wp\/v2\/comments?post=641537"}],"version-history":[{"count":0,"href":"https:\/\/www.europesays.com\/fr\/wp-json\/wp\/v2\/posts\/641537\/revisions"}],"wp:featuredmedia":[{"embeddable":true,"href":"https:\/\/www.europesays.com\/fr\/wp-json\/wp\/v2\/media\/641538"}],"wp:attachment":[{"href":"https:\/\/www.europesays.com\/fr\/wp-json\/wp\/v2\/media?parent=641537"}],"wp:term":[{"taxonomy":"category","embeddable":true,"href":"https:\/\/www.europesays.com\/fr\/wp-json\/wp\/v2\/categories?post=641537"},{"taxonomy":"post_tag","embeddable":true,"href":"https:\/\/www.europesays.com\/fr\/wp-json\/wp\/v2\/tags?post=641537"}],"curies":[{"name":"wp","href":"https:\/\/api.w.org\/{rel}","templated":true}]}}