{"id":641539,"date":"2026-01-05T02:03:10","date_gmt":"2026-01-05T02:03:10","guid":{"rendered":"https:\/\/www.europesays.com\/fr\/641539\/"},"modified":"2026-01-05T02:03:10","modified_gmt":"2026-01-05T02:03:10","slug":"marseille-un-homme-tue-par-balle-vers-21h30-en-plein-centre-ville","status":"publish","type":"post","link":"https:\/\/www.europesays.com\/fr\/641539\/","title":{"rendered":"Marseille : Un homme tu\u00e9 par balle vers 21h30 en plein centre-ville"},"content":{"rendered":"<p class=\"mb-4 text-lg md:leading-8 break-words\"><strong>violence &#8211; Touch\u00e9 par plusieurs balles, l\u2019homme est mort dans le quartier de Belsunce \u00e0 Marseille, ville r\u00e9guli\u00e8rement endeuill\u00e9e par le trafic de drogue<\/strong><\/p>\n<p class=\"mb-4 text-lg md:leading-8 break-words\"><a href=\"https:\/\/www.20minutes.fr\/marseille\/4189011-20251201-marseille-determination-totale-ferocite-republicaine-prefet-jacques-witkowski-entre-fonction?at_medium=RSS%20feed&amp;at_campaign=ynews&amp;utm_source=yahoo&amp;utm_medium=rss&amp;utm_campaign=news_feed&amp;utm_content=in_article_link\" rel=\"nofollow noopener\" target=\"_blank\" data-ylk=\"slk:La ville de Marseille;elm:context_link;itc:0;sec:content-canvas\" class=\"link \">La ville de Marseille<\/a> est une nouvelle fois dimanche endeuill\u00e9e par la violence. Un homme a \u00e9t\u00e9 tu\u00e9 par balle vers 21h30 dans le quartier de Belsunce, en plein centre de la cit\u00e9 phoc\u00e9enne.<\/p>\n<p class=\"mb-4 text-lg md:leading-8 break-words\">Touch\u00e9e par plusieurs balles au thorax, la victime est d\u00e9c\u00e9d\u00e9e sur place, ont indiqu\u00e9 les marins-pompiers. Une source polici\u00e8re a confirm\u00e9 les faits, sans plus de d\u00e9tails \u00e0 ce stade.<\/p>\n<p>Marseille en proie aux narchomicides<\/p>\n<p class=\"mb-4 text-lg md:leading-8 break-words\">Situ\u00e9 \u00e0 deux pas de la Canebi\u00e8re, le quartier paup\u00e9ris\u00e9 de Belsunce abrite des trafics en tout genre. En mai, un homme de 25 ans y avait \u00e9t\u00e9 tu\u00e9 devant une pizzeria et les autorit\u00e9s ont confirm\u00e9 qu\u2019il s\u2019agissait d\u2019un assassinat <a href=\"https:\/\/www.20minutes.fr\/monde\/italie\/4187566-20251125-narcotrafic-france-doit-inspirer-lois-anti-mafia-italiennes?at_medium=RSS%20feed&amp;at_campaign=ynews&amp;utm_source=yahoo&amp;utm_medium=rss&amp;utm_campaign=news_feed&amp;utm_content=in_article_link\" rel=\"nofollow noopener\" target=\"_blank\" data-ylk=\"slk:sur fond de trafic de drogue;elm:context_link;itc:0;sec:content-canvas\" class=\"link \">sur fond de trafic de drogue<\/a>.<\/p>\n<p class=\"mb-4 text-lg md:leading-8 break-words\">Jeudi d\u00e9j\u00e0, un corps avait \u00e9t\u00e9 d\u00e9couvert dans le coffre d\u2019une voiture incendi\u00e9e dans le nord de la ville et la victime n\u2019\u00e9tait toujours pas identifi\u00e9e formellement samedi, selon le parquet de la deuxi\u00e8me ville de France.<\/p>\n<p><a href=\"https:\/\/www.20minutes.fr\/marseille\/\" rel=\"nofollow noopener\" target=\"_blank\" data-ylk=\"slk:Nos articles sur Marseille;elm:context_link;itc:0;sec:content-canvas\" class=\"link \">Nos articles sur Marseille<\/a><\/p>\n<p class=\"mb-4 text-lg md:leading-8 break-words\">Selon un d\u00e9compte de l\u2019AFP, 19 personnes ont perdu la vie dans des narchomicides en\u00a02025 dans le d\u00e9partement des Bouches-du-Rh\u00f4ne, la grande majorit\u00e9 \u00e0 Marseille. Le 13 novembre, <a href=\"https:\/\/www.20minutes.fr\/societe\/4187325-20251123-marseille-assassins-deja-tuee-cri-douleur-mere-mehdi-kessaci-marche-blanche?at_medium=RSS%20feed&amp;at_campaign=ynews&amp;utm_source=yahoo&amp;utm_medium=rss&amp;utm_campaign=news_feed&amp;utm_content=in_article_link\" rel=\"nofollow noopener\" target=\"_blank\" data-ylk=\"slk:la mort de Mehdi Kessaci;elm:context_link;itc:0;sec:content-canvas\" class=\"link \">la mort de Mehdi Kessaci<\/a>, 20 ans, le petit fr\u00e8re du militant \u00e9cologiste et antidrogue Amine Kessaci, avait boulevers\u00e9 la ville.<\/p>\n<p class=\"mb-4 text-lg md:leading-8 break-words\"><a href=\"https:\/\/www.20minutes.fr\/faits_divers\/faits-divers-marseille\/4194228-20260105-marseille-homme-tue-balle-vers-21h30-plein-centre-ville?at_medium=RSS%20feed&amp;at_campaign=ynews&amp;utm_source=yahoo&amp;utm_medium=rss&amp;utm_campaign=news_feed&amp;utm_content=read_more_link&quot;\" rel=\"nofollow noopener\" target=\"_blank\" data-ylk=\"slk:Lire la suite sur 20minutes;elm:context_link;itc:0;sec:content-canvas\" class=\"link \">Lire la suite sur 20minutes<\/a><\/p>\n<p>\u00c0 lire aussi :<br \/><a href=\"https:\/\/www.20minutes.fr\/faits_divers\/faits-divers-marseille\/4192596-20251221-marseille-jeune-vingtaine-annees-tue-balle?at_medium=RSS%20feed&amp;at_campaign=ynews&amp;utm_source=yahoo&amp;utm_medium=rss&amp;utm_campaign=news_feed&amp;utm_content=related_content_link\" rel=\"nofollow noopener\" target=\"_blank\" data-ylk=\"slk:Marseille\u00a0: Un jeune d\u2019une vingtaine d\u2019ann\u00e9es tu\u00e9 par balle;elm:context_link;itc:0;sec:content-canvas\" class=\"link \">Marseille\u00a0: Un jeune d\u2019une vingtaine d\u2019ann\u00e9es tu\u00e9 par balle<\/a><br \/><a href=\"https:\/\/www.20minutes.fr\/societe\/4193267-20251226-bordeaux-jeune-homme-tue-balle-deux-suspects-interpelles?at_medium=RSS%20feed&amp;at_campaign=ynews&amp;utm_source=yahoo&amp;utm_medium=rss&amp;utm_campaign=news_feed&amp;utm_content=related_content_link\" rel=\"nofollow noopener\" target=\"_blank\" data-ylk=\"slk:Bordeaux\u00a0: Un jeune homme tu\u00e9 par balle, deux suspects interpell\u00e9s;elm:context_link;itc:0;sec:content-canvas\" class=\"link \">Bordeaux\u00a0: Un jeune homme tu\u00e9 par balle, deux suspects interpell\u00e9s<\/a><\/p>\n","protected":false},"excerpt":{"rendered":"violence &#8211; Touch\u00e9 par plusieurs balles, l\u2019homme est mort dans le quartier de Belsunce \u00e0 Marseille, ville r\u00e9guli\u00e8rement&hellip;\n","protected":false},"author":2,"featured_media":641540,"comment_status":"","ping_status":"","sticky":false,"template":"","format":"standard","meta":{"footnotes":""},"categories":[2814],"tags":[1111,11,17039,16269,1777,674,1011,27,5910,1913,884,12,882,25,887],"class_list":{"0":"post-641539","1":"post","2":"type-post","3":"status-publish","4":"format-standard","5":"has-post-thumbnail","7":"category-marseille","8":"tag-actu","9":"tag-actualites","10":"tag-belsunce","11":"tag-departement-des-bouches-du-rhone","12":"tag-eu","13":"tag-europe","14":"tag-fr","15":"tag-france","16":"tag-lhomme","17":"tag-la-ville","18":"tag-marseille","19":"tag-news","20":"tag-provence-alpes-cote-dazur","21":"tag-republique-francaise","22":"tag-trafic-de-drogue"},"share_on_mastodon":{"url":"https:\/\/pubeurope.com\/@fr\/115840037963298833","error":""},"_links":{"self":[{"href":"https:\/\/www.europesays.com\/fr\/wp-json\/wp\/v2\/posts\/641539","targetHints":{"allow":["GET"]}}],"collection":[{"href":"https:\/\/www.europesays.com\/fr\/wp-json\/wp\/v2\/posts"}],"about":[{"href":"https:\/\/www.europesays.com\/fr\/wp-json\/wp\/v2\/types\/post"}],"author":[{"embeddable":true,"href":"https:\/\/www.europesays.com\/fr\/wp-json\/wp\/v2\/users\/2"}],"replies":[{"embeddable":true,"href":"https:\/\/www.europesays.com\/fr\/wp-json\/wp\/v2\/comments?post=641539"}],"version-history":[{"count":0,"href":"https:\/\/www.europesays.com\/fr\/wp-json\/wp\/v2\/posts\/641539\/revisions"}],"wp:featuredmedia":[{"embeddable":true,"href":"https:\/\/www.europesays.com\/fr\/wp-json\/wp\/v2\/media\/641540"}],"wp:attachment":[{"href":"https:\/\/www.europesays.com\/fr\/wp-json\/wp\/v2\/media?parent=641539"}],"wp:term":[{"taxonomy":"category","embeddable":true,"href":"https:\/\/www.europesays.com\/fr\/wp-json\/wp\/v2\/categories?post=641539"},{"taxonomy":"post_tag","embeddable":true,"href":"https:\/\/www.europesays.com\/fr\/wp-json\/wp\/v2\/tags?post=641539"}],"curies":[{"name":"wp","href":"https:\/\/api.w.org\/{rel}","templated":true}]}}