{"id":641544,"date":"2026-01-05T02:07:12","date_gmt":"2026-01-05T02:07:12","guid":{"rendered":"https:\/\/www.europesays.com\/fr\/641544\/"},"modified":"2026-01-05T02:07:12","modified_gmt":"2026-01-05T02:07:12","slug":"paris-et-ile-de-france-quelles-perturbations-prevoir-pour-la-ratp-et-la-sncf-cette-semaine-6","status":"publish","type":"post","link":"https:\/\/www.europesays.com\/fr\/641544\/","title":{"rendered":"Paris et \u00cele-de-France : Quelles perturbations pr\u00e9voir pour la RATP et la SNCF cette semaine ?"},"content":{"rendered":"<p class=\"mb-4 text-lg md:leading-8 break-words\"><strong>TRANSPORTS &#8211; Du lundi 5 au dimanche 11 janvier, plusieurs changements sont \u00e0 prendre en consid\u00e9ration dans la capitale et sa r\u00e9gion<\/strong><\/p>\n<p class=\"mb-4 text-lg md:leading-8 break-words\">La routine reprend \u00e0 Paris et en \u00cele-de-France avec le retour des \u00e9l\u00e8ves et des travailleurs dans les transports en commun. Du lundi 5 au dimanche 11 janvier 2026, plusieurs changements sont \u00e0 pr\u00e9voir sur les lignes de la RATP et de la SNCF dans la capitale et sa r\u00e9gion. D\u00e9couvrez lesquels ci-dessous :<\/p>\n<p>M\u00e9tro<\/p>\n<ul class=\"mb-4\">\n<li class=\"ml-4 list-disc\">\n<p class=\"mb-4 text-lg md:leading-8 break-words\">Ligne 12 : dimanche 11 janvier 2026, \u00e0 partir de 22 heures, le trafic est interrompu sur toute la ligne (travaux).<\/p>\n<\/li>\n<\/ul>\n<p>RER<\/p>\n<ul class=\"mb-4\">\n<li class=\"ml-4 list-disc\">\n<p class=\"mb-4 text-lg md:leading-8 break-words\">RER B : du lundi au vendredi, jusqu\u2019au 28 mai, \u00e0 partir de 22h45, le trafic sera interrompu entre Ch\u00e2telet \u2013 Les Halles et A\u00e9roport Charles de Gaulle 2 \u2013 TGV, et entre Mitry \u2013 Claye et <a href=\"https:\/\/www.20minutes.fr\/economie\/aulnay\/?at_medium=RSS%20feed&amp;at_campaign=ynews&amp;utm_source=yahoo&amp;utm_medium=rss&amp;utm_campaign=news_feed&amp;utm_content=in_article_link\" rel=\"nofollow noopener\" target=\"_blank\" data-ylk=\"slk:Aulnay-sous-Bois;elm:context_link;itc:0;sec:content-canvas\" class=\"link \">Aulnay-sous-Bois<\/a> (travaux).<\/p>\n<\/li>\n<\/ul>\n<p>Publicit\u00e9<\/p>\n<p>Publicit\u00e9<\/p>\n<p>Publicit\u00e9<\/p>\n<p>Publicit\u00e9<\/p>\n<p class=\"mb-4 text-lg md:leading-8 break-words\">RER C : dimanche 11 janvier 2026, \u00e0 partir de 23h45, le trafic est interrompu entre Paris Austerlitz et Dourdan\/Saint-Martin d\u2019\u00c9tampes. Des bus de substitution seront mis en place, avec desserte des gares interm\u00e9diaires. Dimanche 11 janvier, \u00e0 partir de 22h40, le trafic sera interrompu entre Gare d\u2019Austerlitz et Saint-Martin d\u2019\u00c9tampes (travaux). Jusqu\u2019au 11 janvier, l\u2019arr\u00eat ne sera pas desservi \u00e0 Issy vers Dourdan la For\u00eat, Saint-Martin d\u2019\u00c9tampes et Massy \u2013 Palaiseau (travaux). Du lundi au vendredi, d\u00e8s 23 heures, le trafic est interrompu entre Gare d\u2019Austerlitz et Juvisy (travaux). M\u00eame chose entre Gare d\u2019Austerlitz et Pont de Rungis A\u00e9roport d\u2019Orly (travaux) et entre Gare d\u2019Austerlitz et Saint-Martin d\u2019\u00c9tampes (travaux) et entre Javel et Saint-Quentin en Yvelines \u2013 Montigny-le-Bretonneux (travaux) et entre Versailles Ch\u00e2teau Rive Gauche et Jave(&#8230;)<\/p>\n<p class=\"mb-4 text-lg md:leading-8 break-words\"><a href=\"https:\/\/www.20minutes.fr\/paris\/4194224-20260104-paris-ile-france-perturbations-prevoir-ratp-sncf-semaine?at_medium=RSS%20feed&amp;at_campaign=ynews&amp;utm_source=yahoo&amp;utm_medium=rss&amp;utm_campaign=news_feed&amp;utm_content=read_more_link&quot;\" rel=\"nofollow noopener\" target=\"_blank\" data-ylk=\"slk:Lire la suite sur 20minutes;elm:context_link;itc:0;sec:content-canvas\" class=\"link \">Lire la suite sur 20minutes<\/a><\/p>\n<p>\u00c0 lire aussi :<br \/><a href=\"https:\/\/www.20minutes.fr\/societe\/4193830-20251231-sncf-sait-combien-vont-augmenter-tarifs-tgv-2026?at_medium=RSS%20feed&amp;at_campaign=ynews&amp;utm_source=yahoo&amp;utm_medium=rss&amp;utm_campaign=news_feed&amp;utm_content=related_content_link\" rel=\"nofollow noopener\" target=\"_blank\" data-ylk=\"slk:SNCF : On sait de combien vont augmenter les tarifs des TGV en 2026;elm:context_link;itc:0;sec:content-canvas\" class=\"link \">SNCF : On sait de combien vont augmenter les tarifs des TGV en 2026<\/a><br \/><a href=\"https:\/\/www.20minutes.fr\/societe\/4193599-20251229-decouvre-sac-cadeaux-noel-oublie-train-reussit-retrouver-proprietaire?at_medium=RSS%20feed&amp;at_campaign=ynews&amp;utm_source=yahoo&amp;utm_medium=rss&amp;utm_campaign=news_feed&amp;utm_content=related_content_link\" rel=\"nofollow noopener\" target=\"_blank\" data-ylk=\"slk:Il d\u00e9couvre un sac de cadeaux de No\u00ebl oubli\u00e9 dans un train et r\u00e9ussit \u00e0 retrouver leur propri\u00e9taire;elm:context_link;itc:0;sec:content-canvas\" class=\"link \">Il d\u00e9couvre un sac de cadeaux de No\u00ebl oubli\u00e9 dans un train et r\u00e9ussit \u00e0 retrouver leur propri\u00e9taire<\/a><\/p>\n","protected":false},"excerpt":{"rendered":"TRANSPORTS &#8211; Du lundi 5 au dimanche 11 janvier, plusieurs changements sont \u00e0 prendre en consid\u00e9ration dans la&hellip;\n","protected":false},"author":2,"featured_media":641545,"comment_status":"","ping_status":"","sticky":false,"template":"","format":"standard","meta":{"footnotes":""},"categories":[1592],"tags":[1111,11,1777,674,1011,27,22821,662,4909,12,626,25,2215],"class_list":{"0":"post-641544","1":"post","2":"type-post","3":"status-publish","4":"format-standard","5":"has-post-thumbnail","7":"category-ile-de-france","8":"tag-actu","9":"tag-actualites","10":"tag-eu","11":"tag-europe","12":"tag-fr","13":"tag-france","14":"tag-gare-dausterlitz","15":"tag-ile-de-france","16":"tag-la-capitale","17":"tag-news","18":"tag-paris","19":"tag-republique-francaise","20":"tag-sncf"},"share_on_mastodon":{"url":"https:\/\/pubeurope.com\/@fr\/115840053741557117","error":""},"_links":{"self":[{"href":"https:\/\/www.europesays.com\/fr\/wp-json\/wp\/v2\/posts\/641544","targetHints":{"allow":["GET"]}}],"collection":[{"href":"https:\/\/www.europesays.com\/fr\/wp-json\/wp\/v2\/posts"}],"about":[{"href":"https:\/\/www.europesays.com\/fr\/wp-json\/wp\/v2\/types\/post"}],"author":[{"embeddable":true,"href":"https:\/\/www.europesays.com\/fr\/wp-json\/wp\/v2\/users\/2"}],"replies":[{"embeddable":true,"href":"https:\/\/www.europesays.com\/fr\/wp-json\/wp\/v2\/comments?post=641544"}],"version-history":[{"count":0,"href":"https:\/\/www.europesays.com\/fr\/wp-json\/wp\/v2\/posts\/641544\/revisions"}],"wp:featuredmedia":[{"embeddable":true,"href":"https:\/\/www.europesays.com\/fr\/wp-json\/wp\/v2\/media\/641545"}],"wp:attachment":[{"href":"https:\/\/www.europesays.com\/fr\/wp-json\/wp\/v2\/media?parent=641544"}],"wp:term":[{"taxonomy":"category","embeddable":true,"href":"https:\/\/www.europesays.com\/fr\/wp-json\/wp\/v2\/categories?post=641544"},{"taxonomy":"post_tag","embeddable":true,"href":"https:\/\/www.europesays.com\/fr\/wp-json\/wp\/v2\/tags?post=641544"}],"curies":[{"name":"wp","href":"https:\/\/api.w.org\/{rel}","templated":true}]}}