{"id":641553,"date":"2026-01-05T02:12:13","date_gmt":"2026-01-05T02:12:13","guid":{"rendered":"https:\/\/www.europesays.com\/fr\/641553\/"},"modified":"2026-01-05T02:12:13","modified_gmt":"2026-01-05T02:12:13","slug":"avec-lattaque-americaine-au-venezuela-la-russie-perd-son-principal-allie-sur-le-continent","status":"publish","type":"post","link":"https:\/\/www.europesays.com\/fr\/641553\/","title":{"rendered":"Avec l\u2019attaque am\u00e9ricaine au Venezuela, la Russie perd son principal alli\u00e9 sur le continent"},"content":{"rendered":"<p>\n    <strong>D\u00c9CRYPTAGE<\/strong> &#8211; L\u2019exfiltration de Maduro constitue un nouveau coup dur pour la diplomatie russe apr\u00e8s la chute de Bachar el-Assad en Syrie et l\u2019affaiblissement du pouvoir des mollahs \u00e0 T\u00e9h\u00e9ran.<\/p>\n<p class=\"fig-paragraph\">Nul doute que l\u2019enl\u00e8vement de Nicolas Maduro aura fait souffler une bise glac\u00e9e sur les tours du Kremlin. Et que les images du\u00a0<a href=\"http:\/\/www.lefigaro.fr\/vox\/monde\/l-arrestation-de-nicolas-maduro-est-elle-vraiment-contraire-au-droit-international-20260104\" data-fig-type=\"Article\" data-gtm-custom-categorie=\"navigation\" data-gtm-custom-action=\"crossclick\" data-gtm-custom-label=\"Contextuel\" data-gtm-event=\"customEventSPE\" data-fig-domain=\"LEFIGARO\" target=\"_blank\" rel=\"noopener\">pr\u00e9sident v\u00e9n\u00e9zu\u00e9lien captif, entrav\u00e9 et masque sur les yeux<\/a>, auront \u00e9t\u00e9 d\u00e9sagr\u00e9ablement re\u00e7ues par Vladimir Poutine. Rien de comparable, bien s\u00fbr, avec le sort qui pourrait \u00e9choir au pr\u00e9sident russe pour son\u00a0<a href=\"https:\/\/www.lefigaro.fr\/international\/dossier\/tensions-entre-la-russie-et-l-ukraine-tout-comprendre-a-la-menace-d-une-invasion-russe\" target=\"_blank\" data-fig-type=\"Topic\" rel=\"sponsored noopener\" data-gtm-custom-categorie=\"navigation\" data-gtm-custom-action=\"crossclick\" data-gtm-custom-label=\"Contextuel\" data-gtm-event=\"customEventSPE\" data-fig-domain=\"LEFIGARO\">invasion de l\u2019Ukraine<\/a>, surtout \u00e0 l\u2019heure du r\u00e9chauffement russo-am\u00e9ricain initi\u00e9 par Donald Trump.<\/p>\n<p class=\"fig-paragraph\">Mais tout de m\u00eame\u2026 Vingt-quatre heures apr\u00e8s l\u2019annonce du succ\u00e8s de l\u2019op\u00e9ration \u00ab\u00a0Absolute Resolve\u00a0\u00bb, le pr\u00e9sident russe ne s\u2019\u00e9tait pas exprim\u00e9 publiquement. Le pr\u00e9sident am\u00e9ricain a indiqu\u00e9 samedi n\u2019avoir pas pr\u00e9venu Vladimir Poutine, estimant que \u00ab\u00a0cela ne poserait pas de probl\u00e8me\u00a0\u00bb. Et simultan\u00e9ment, il s\u2019en est pris au\u00a0<a href=\"http:\/\/www.lefigaro.fr\/international\/pourquoi-emmanuel-macron-envisage-de-reparler-a-poutine-20251221\" data-fig-type=\"Article\" data-gtm-custom-categorie=\"navigation\" data-gtm-custom-action=\"crossclick\" data-gtm-custom-label=\"Contextuel\" data-gtm-event=\"customEventSPE\" data-fig-domain=\"LEFIGARO\" target=\"_blank\" rel=\"noopener\">chef du Kremlin<\/a>, d\u00e9clarant qu\u2019il n\u2019\u00e9tait \u00ab\u00a0pas ravi\u00a0\u00bb de ses agissements en Ukraine, o\u00f9 \u00ab\u00a0il tue trop de monde\u00a0\u00bb (sic).<\/p>\n<p class=\"fig-body-link\">\n            \u00c0 lire aussi<br \/>\n        <a class=\"fig-body-link__link fig-premium-mark\" href=\"http:\/\/www.lefigaro.fr\/international\/apres-l-arrestation-de-nicolas-maduro-exploiter-le-tresor-petrolier-du-venezuela-reste-un-defi-hasardeux-pour-les-compagnies-americaines-20260104\" data-fig-type=\"Article\" data-gtm-custom-categorie=\"navigation\" data-gtm-custom-action=\"crossclick\" data-gtm-custom-label=\"Contextuel\" data-gtm-event=\"customEventSPE\" data-fig-domain=\"LEFIGARO\" target=\"_blank\" rel=\"noopener\"><\/p>\n<p>        Apr\u00e8s la capture de Nicol\u00e1s Maduro, exploiter le tr\u00e9sor p\u00e9trolier du Venezuela reste un d\u00e9fi hasardeux pour les compagnies am\u00e9ricaines<br \/>\n    <\/a>\n<\/p>\n<p class=\"fig-paragraph\">Les premi\u00e8res r\u00e9actions sont venues du minist\u00e8re des Affaires \u00e9trang\u00e8res, le MID, et traduisent la forte\u2026<\/p>\n<p class=\"fig-premium-paywall__infos\">\n        Cet article est r\u00e9serv\u00e9 aux abonn\u00e9s.        Il vous reste 82% \u00e0 d\u00e9couvrir.\n    <\/p>\n<p>                <img  data- alt=\"Le Figaro\" class=\"fig-img--complete fig-img\"\/><\/p>\n<p class=\"fig-premium-paywall__title\">Vous avez envie de lire la suite ?<\/p>\n<p class=\"fig-premium-paywall__subtitle\">D\u00e9bloquez tous les articles imm\u00e9diatement.<\/p>\n<p class=\"fig-premium-paywall__connect\">\n                D\u00e9j\u00e0 abonn\u00e9\u00a0?                <a class=\"fig-premium-paywall__connect-link\" href=\"https:\/\/connect.lefigaro.fr\/login?client=horizon_web&amp;type=main&amp;redirect_uri=https%3A%2F%2Fwww.lefigaro.fr%2Finternational%2Fmoscou-perd-son-principal-allie-en-amerique-du-sud-20260104\" data-js-gtm=\"{&quot;customCategorie&quot;: &quot;conversion&quot;, &quot;customAction&quot;: &quot;before_Landing_Connexion_paywall_auto&quot;, &quot;customLabel&quot;: &quot;bGVmaWdhcm8uZnJfXzFmMGU5NGI2LTlhNjAtNmExZS1hMDhlLTYzZGI3ODU3Y2RkNF9fQXJ0aWNsZQ==_Avec l\u2019attaque am\u00e9ricaine au Venezuela, la Russie perd son principal alli\u00e9 sur le continent_102&quot;, &quot;customIDSPE&quot;: &quot;bGVmaWdhcm8uZnJfXzFmMGU5NGI2LTlhNjAtNmExZS1hMDhlLTYzZGI3ODU3Y2RkNF9fQXJ0aWNsZQ==&quot;, &quot;event&quot;: &quot;customEventSPE&quot;}\" target=\"_blank\" rel=\"noopener\"><br \/>\n                    Connectez-vous<br \/>\n                <\/a>\n            <\/p>\n","protected":false},"excerpt":{"rendered":"D\u00c9CRYPTAGE &#8211; L\u2019exfiltration de Maduro constitue un nouveau coup dur pour la diplomatie russe apr\u00e8s la chute de&hellip;\n","protected":false},"author":2,"featured_media":641554,"comment_status":"","ping_status":"","sticky":false,"template":"","format":"standard","meta":{"footnotes":""},"categories":[1591],"tags":[11,1887,12,1885,1886,132,337,135],"class_list":{"0":"post-641553","1":"post","2":"type-post","3":"status-publish","4":"format-standard","5":"has-post-thumbnail","7":"category-russie","8":"tag-actualites","9":"tag-federation-de-russie","10":"tag-news","11":"tag-russia","12":"tag-russian-federation","13":"tag-russie","14":"tag-venezuela","15":"tag-vladimir-poutine"},"share_on_mastodon":{"url":"https:\/\/pubeurope.com\/@fr\/115840073565268561","error":""},"_links":{"self":[{"href":"https:\/\/www.europesays.com\/fr\/wp-json\/wp\/v2\/posts\/641553","targetHints":{"allow":["GET"]}}],"collection":[{"href":"https:\/\/www.europesays.com\/fr\/wp-json\/wp\/v2\/posts"}],"about":[{"href":"https:\/\/www.europesays.com\/fr\/wp-json\/wp\/v2\/types\/post"}],"author":[{"embeddable":true,"href":"https:\/\/www.europesays.com\/fr\/wp-json\/wp\/v2\/users\/2"}],"replies":[{"embeddable":true,"href":"https:\/\/www.europesays.com\/fr\/wp-json\/wp\/v2\/comments?post=641553"}],"version-history":[{"count":0,"href":"https:\/\/www.europesays.com\/fr\/wp-json\/wp\/v2\/posts\/641553\/revisions"}],"wp:featuredmedia":[{"embeddable":true,"href":"https:\/\/www.europesays.com\/fr\/wp-json\/wp\/v2\/media\/641554"}],"wp:attachment":[{"href":"https:\/\/www.europesays.com\/fr\/wp-json\/wp\/v2\/media?parent=641553"}],"wp:term":[{"taxonomy":"category","embeddable":true,"href":"https:\/\/www.europesays.com\/fr\/wp-json\/wp\/v2\/categories?post=641553"},{"taxonomy":"post_tag","embeddable":true,"href":"https:\/\/www.europesays.com\/fr\/wp-json\/wp\/v2\/tags?post=641553"}],"curies":[{"name":"wp","href":"https:\/\/api.w.org\/{rel}","templated":true}]}}