{"id":641555,"date":"2026-01-05T02:13:39","date_gmt":"2026-01-05T02:13:39","guid":{"rendered":"https:\/\/www.europesays.com\/fr\/641555\/"},"modified":"2026-01-05T02:13:39","modified_gmt":"2026-01-05T02:13:39","slug":"guerre-en-ukraine-en-2025-larmee-russe-signe-sa-plus-forte-avancee-depuis-trois-ans","status":"publish","type":"post","link":"https:\/\/www.europesays.com\/fr\/641555\/","title":{"rendered":"Guerre en Ukraine : en 2025, l&rsquo;arm\u00e9e russe signe sa plus forte avanc\u00e9e depuis trois ans"},"content":{"rendered":"<p>Au cours de l&rsquo;ann\u00e9e 2025, <a href=\"https:\/\/www.france24.com\/fr\/europe\/20250813-guerre-ukraine-avanc\u00e9e-record-arm\u00e9e-russe-au-moment-o\u00f9-europ\u00e9ens-pressent-trump\" target=\"_self\" rel=\"noopener\">l&rsquo;arm\u00e9e russe a r\u00e9alis\u00e9 en Ukraine sa plus forte progression sur le front <\/a>depuis la premi\u00e8re ann\u00e9e de l&rsquo;invasion, selon des donn\u00e9es publi\u00e9es vendredi 2\u00a0janvier, maintenant une forte pression militaire alors que des n\u00e9gociations sont attendues entre Kiev et ses alli\u00e9s en vue d&rsquo;une hypoth\u00e9tique fin des hostilit\u00e9s.<\/p>\n<p>Des conseillers \u00e0 la s\u00e9curit\u00e9 de pays europ\u00e9ens alli\u00e9s de Kiev doivent rencontrer samedi \u00e0 Kiev des responsables ukrainiens, avec la participation par visioconf\u00e9rence d&rsquo;une \u00e9quipe am\u00e9ricaine. Selon le pr\u00e9sident <a href=\"https:\/\/www.france24.com\/fr\/tag\/volodymyr-zelensky\/\" target=\"_self\" class=\"gtm-add-suggested-tag\" rel=\"noopener\">Volodymyr Zelensky<\/a>, une quinzaine de pays ont confirm\u00e9 leur participation, ainsi que des repr\u00e9sentants de l&rsquo;Union europ\u00e9enne et de l&rsquo;Otan.<\/p>\n<p>Volodymyr Zelensky s&rsquo;\u00e9tait entretenu en d\u00e9cembre avec <a href=\"https:\/\/www.france24.com\/fr\/tag\/donald-trump\/\" target=\"_self\" class=\"gtm-add-suggested-tag\" rel=\"noopener\">Donald Trump<\/a> \u00e0 Washington sur le plan am\u00e9ricain visant \u00e0 mettre fin \u00e0 pr\u00e8s de quatre ans de guerre, mais des questions sensibles telles que celle des territoires restent non r\u00e9solues. Et Moscou a indiqu\u00e9 son intention de \u00ab\u00a0durcir sa position\u00a0\u00bb apr\u00e8s avoir accus\u00e9 Kiev d&rsquo;avoir cibl\u00e9 avec des drones une r\u00e9sidence de <a href=\"https:\/\/www.france24.com\/fr\/tag\/vladimir-poutine\/\" target=\"_self\" class=\"gtm-add-suggested-tag\" rel=\"noopener\">Vladimir Poutine<\/a>.<\/p>\n<p class=\"a-read-more\">\u00c0 lire aussi<a href=\"https:\/\/www.france24.com\/fr\/europe\/20251231-poutine-palais-residences-luxe-valdai-drone-crimee-navalny\" target=\"_self\" class=\"a-read-more__link\" rel=\"noopener\">Datchas, r\u00e9sidences de luxe et palais secrets\u00a0: l&#8217;empire immobilier de Poutine<\/a><\/p>\n<p>En attendant des progr\u00e8s diplomatiques, sur le terrain, les forces russes se sont empar\u00e9es de plus de 5\u00a0600 km\u00b2 de territoire ukrainien au cours de l&rsquo;ann\u00e9e 2025, soit davantage que les ann\u00e9es 2024\u00a0et 2023\u00a0r\u00e9unies, selon les donn\u00e9es de l&rsquo;Institut pour l&rsquo;\u00e9tude de la guerre (ISW), qui travaille avec le Critical Threats Project (CTP), deux centres de r\u00e9flexion am\u00e9ricains sp\u00e9cialis\u00e9s dans l&rsquo;\u00e9tude des conflits.<\/p>\n<p> Moins de 1 % de superficie conquis <\/p>\n<p>En d\u00e9cembre, Moscou a conquis 244\u00a0km\u00b2, sa plus faible progression mensuelle depuis mars dans un contexte de conditions m\u00e9t\u00e9orologiques hivernales, mais a acc\u00e9l\u00e9r\u00e9 son offensive dans le <a href=\"https:\/\/www.france24.com\/fr\/tag\/donbass\/\" target=\"_self\" class=\"gtm-add-suggested-tag\" rel=\"noopener\">Donbass<\/a>, r\u00e9gion orientale o\u00f9 se situent les principales d\u00e9fenses ukrainiennes.<\/p>\n<p>L&rsquo;arm\u00e9e russe occupe environ 19,4\u00a0% de la superficie de l&rsquo;Ukraine, dont 0,94\u00a0% ont \u00e9t\u00e9 conquis au cours de l&rsquo;ann\u00e9e \u00e9coul\u00e9e. Signe de la progression russe, les autorit\u00e9s ukrainiennes ont ordonn\u00e9 vendredi l&rsquo;\u00e9vacuation de plus de 3\u00a0000 enfants avec leurs parents d&rsquo;une quarantaine de localit\u00e9s dans les r\u00e9gions de Zaporijjia et Dnipropetrovsk.<\/p>\n<p><img decoding=\"async\" fetchpriority=\"low\" src=\"https:\/\/www.europesays.com\/fr\/wp-content\/uploads\/2026\/01\/a3a69a2588e234b52b3a7221840d99dd0ee783b4.jpg\"   alt=\"Territoires ayant bascul\u00e9 du c\u00f4t\u00e9 russe de la ligne de front, chaque ann\u00e9e, depuis le d\u00e9but de la guerre en Ukraine\" loading=\"lazy\" class=\"a-img \"\/><\/p>\n<p>                Territoires ayant bascul\u00e9 du c\u00f4t\u00e9 russe de la ligne de front, chaque ann\u00e9e, depuis le d\u00e9but de la guerre en Ukraine                \u00a9 Valentin Rakovsky, Julie Pereira, AFP            <\/p>\n<p>Dans ses v\u0153ux pour 2026, Volodymyr Zelensky a affirm\u00e9 qu&rsquo;un accord pour mettre fin \u00e0 la guerre \u00e9tait \u00ab\u00a0pr\u00eat \u00e0 90\u00a0%\u00a0\u00bb, tout en avertissant que les 10\u00a0% restants allaient d\u00e9terminer le \u00ab\u00a0destin de la paix\u00a0\u00bb, l&rsquo;avenir des territoires occup\u00e9s par la Russie demeurant l&rsquo;un des points cl\u00e9s.<\/p>\n<p>Cet accord n&rsquo;est cependant pas n\u00e9goci\u00e9 directement, pour l&rsquo;heure, Ukrainiens et Russes \u00e9changeant avec les Am\u00e9ricains. Et l&rsquo;adoption de sa derni\u00e8re mouture par Moscou semble improbable, car elle abandonne certaines de ses revendications clefs.<\/p>\n<p>Vladimir Poutine a r\u00e9p\u00e9t\u00e9 ces derni\u00e8res semaines que la Russie atteindra ses objectifs en Ukraine \u00ab\u00a0par la voie militaire\u00a0\u00bb si les n\u00e9gociations \u00e9chouaient et a salu\u00e9 les r\u00e9cents gains de son arm\u00e9e sur le front.<\/p>\n<p class=\"a-read-more\">\u00c0 lire aussi<a href=\"https:\/\/www.france24.com\/fr\/europe\/20251229-ukraine-centrale-nucl\u00e9aire-zaporijjia-point-crucial-n\u00e9gociations-paix-russie\" target=\"_self\" class=\"a-read-more__link\" rel=\"noopener\">Ukraine\u00a0: trois questions sur la centrale de Zaporijjia, point crucial des n\u00e9gociations de paix<\/a><\/p>\n<p> Nominations et bombardements <\/p>\n<p>Son homologue ukrainien a lui choisi vendredi le chef du renseignement militaire, Kyrylo Boudanov, pour diriger son cabinet, l&rsquo;un des postes les plus importants du pays.<\/p>\n<p><img decoding=\"async\" fetchpriority=\"low\" src=\"https:\/\/www.europesays.com\/fr\/wp-content\/uploads\/2026\/01\/1c2b7789e017e76279caa3fd877ef8484aa44166.jpg\"   alt=\"Kyrylo Boudanov, \u00e0 Kiev le 25 f\u00e9vrier 2024.\" loading=\"lazy\" class=\"a-img \"\/><\/p>\n<p>                Kyrylo Boudanov, \u00e0 Kiev le 25 f\u00e9vrier 2024.                \u00a9 Sergei Supiunsky, AFP            <\/p>\n<p>Loin du profil de son pr\u00e9d\u00e9cesseur, Andri\u00ef Iermak, tomb\u00e9 en disgr\u00e2ce \u00e0 cause d&rsquo;un scandale de corruption,\u00a0Kyrylo Boudanov est un militaire de carri\u00e8re connu pour ses audacieuses op\u00e9rations contre la Russie et honni par Moscou, qui le qualifie de \u00ab\u00a0terroriste\u00a0\u00bb.<\/p>\n<p class=\"a-read-more\">\u00c0 lire aussi<a href=\"https:\/\/www.france24.com\/fr\/europe\/20260102-kapoustine-vivant-neonazi-russe-anti-poutine-boudanov-espion-zelensky\" target=\"_self\" class=\"a-read-more__link\" rel=\"noopener\">Op\u00e9ration Kapoustine\u00a0: quand le ma\u00eetre espion ukrainien Boudanov trolle Poutine<\/a><\/p>\n<p>Volodymyr Zelensky a aussi annonc\u00e9 son intention de remplacer l&rsquo;actuel ministre de la D\u00e9fense, Denys Chmyhal, nomm\u00e9 il y a moins d&rsquo;un an, en juillet 2025, par le ministre de la Transformation digitale, Mykha\u00eflo Fedorov, un nouveau venu en politique \u00e2g\u00e9 de seulement 34 ans. Le pr\u00e9sident ukrainien n&rsquo;a pas expliqu\u00e9 sa d\u00e9cision, indiquant simplement que \u00ab\u00a0Mykha\u00eflo est tr\u00e8s impliqu\u00e9 dans les questions relatives aux drones et travaille tr\u00e8s efficacement\u00a0\u00bb dans son minist\u00e8re.<\/p>\n<p>Les premiers jours de 2026\u00a0ont \u00e9t\u00e9 marqu\u00e9s par des bombardements ukrainiens et russes. Jeudi, la Russie a accus\u00e9 l&rsquo;arm\u00e9e ukrainienne <a href=\"https:\/\/www.france24.com\/fr\/europe\/20260101-ukraine-en-direct-en-2026-zelensky-souhaite-la-fin-de-la-guerre-mais-pas-\u00e0-n-importe-quel-prix\" target=\"_self\" rel=\"noopener\">d&rsquo;avoir men\u00e9 pendant la nuit du Nouvel An une attaque de drones en territoire occup\u00e9 dans la r\u00e9gion m\u00e9ridionale de Kherson<\/a>, tuant 28 civils, dont deux enfants, dans un caf\u00e9 et un h\u00f4tel. Kiev a assur\u00e9 de son c\u00f4t\u00e9 avoir vis\u00e9 un rassemblement militaire.<\/p>\n<p><img decoding=\"async\" fetchpriority=\"low\" src=\"https:\/\/www.europesays.com\/fr\/wp-content\/uploads\/2026\/01\/436b4710671fe8038af6e8edd17a7db9d85ea779.jpg\"   alt=\"Des immeubles r\u00e9sidentiels d\u00e9truits par une frappe russe \u00e0 Kharkiv, le 2 janvier 2026.\" loading=\"lazy\" class=\"a-img \"\/><\/p>\n<p>                Des immeubles r\u00e9sidentiels d\u00e9truits par une frappe russe \u00e0 Kharkiv, le 2 janvier 2026.                \u00a9 Sergey Bobok, AFP            <\/p>\n<p>Vendredi, la Russie a elle frapp\u00e9 le centre-ville de Kharkiv, la deuxi\u00e8me cit\u00e9 d&rsquo;Ukraine, tuant un enfant de trois ans et faisant 19 bless\u00e9s, selon les autorit\u00e9s locales. Un journaliste de l&rsquo;AFP \u00e0 <a href=\"https:\/\/www.france24.com\/fr\/tag\/kharkiv\/\" target=\"_self\" class=\"gtm-add-suggested-tag\" rel=\"noopener\">Kharkiv<\/a> a pu voir sur place une rue recouverte de d\u00e9bris et de gravats d&rsquo;o\u00f9 s&rsquo;\u00e9chappent encore des flammes, et des immeubles aux vitres enti\u00e8rement souffl\u00e9es.<\/p>\n<p>Le minist\u00e8re russe de la D\u00e9fense a d\u00e9menti, assurant n&rsquo;avoir \u00ab\u00a0ni planifi\u00e9, ni effectu\u00e9 de frappes avec des missiles ou des moyens de destruction a\u00e9riens dans les limites de la ville\u00a0\u00bb de Kharkiv. Selon Volodymyr Zelensky, la r\u00e9union de samedi avec Europ\u00e9ens et Am\u00e9ricains vise notamment \u00e0 discuter des \u00ab\u00a0garanties de s\u00e9curit\u00e9\u00a0\u00bb que peuvent apporter \u00e0 l&rsquo;Ukraine ses alli\u00e9s. Un sommet avec des dirigeants occidentaux est par ailleurs pr\u00e9vu mardi en France.<\/p>\n<p>Avec AFP<\/p>\n","protected":false},"excerpt":{"rendered":"Au cours de l&rsquo;ann\u00e9e 2025, l&rsquo;arm\u00e9e russe a r\u00e9alis\u00e9 en Ukraine sa plus forte progression sur le front&hellip;\n","protected":false},"author":2,"featured_media":641556,"comment_status":"","ping_status":"","sticky":false,"template":"","format":"standard","meta":{"footnotes":""},"categories":[1590],"tags":[11,1777,674,1146,12,132,220,135,134],"class_list":{"0":"post-641555","1":"post","2":"type-post","3":"status-publish","4":"format-standard","5":"has-post-thumbnail","7":"category-ukraine","8":"tag-actualites","9":"tag-eu","10":"tag-europe","11":"tag-guerre","12":"tag-news","13":"tag-russie","14":"tag-ukraine","15":"tag-vladimir-poutine","16":"tag-volodymyr-zelensky"},"share_on_mastodon":{"url":"https:\/\/pubeurope.com\/@fr\/115840077457141674","error":""},"_links":{"self":[{"href":"https:\/\/www.europesays.com\/fr\/wp-json\/wp\/v2\/posts\/641555","targetHints":{"allow":["GET"]}}],"collection":[{"href":"https:\/\/www.europesays.com\/fr\/wp-json\/wp\/v2\/posts"}],"about":[{"href":"https:\/\/www.europesays.com\/fr\/wp-json\/wp\/v2\/types\/post"}],"author":[{"embeddable":true,"href":"https:\/\/www.europesays.com\/fr\/wp-json\/wp\/v2\/users\/2"}],"replies":[{"embeddable":true,"href":"https:\/\/www.europesays.com\/fr\/wp-json\/wp\/v2\/comments?post=641555"}],"version-history":[{"count":0,"href":"https:\/\/www.europesays.com\/fr\/wp-json\/wp\/v2\/posts\/641555\/revisions"}],"wp:featuredmedia":[{"embeddable":true,"href":"https:\/\/www.europesays.com\/fr\/wp-json\/wp\/v2\/media\/641556"}],"wp:attachment":[{"href":"https:\/\/www.europesays.com\/fr\/wp-json\/wp\/v2\/media?parent=641555"}],"wp:term":[{"taxonomy":"category","embeddable":true,"href":"https:\/\/www.europesays.com\/fr\/wp-json\/wp\/v2\/categories?post=641555"},{"taxonomy":"post_tag","embeddable":true,"href":"https:\/\/www.europesays.com\/fr\/wp-json\/wp\/v2\/tags?post=641555"}],"curies":[{"name":"wp","href":"https:\/\/api.w.org\/{rel}","templated":true}]}}