{"id":641557,"date":"2026-01-05T02:14:16","date_gmt":"2026-01-05T02:14:16","guid":{"rendered":"https:\/\/www.europesays.com\/fr\/641557\/"},"modified":"2026-01-05T02:14:16","modified_gmt":"2026-01-05T02:14:16","slug":"conflit-usa-venezuela-larrestation-de-maduro-mon-plus-beau-cadeau-de-noel-sexprime-le-mouscronnois-osvaldo-parise-originaire-du-venezuela","status":"publish","type":"post","link":"https:\/\/www.europesays.com\/fr\/641557\/","title":{"rendered":"Conflit USA-Venezuela\u00a0: \u00ab\u00a0L&rsquo;arrestation de Maduro, mon plus beau cadeau de No\u00ebl\u00a0\u00bb, s&rsquo;exprime le Mouscronnois Osvaldo Parise, originaire du Venezuela"},"content":{"rendered":"<p class=\"ap-StoryElement ap-StoryElement--mb ap-StoryText\">\u00ab\u00a0Lors des \u00e9lections \u00e0 cette \u00e9poque, j&rsquo;avais dit \u00e0 ma femme Maria que je quittais le Venezuela si Hugo Chavez gagnait, se rappelle-t-il. Je savais ce qui allait se passer, avec un basculement vers une dictature communiste\u2026 Je savais que la libert\u00e9 d&rsquo;expression n&rsquo;allait plus vraiment exister, et en tant qu&rsquo;artiste, je ne pouvais l&rsquo;accepter ! Je me devais aussi de mettre en s\u00e9curit\u00e9 ma famille, et de lui permettre d&rsquo;envisager un avenir plus s\u00fbr et serein ! Et puis, Nicol\u00e1s Maduro a pris la rel\u00e8ve, avec toujours plus de restrictions des libert\u00e9s et des droits de l&rsquo;homme, mais aussi de la corruption. Lui, s&rsquo;est enrichi alors que la population s&rsquo;est encore davantage appauvrie !\u00a0\u00bb<\/p>\n<p>\u00ab\u00a0J&rsquo;ai confiance en Donald Trump\u00a0\u00bb<\/p>\n<p class=\"ap-StoryElement ap-StoryElement--mb ap-StoryText\">Si l&rsquo;op\u00e9ration militaire des \u00c9tats-Unis est loin de faire l&rsquo;unanimit\u00e9, Osvaldo Paris se veut confiant en l&rsquo;action de Donald Trump. \u00ab\u00a0Comme Maduro avait le pouvoir et l&rsquo;argent, il pensait qu&rsquo;il pouvait faire tout ce qu&rsquo;il voulait\u2026 s&rsquo;exprime l&rsquo;artiste mouscronnois. Les \u00c9tats-Unis lui ont fait comprendre que des lois internationales ne permettent pas tout ! Que Donald Trump d\u00e9cide de prendre la main, le temps que le pays retrouve le calme et la stabilit\u00e9, est une strat\u00e9gie qui permet de limiter le risque de guerre civile. Il a promis, ensuite \u2013 et je lui fais confiance \u2013 d&rsquo;organiser de nouvelles \u00e9lections pr\u00e9sidentielles, et nous verrons \u00e0 ce moment-l\u00e0 \u00e0 qui la population souhaite confier la gestion du pays. Et par rapport aux richesses du pays, le p\u00e9trole et les minerais, bien \u00e9videmment, les USA seront int\u00e9ress\u00e9s par leur part du g\u00e2teau, mais pour le reste, les V\u00e9n\u00e9zu\u00e9liens et V\u00e9n\u00e9zu\u00e9liennes pourront aussi, enfin, en profiter et ainsi sortir de la mis\u00e8re !\u00a0\u00bb<\/p>\n<p class=\"ap-StoryElement ap-StoryElement--mb ap-StoryText\">Avec les \u00e9v\u00e9nements des derniers jours, Osvaldo Parise entrevoit enfin, apr\u00e8s plus de vingt-cinq ans d&rsquo;exil, la possibilit\u00e9 de refouler \u00e0 nouveau le sol v\u00e9n\u00e9zu\u00e9lien, et d&rsquo;y retrouver sa m\u00e8re\u2026<\/p>\n","protected":false},"excerpt":{"rendered":"\u00ab\u00a0Lors des \u00e9lections \u00e0 cette \u00e9poque, j&rsquo;avais dit \u00e0 ma femme Maria que je quittais le Venezuela si&hellip;\n","protected":false},"author":2,"featured_media":641558,"comment_status":"","ping_status":"","sticky":false,"template":"","format":"standard","meta":{"footnotes":""},"categories":[1589],"tags":[11,73,1866,23653,12,1864,1865,1863,308],"class_list":{"0":"post-641557","1":"post","2":"type-post","3":"status-publish","4":"format-standard","5":"has-post-thumbnail","7":"category-etats-unis","8":"tag-actualites","9":"tag-etats-unis","10":"tag-etats-unis-damerique","11":"tag-mouscron","12":"tag-news","13":"tag-united-states","14":"tag-united-states-of-america","15":"tag-us","16":"tag-usa"},"share_on_mastodon":{"url":"https:\/\/pubeurope.com\/@fr\/115840081237954489","error":""},"_links":{"self":[{"href":"https:\/\/www.europesays.com\/fr\/wp-json\/wp\/v2\/posts\/641557","targetHints":{"allow":["GET"]}}],"collection":[{"href":"https:\/\/www.europesays.com\/fr\/wp-json\/wp\/v2\/posts"}],"about":[{"href":"https:\/\/www.europesays.com\/fr\/wp-json\/wp\/v2\/types\/post"}],"author":[{"embeddable":true,"href":"https:\/\/www.europesays.com\/fr\/wp-json\/wp\/v2\/users\/2"}],"replies":[{"embeddable":true,"href":"https:\/\/www.europesays.com\/fr\/wp-json\/wp\/v2\/comments?post=641557"}],"version-history":[{"count":0,"href":"https:\/\/www.europesays.com\/fr\/wp-json\/wp\/v2\/posts\/641557\/revisions"}],"wp:featuredmedia":[{"embeddable":true,"href":"https:\/\/www.europesays.com\/fr\/wp-json\/wp\/v2\/media\/641558"}],"wp:attachment":[{"href":"https:\/\/www.europesays.com\/fr\/wp-json\/wp\/v2\/media?parent=641557"}],"wp:term":[{"taxonomy":"category","embeddable":true,"href":"https:\/\/www.europesays.com\/fr\/wp-json\/wp\/v2\/categories?post=641557"},{"taxonomy":"post_tag","embeddable":true,"href":"https:\/\/www.europesays.com\/fr\/wp-json\/wp\/v2\/tags?post=641557"}],"curies":[{"name":"wp","href":"https:\/\/api.w.org\/{rel}","templated":true}]}}