{"id":641564,"date":"2026-01-05T02:18:20","date_gmt":"2026-01-05T02:18:20","guid":{"rendered":"https:\/\/www.europesays.com\/fr\/641564\/"},"modified":"2026-01-05T02:18:20","modified_gmt":"2026-01-05T02:18:20","slug":"walid-regragui-a-eu-peur-contre-la-tanzanie-can-2025-8es-maroc-tanzanie-1-0","status":"publish","type":"post","link":"https:\/\/www.europesays.com\/fr\/641564\/","title":{"rendered":"Walid Regragui a eu peur contre la Tanzanie &#8211; CAN 2025 &#8211; 8es &#8211; Maroc-Tanzanie (1-0)"},"content":{"rendered":"<p>Avertissement sans frais.<\/p>\n<p>Pas totalement dans son assiette, <strong>le Maroc a assur\u00e9 l\u2019essentiel face \u00e0 la Tanzanie<\/strong> <a target=\"_blank\" href=\"https:\/\/www.sofoot.com\/breves\/coupe-dafrique-des-nations-le-maroc-elimine-la-tanzanie-et-passe-en-quarts-de-finale-grace-a-brahim-diaz\" rel=\"noopener\">en se qualifiant pour les quarts de finale de la CAN<\/a>, disput\u00e9e \u00e0 domicile. \u00ab\u202f\u00c7a a \u00e9t\u00e9 un match difficile, on n\u2019a pas \u00e9t\u00e9 \u00e0 notre niveau. Surtout en premi\u00e8re p\u00e9riode, a reconnu apr\u00e8s coup le s\u00e9lectionneur Walid Regragui. On a perdu 45 minutes, avec beaucoup de d\u00e9chet technique, de stress. On n\u2019est pas entr\u00e9s dans le match, on aurait pu se faire surprendre.\u202f\u00bb<\/p>\n<p>Heureusement pour les Lions de l\u2019Atlas, ils n\u2019ont jamais c\u00e9d\u00e9. <strong>Avant de finalement faire la diff\u00e9rence \u00e0 l\u2019heure de jeu<\/strong>. \u00ab\u202fApr\u00e8s on a acc\u00e9l\u00e9r\u00e9, on a eu beaucoup de situations, on tape la barre, on a des situations avec Ayoub (El Kaabi, NDLR), mais on ne marque pas, on commence \u00e0 douter, a poursuivi Regragui. On a marqu\u00e9 au meilleur des moments. Mais c\u2019est bien, c\u2019est un bon match pour nous faire entrer dans les matchs \u00e0 \u00e9limination directe.\u202f\u00bb<\/p>\n<p>Une exp\u00e9rience \u00e0 ne pas reproduire face au Mali.<\/p>\n<p>\t\t\t\t\t\t\t\t\t\t<a class=\"lien-connexe\" href=\"https:\/\/www.sofoot.com\/breves\/maroc-azzedine-ounahi-forfait-pour-le-reste-de-la-can\" target=\"_blank\" rel=\"noopener\">Azzedine Ounahi forfait pour le reste de la CAN\u202f?<\/a>\t\t\t\t\t<\/p>\n","protected":false},"excerpt":{"rendered":"Avertissement sans frais. Pas totalement dans son assiette, le Maroc a assur\u00e9 l\u2019essentiel face \u00e0 la Tanzanie en&hellip;\n","protected":false},"author":2,"featured_media":641565,"comment_status":"","ping_status":"","sticky":false,"template":"","format":"standard","meta":{"footnotes":""},"categories":[1586],"tags":[47,11,61,69,65,64,1777,674,1779,63,1011,27,68,66,12,62,70,25,67,1778,364],"class_list":{"0":"post-641564","1":"post","2":"type-post","3":"status-publish","4":"format-standard","5":"has-post-thumbnail","7":"category-europe","8":"tag-actualite","9":"tag-actualites","10":"tag-actus-football","11":"tag-bundesliga","12":"tag-championnats-europeens","13":"tag-equipe-de-france","14":"tag-eu","15":"tag-europe","16":"tag-european-union","17":"tag-football","18":"tag-fr","19":"tag-france","20":"tag-ligua","21":"tag-ligue-1","22":"tag-news","23":"tag-news-foot","24":"tag-premier-league","25":"tag-republique-francaise","26":"tag-serie-a","27":"tag-ue","28":"tag-union-europeenne"},"share_on_mastodon":{"url":"https:\/\/pubeurope.com\/@fr\/115840097154947386","error":""},"_links":{"self":[{"href":"https:\/\/www.europesays.com\/fr\/wp-json\/wp\/v2\/posts\/641564","targetHints":{"allow":["GET"]}}],"collection":[{"href":"https:\/\/www.europesays.com\/fr\/wp-json\/wp\/v2\/posts"}],"about":[{"href":"https:\/\/www.europesays.com\/fr\/wp-json\/wp\/v2\/types\/post"}],"author":[{"embeddable":true,"href":"https:\/\/www.europesays.com\/fr\/wp-json\/wp\/v2\/users\/2"}],"replies":[{"embeddable":true,"href":"https:\/\/www.europesays.com\/fr\/wp-json\/wp\/v2\/comments?post=641564"}],"version-history":[{"count":0,"href":"https:\/\/www.europesays.com\/fr\/wp-json\/wp\/v2\/posts\/641564\/revisions"}],"wp:featuredmedia":[{"embeddable":true,"href":"https:\/\/www.europesays.com\/fr\/wp-json\/wp\/v2\/media\/641565"}],"wp:attachment":[{"href":"https:\/\/www.europesays.com\/fr\/wp-json\/wp\/v2\/media?parent=641564"}],"wp:term":[{"taxonomy":"category","embeddable":true,"href":"https:\/\/www.europesays.com\/fr\/wp-json\/wp\/v2\/categories?post=641564"},{"taxonomy":"post_tag","embeddable":true,"href":"https:\/\/www.europesays.com\/fr\/wp-json\/wp\/v2\/tags?post=641564"}],"curies":[{"name":"wp","href":"https:\/\/api.w.org\/{rel}","templated":true}]}}