{"id":641568,"date":"2026-01-05T02:20:15","date_gmt":"2026-01-05T02:20:15","guid":{"rendered":"https:\/\/www.europesays.com\/fr\/641568\/"},"modified":"2026-01-05T02:20:15","modified_gmt":"2026-01-05T02:20:15","slug":"angelus-leon-xiv-appelle-a-reconnaitre-en-toute-personne-sa-dignite-inviolable","status":"publish","type":"post","link":"https:\/\/www.europesays.com\/fr\/641568\/","title":{"rendered":"Ang\u00e9lus: L\u00e9on XIV appelle \u00e0 reconna\u00eetre en toute personne sa dignit\u00e9 inviolable"},"content":{"rendered":"<p>\u00abLe Verbe s\u2019est fait chair, il a habit\u00e9 parmi nous\u00bb (Jn 1, 14). Si la venue de J\u00e9sus \u00abdans la faiblesse de la chair humaine\u00bb, d&rsquo;une part \u00abravive en nous l&rsquo;esp\u00e9rance, elle nous confie\u00bb d&rsquo;autre part \u00abun double engagement, l&rsquo;un envers Dieu et l&rsquo;autre envers l&rsquo;homme\u00bb, a affirm\u00e9 le Pape qui a port\u00e9 une r\u00e9flexion, lors de la pri\u00e8re de l\u2019ang\u00e9lus place Saint-Pierre, sur le myst\u00e8re de la Nativit\u00e9 qui rappelle que \u00able fondement de notre esp\u00e9rance est l&rsquo;incarnation de Dieu\u00bb.<\/p>\n<p><b>Myriam Sandouno \u2013 Cit\u00e9 du Vatican<\/b><\/p>\n<p>En ce deuxi\u00e8me dimanche apr\u00e8s la Nativit\u00e9 du Seigneur, sur la place vaticane o\u00f9 se rassemblent chaque dimanche de nombreux fid\u00e8les et p\u00e8lerins, le Pape est revenu dans son exhortation sur le Prologue de Jean, que la liturgie propose ce 4 janvier: \u00abLe Verbe s\u2019est fait chair, il a habit\u00e9 parmi nous\u00bb.<\/p>\n<p><b>L&rsquo;esp\u00e9rance chr\u00e9tienne<\/b> <\/p>\n<p>Depuis la fen\u00eatre des appartements pontificaux d\u2019o\u00f9 il s\u2019exprimait, \u00e0 l\u2019approche de la cl\u00f4ture du Jubil\u00e9, L\u00e9on XIV a tout d\u2019abord soulign\u00e9 que l&rsquo;esp\u00e9rance chr\u00e9tienne, \u00abne repose pas sur des pr\u00e9visions optimistes ou des calculs humains\u00bb, mais sur \u00able choix de Dieu de partager notre chemin\u00bb, afin \u00abque nous ne soyons jamais seuls dans la travers\u00e9e de la vie. Telle est l&rsquo;\u0153uvre de Dieu: en J\u00e9sus, il est devenu l&rsquo;un de nous, il a choisi d&rsquo;\u00eatre avec nous, il a voulu \u00eatre pour toujours Dieu-avec-nous\u00bb.<\/p>\n<p>Le myst\u00e8re de la Nativit\u00e9 rappelle en effet que \u00able fondement de notre esp\u00e9rance est l&rsquo;incarnation de Dieu\u00bb, a-t-il ajout\u00e9.\u00a0J\u00e9sus est venu dans la faiblesse de la chair humaine pour \u00abraviver en nous l&rsquo;esp\u00e9rance\u00bb, mais sa venue\u00a0\u00abnous confie d&rsquo;autre part un double engagement, l&rsquo;un envers Dieu et l&rsquo;autre envers l&rsquo;homme\u00bb,\u00a0a expliqu\u00e9 l\u2019\u00e9v\u00eaque de Rome.<\/p>\n<p><b>Une spiritualit\u00e9 incarn\u00e9e\u00a0 \u00a0\u00a0<\/b> <\/p>\n<p>Premi\u00e8rement, \u00abIl s&rsquo;est fait chair et a choisi notre fragilit\u00e9 humaine comme demeure\u00bb, alors, a rappel\u00e9 L\u00e9on XIV, \u00abnous sommes toujours appel\u00e9s \u00e0 repenser Dieu \u00e0 partir de la chair de J\u00e9sus et non \u00e0 partir d&rsquo;une doctrine abstraite\u00bb. Le Pape a encourag\u00e9 \u00e0 \u00abtoujours v\u00e9rifier notre spiritualit\u00e9 et les mani\u00e8res d\u2019exprimer notre foi, afin qu&rsquo;elles soient vraiment incarn\u00e9es\u00bb, c&rsquo;est-\u00e0-dire \u00abcapables de penser, de prier et d&rsquo;annoncer le Dieu qui vient \u00e0 notre rencontre en J\u00e9sus: non pas un Dieu lointain qui habite un ciel parfait au-dessus de nous\u00bb, mais \u00abun Dieu proche qui habite notre terre fragile, se rend pr\u00e9sent dans le visage de nos fr\u00e8res, et qui se r\u00e9v\u00e8le dans les situations quotidiennes\u00bb.<\/p>\n<p>    <img decoding=\"async\" src=\"data:image\/gif;base64,R0lGODlhAQABAIAAAAAAAP\/\/\/yH5BAEAAAAALAAAAAABAAEAAAIBRAA7\" data-original=\"https:\/\/www.vaticannews.va\/content\/dam\/vaticannews\/agenzie\/images\/ansa\/2026\/01\/04\/13\/1767529348626.jpg\/_jcr_content\/renditions\/cq5dam.thumbnail.cropped.750.422.jpeg\" alt=\"Des fid\u00e8les rassembl\u00e9s sur la place Saint-Pierre pour la pri\u00e8re mariale de l'Ang\u00e9lus\" title=\"Des fid\u00e8les rassembl\u00e9s sur la place Saint-Pierre pour la pri\u00e8re mariale de l'Ang\u00e9lus\"\/><\/p>\n<p>\n   Des fid\u00e8les rassembl\u00e9s sur la place Saint-Pierre pour la pri\u00e8re mariale de l&rsquo;Ang\u00e9lus \u00a0 (ANSA)\n  <\/p>\n<p><b>La coh\u00e9rence dans l&rsquo;engagement<\/b> <\/p>\n<p>Deuxi\u00e8mement, a continu\u00e9 le Pape, \u00abenvers l&rsquo;homme, notre engagement doit \u00eatre tout aussi coh\u00e9rent. Si Dieu est devenu l&rsquo;un de nous, chaque cr\u00e9ature humaine est son reflet, porte en elle son image, garde une \u00e9tincelle de sa lumi\u00e8re\u00bb. Et cela \u00abnous appelle \u00e0 reconna\u00eetre en toute personne sa dignit\u00e9 inviolable et \u00e0 nous exercer \u00e0 l&rsquo;amour mutuel les uns envers les autres\u00bb.<\/p>\n<p><b>Fraternit\u00e9, communion et solidarit\u00e9<\/b> <\/p>\n<p>Poursuivant, le Souverain pontife a aussi pr\u00e9cis\u00e9 que \u00abl&rsquo;incarnation nous demande \u00e9galement un engagement concret pour la promotion de la fraternit\u00e9 et de la communion\u00bb, afin \u00abque la solidarit\u00e9 devienne le crit\u00e8re des relations humaines, pour la justice et la paix, pour le soin des plus fragiles et la d\u00e9fense des faibles\u00bb. Puis d\u2019ajouter: \u00abDieu s&rsquo;est fait chair, c&rsquo;est pourquoi il n&rsquo;y a pas de culte authentique envers Dieu sans attention \u00e0 la chair humaine\u00bb.<\/p>\n<\/p>\n<p>\n   Ang\u00e9lus du 04 janvier 2026 du Pape L\u00e9on XIV\n  <\/p>\n","protected":false},"excerpt":{"rendered":"\u00abLe Verbe s\u2019est fait chair, il a habit\u00e9 parmi nous\u00bb (Jn 1, 14). Si la venue de J\u00e9sus&hellip;\n","protected":false},"author":2,"featured_media":641569,"comment_status":"","ping_status":"","sticky":false,"template":"","format":"standard","meta":{"footnotes":""},"categories":[2],"tags":[11,4694,28722,1011,27,12,25],"class_list":{"0":"post-641568","1":"post","2":"type-post","3":"status-publish","4":"format-standard","5":"has-post-thumbnail","7":"category-actualites","8":"tag-actualites","9":"tag-angelus","10":"tag-esperance","11":"tag-fr","12":"tag-france","13":"tag-news","14":"tag-republique-francaise"},"share_on_mastodon":{"url":"https:\/\/pubeurope.com\/@fr\/115840104901541067","error":""},"_links":{"self":[{"href":"https:\/\/www.europesays.com\/fr\/wp-json\/wp\/v2\/posts\/641568","targetHints":{"allow":["GET"]}}],"collection":[{"href":"https:\/\/www.europesays.com\/fr\/wp-json\/wp\/v2\/posts"}],"about":[{"href":"https:\/\/www.europesays.com\/fr\/wp-json\/wp\/v2\/types\/post"}],"author":[{"embeddable":true,"href":"https:\/\/www.europesays.com\/fr\/wp-json\/wp\/v2\/users\/2"}],"replies":[{"embeddable":true,"href":"https:\/\/www.europesays.com\/fr\/wp-json\/wp\/v2\/comments?post=641568"}],"version-history":[{"count":0,"href":"https:\/\/www.europesays.com\/fr\/wp-json\/wp\/v2\/posts\/641568\/revisions"}],"wp:featuredmedia":[{"embeddable":true,"href":"https:\/\/www.europesays.com\/fr\/wp-json\/wp\/v2\/media\/641569"}],"wp:attachment":[{"href":"https:\/\/www.europesays.com\/fr\/wp-json\/wp\/v2\/media?parent=641568"}],"wp:term":[{"taxonomy":"category","embeddable":true,"href":"https:\/\/www.europesays.com\/fr\/wp-json\/wp\/v2\/categories?post=641568"},{"taxonomy":"post_tag","embeddable":true,"href":"https:\/\/www.europesays.com\/fr\/wp-json\/wp\/v2\/tags?post=641568"}],"curies":[{"name":"wp","href":"https:\/\/api.w.org\/{rel}","templated":true}]}}