{"id":641578,"date":"2026-01-05T02:30:12","date_gmt":"2026-01-05T02:30:12","guid":{"rendered":"https:\/\/www.europesays.com\/fr\/641578\/"},"modified":"2026-01-05T02:30:12","modified_gmt":"2026-01-05T02:30:12","slug":"ca-chauffe-a-lom-de-zerbi-sen-prend-a-deux-joueurs","status":"publish","type":"post","link":"https:\/\/www.europesays.com\/fr\/641578\/","title":{"rendered":"\u00c7a chauffe \u00e0 l\u2019OM, De Zerbi s\u2019en prend \u00e0 deux joueurs"},"content":{"rendered":"<p><b>L&rsquo;OM s&rsquo;offre une crise d&rsquo;entr\u00e9e de jeu en 2026. La d\u00e9faite \u00e0 Nantes a d\u00e9bouch\u00e9 sur un r\u00e8glement de comptes sign\u00e9 Roberto De Zerbi \u00e0 l&rsquo;\u00e9gard de deux joueurs.\u00a0<\/b><\/p>\n<p>De retour de la Coupe d\u2019Afrique des Nations, Pierre-Emerick Aubameyang a \u00e9t\u00e9 imm\u00e9diatement titularis\u00e9 avec <a href=\"https:\/\/www.foot01.com\/marseille\" target=\"_self\" rel=\"noopener\">l&rsquo;OM<\/a> pour le match face \u00e0 Nantes de ce dimanche. Pas de coupure, pas de tr\u00eave, l\u2019attaquant gabonais n\u2019a pas exist\u00e9 physiquement et peut-\u00eatre mentalement contre les Canaris. Invit\u00e9 \u00e0 se justifier sur cette d\u00e9cision, et le fait que Robinio Vaz aurait pu b\u00e9n\u00e9ficier de cette situation pour se montrer,\u00a0 Roberto De Zerbi a mis les deux pieds dans le plat.\u00a0<\/p>\n<p>Niant tout lien avec le fait que Vaz, comme Bakola, avaient du mal \u00e0 trouver un accord pour prolonger avec l\u2019OM, l\u2019entraineur italien a tout simplement expliqu\u00e9 que les deux jeunes joueurs n\u2019avaient pas le niveau et l\u2019implication n\u00e9cessaires pour jouer pour Marseille \u00e0 l\u2019heure actuelle. Une vraie bombe dans le vestiaire de l&rsquo;OM. Surtout que De Zerbi assure que Bakola et Vaz ne sont pas les seuls concern\u00e9s par cette sortie muscl\u00e9e, mais ils sont n\u00e9anmoins les deux seuls \u00e0 \u00eatre cit\u00e9s\u2026<\/p>\n<p>Bakola et Vaz cibl\u00e9s par De Zerbi<\/p>\n<p>\u00ab\u00a0Si Bakola et Vaz ne jouent pas, c\u2019est que je consid\u00e8re qu\u2019ils ne sont pas en forme pour le faire. Cela n\u2019a rien \u00e0 voir avec les contrats ou les situations. Je sais qu\u2019il y a eu des propositions pour renouveler leur contrat, mais si selon moi ils sont en mesure de jouer, ils le font. Je fais les choses pour le bien de l\u2019OM, je ne vais pas les emp\u00eacher de jouer s\u2019ils ne renouvellent pas leur contrat. Mais ils doivent avoir faim, sinon ils ne jouent pas. Et ce ne sont pas les seuls concern\u00e9s, les cadres sont aussi dans ce cas. Quand je les ai lanc\u00e9s, ils le m\u00e9ritaient. Mais c\u2019est l\u00e0 qu\u2019ils doivent tout donner, ils ne peuvent pas penser \u00eatre d\u00e9j\u00e0 arriv\u00e9s\u00a0\u00bb, a demand\u00e9 le coach de l\u2019OM, qui a d\u00e9j\u00e0 par le pass\u00e9 fait des rappels \u00e0 des joueurs importants comme Mason Greenwood la saison pass\u00e9e.\u00a0<\/p>\n<p>L\u2019OM va devoir esp\u00e9rer que le message est pass\u00e9, car avec les \u00e9ch\u00e9ances \u00e0 venir, le club proven\u00e7al ne peut pas se permettre de mettre deux joueurs de c\u00f4t\u00e9 pour les prochains matchs.\u00a0<\/p>\n","protected":false},"excerpt":{"rendered":"L&rsquo;OM s&rsquo;offre une crise d&rsquo;entr\u00e9e de jeu en 2026. La d\u00e9faite \u00e0 Nantes a d\u00e9bouch\u00e9 sur un r\u00e8glement&hellip;\n","protected":false},"author":2,"featured_media":641579,"comment_status":"","ping_status":"","sticky":false,"template":"","format":"standard","meta":{"footnotes":""},"categories":[1410],"tags":[63,1011,27,66,149,60],"class_list":{"0":"post-641578","1":"post","2":"type-post","3":"status-publish","4":"format-standard","5":"has-post-thumbnail","7":"category-football","8":"tag-football","9":"tag-fr","10":"tag-france","11":"tag-ligue-1","12":"tag-om","13":"tag-sports"},"share_on_mastodon":{"url":"https:\/\/pubeurope.com\/@fr\/115840144293912723","error":""},"_links":{"self":[{"href":"https:\/\/www.europesays.com\/fr\/wp-json\/wp\/v2\/posts\/641578","targetHints":{"allow":["GET"]}}],"collection":[{"href":"https:\/\/www.europesays.com\/fr\/wp-json\/wp\/v2\/posts"}],"about":[{"href":"https:\/\/www.europesays.com\/fr\/wp-json\/wp\/v2\/types\/post"}],"author":[{"embeddable":true,"href":"https:\/\/www.europesays.com\/fr\/wp-json\/wp\/v2\/users\/2"}],"replies":[{"embeddable":true,"href":"https:\/\/www.europesays.com\/fr\/wp-json\/wp\/v2\/comments?post=641578"}],"version-history":[{"count":0,"href":"https:\/\/www.europesays.com\/fr\/wp-json\/wp\/v2\/posts\/641578\/revisions"}],"wp:featuredmedia":[{"embeddable":true,"href":"https:\/\/www.europesays.com\/fr\/wp-json\/wp\/v2\/media\/641579"}],"wp:attachment":[{"href":"https:\/\/www.europesays.com\/fr\/wp-json\/wp\/v2\/media?parent=641578"}],"wp:term":[{"taxonomy":"category","embeddable":true,"href":"https:\/\/www.europesays.com\/fr\/wp-json\/wp\/v2\/categories?post=641578"},{"taxonomy":"post_tag","embeddable":true,"href":"https:\/\/www.europesays.com\/fr\/wp-json\/wp\/v2\/tags?post=641578"}],"curies":[{"name":"wp","href":"https:\/\/api.w.org\/{rel}","templated":true}]}}